{"id":19288,"date":"2022-09-10T19:49:14","date_gmt":"2022-09-10T19:49:14","guid":{"rendered":"https:\/\/fpvoleibol.pt\/fpv\/?p=19288"},"modified":"2022-11-18T16:16:52","modified_gmt":"2022-11-18T16:16:52","slug":"pedrosa-campos-campeoes-mundiais-universitarios","status":"publish","type":"post","link":"https:\/\/fpvoleibol.pt\/fpv\/2022\/09\/10\/pedrosa-campos-campeoes-mundiais-universitarios\/","title":{"rendered":"PEDROSA\/CAMPOS: CAMPE\u00d5ES MUNDIAIS UNIVERSIT\u00c1RIOS!"},"content":{"rendered":"<p style=\"text-align: center;\"><strong><span style=\"font-size: 10pt;\"><img loading=\"lazy\" decoding=\"async\" class=\"size-full wp-image-19300 aligncenter\" src=\"https:\/\/fpvoleibol.pt\/fpv\/wp-content\/uploads\/2022\/09\/pedrosacampos_leonel_d_fadu.jpg\" alt=\"\" width=\"1000\" height=\"667\" srcset=\"https:\/\/fpvoleibol.pt\/fpv\/wp-content\/uploads\/2022\/09\/pedrosacampos_leonel_d_fadu.jpg 1000w, https:\/\/fpvoleibol.pt\/fpv\/wp-content\/uploads\/2022\/09\/pedrosacampos_leonel_d_fadu-300x200.jpg 300w, https:\/\/fpvoleibol.pt\/fpv\/wp-content\/uploads\/2022\/09\/pedrosacampos_leonel_d_fadu-768x512.jpg 768w\" sizes=\"auto, (max-width: 1000px) 100vw, 1000px\" \/>Imagem: <a href=\"https:\/\/www.facebook.com\/faduportugal\">FADU Portugal<\/a><\/span><\/strong><\/p>\n<p style=\"text-align: left;\">A dupla portuguesa <strong>Jo\u00e3o Pedrosa\/Hugo Campos<\/strong> sagrou-se campe\u00e3 mundial universit\u00e1ria ao vencer, por 2-1 (21-17, 16-21 e 15-13), a dupla su\u00ed\u00e7a Zurcher\/Jordan na Final dos <span style=\"text-decoration: underline;\">Mundiais Universit\u00e1rios de Voleibol de Praia (<em>World University Championship Beach Volleyball<\/em>)<\/span> disputados em Macei\u00f3, no Estado de Alagoas, Brasil.<\/p>\n<p style=\"text-align: left;\">Com este resultado, Pedrosa e Campos conseguem a melhor classifica\u00e7\u00e3o de sempre de uma dupla portuguesa no Campeonato do Mundo Universit\u00e1rio, superando o <strong>\u00a05.\u00ba lugar<\/strong> alcan\u00e7ado em 2014, no Porto, por <span style=\"text-decoration: underline;\">Rosa Couto\/Marta Hurst<\/span>.<br \/>\nEm 2013, Juliana Antunes Rosas e T\u00e2nia Oliveira venceram, no Porto, o\u00a0Europeu Universit\u00e1rio.<\/p>\n<p><strong>Guilherme Maia e Filipe Leite<\/strong>\u00a0terminaram a competi\u00e7\u00e3o no 13.\u00ba lugar, <strong>In\u00eas Vasco<\/strong> e<strong> Matilde Mouta<\/strong> ficaram no 23.\u00ba posto e a dupla <strong>Beatriz Pinheiro\/In\u00eas Castro<\/strong> foi 25.\u00ba classificada.<\/p>\n<p><strong>Jo\u00e3o Nuno Pedrosa<\/strong> est\u00e1 a tirar o mestrado em Informa\u00e7\u00e3o Empresarial no Instituto Superior de Contabilidade e Administra\u00e7\u00e3o do Porto do Instituto Polit\u00e9cnico do Porto, e <strong>Hugo Campos<\/strong> a licenciatura em Engenharia Qu\u00edmica na Universidade do Porto.<br \/>\n<strong>Jo\u00e3o Pedrosa\/Hugo Campos e Beatriz Pinheiro\/In\u00eas Castro<\/strong> s\u00e3o duplas apoiadas pela FPV.<\/p>\n<p>Portugal esteve representado nos Campeonatos do Mundo Universit\u00e1rios por quatro duplas: <strong>Jo\u00e3o Pedrosa\/Hugo Campos, <\/strong><strong>Guilherme Maia\/Filipe Leite<\/strong>, <strong>Matilde Mouta\/<\/strong><strong>In\u00eas Vasco<\/strong> e <strong>Beatriz Pinheiro\/<\/strong><strong>In\u00eas Castro<\/strong>, que s\u00e3o acompanhadas pelos treinadores <span style=\"text-decoration: underline;\">Leonel Gomes<\/span> (masculinos) e <span style=\"text-decoration: underline;\">Ricardo Rocha<\/span> (femininos).<\/p>\n<p style=\"text-align: center;\"><img loading=\"lazy\" decoding=\"async\" class=\"alignnone size-full wp-image-19126\" src=\"https:\/\/fpvoleibol.pt\/fpv\/wp-content\/uploads\/2022\/09\/fadu_mundial_univers_tod.jpg\" alt=\"\" width=\"1000\" height=\"594\" srcset=\"https:\/\/fpvoleibol.pt\/fpv\/wp-content\/uploads\/2022\/09\/fadu_mundial_univers_tod.jpg 1000w, https:\/\/fpvoleibol.pt\/fpv\/wp-content\/uploads\/2022\/09\/fadu_mundial_univers_tod-300x178.jpg 300w, https:\/\/fpvoleibol.pt\/fpv\/wp-content\/uploads\/2022\/09\/fadu_mundial_univers_tod-768x456.jpg 768w\" sizes=\"auto, (max-width: 1000px) 100vw, 1000px\" \/><br \/>\n<span style=\"font-size: 8pt;\"><strong>Guilherme Maia e Filipe Leite<\/strong>\u00a0terminaram a competi\u00e7\u00e3o no 13.\u00ba lugar, <strong>In\u00eas Vasco<\/strong> e<strong> Matilde Mouta<\/strong> ficaram no 23.\u00ba posto e a dupla <strong>Beatriz Pinheiro\/In\u00eas Castro<\/strong> foi 25.\u00ba classificada.<\/span><\/p>\n<p style=\"text-align: center;\"><img loading=\"lazy\" decoding=\"async\" class=\"size-full wp-image-19010 aligncenter\" src=\"https:\/\/fpvoleibol.pt\/fpv\/wp-content\/uploads\/2022\/09\/snunivers2022.jpg\" alt=\"\" width=\"960\" height=\"647\" srcset=\"https:\/\/fpvoleibol.pt\/fpv\/wp-content\/uploads\/2022\/09\/snunivers2022.jpg 960w, https:\/\/fpvoleibol.pt\/fpv\/wp-content\/uploads\/2022\/09\/snunivers2022-300x202.jpg 300w, https:\/\/fpvoleibol.pt\/fpv\/wp-content\/uploads\/2022\/09\/snunivers2022-768x518.jpg 768w\" sizes=\"auto, (max-width: 960px) 100vw, 960px\" \/><strong><span style=\"font-size: 10pt;\">Mais informa\u00e7\u00f5es dispon\u00edveis em<\/span> <\/strong><a href=\"https:\/\/www.fadu.pt\/\">FADU<\/a>\u00a0<strong><span style=\"font-size: 10pt;\"> e<\/span><\/strong>\u00a0 <a href=\"https:\/\/www.fisu.net\/sport-events\/beach-volleyball\/beach-volleyball-2022\">AQUI<\/a><\/p>\n","protected":false},"excerpt":{"rendered":"<p>Imagem: FADU Portugal A dupla portuguesa Jo\u00e3o Pedrosa\/Hugo Campos sagrou-se campe\u00e3 mundial universit\u00e1ria ao vencer, por 2-1 (21-17, 16-21 e 15-13), a dupla su\u00ed\u00e7a Zurcher\/Jordan na Final dos Mundiais Universit\u00e1rios [&hellip;]<\/p>\n","protected":false},"author":2,"featured_media":19290,"comment_status":"open","ping_status":"open","sticky":false,"template":"","format":"standard","meta":{"_monsterinsights_skip_tracking":false,"_monsterinsights_sitenote_active":false,"_monsterinsights_sitenote_note":"","_monsterinsights_sitenote_category":0,"footnotes":""},"categories":[9],"tags":[],"class_list":{"0":"post-19288","1":"post","2":"type-post","3":"status-publish","4":"format-standard","5":"has-post-thumbnail","7":"category-voleibol-de-praia","8":"czr-hentry"},"aioseo_notices":[],"_links":{"self":[{"href":"https:\/\/fpvoleibol.pt\/fpv\/wp-json\/wp\/v2\/posts\/19288","targetHints":{"allow":["GET"]}}],"collection":[{"href":"https:\/\/fpvoleibol.pt\/fpv\/wp-json\/wp\/v2\/posts"}],"about":[{"href":"https:\/\/fpvoleibol.pt\/fpv\/wp-json\/wp\/v2\/types\/post"}],"author":[{"embeddable":true,"href":"https:\/\/fpvoleibol.pt\/fpv\/wp-json\/wp\/v2\/users\/2"}],"replies":[{"embeddable":true,"href":"https:\/\/fpvoleibol.pt\/fpv\/wp-json\/wp\/v2\/comments?post=19288"}],"version-history":[{"count":6,"href":"https:\/\/fpvoleibol.pt\/fpv\/wp-json\/wp\/v2\/posts\/19288\/revisions"}],"predecessor-version":[{"id":20803,"href":"https:\/\/fpvoleibol.pt\/fpv\/wp-json\/wp\/v2\/posts\/19288\/revisions\/20803"}],"wp:featuredmedia":[{"embeddable":true,"href":"https:\/\/fpvoleibol.pt\/fpv\/wp-json\/wp\/v2\/media\/19290"}],"wp:attachment":[{"href":"https:\/\/fpvoleibol.pt\/fpv\/wp-json\/wp\/v2\/media?parent=19288"}],"wp:term":[{"taxonomy":"category","embeddable":true,"href":"https:\/\/fpvoleibol.pt\/fpv\/wp-json\/wp\/v2\/categories?post=19288"},{"taxonomy":"post_tag","embeddable":true,"href":"https:\/\/fpvoleibol.pt\/fpv\/wp-json\/wp\/v2\/tags?post=19288"}],"curies":[{"name":"wp","href":"https:\/\/api.w.org\/{rel}","templated":true}]}}