{"id":19284,"date":"2022-09-10T20:23:01","date_gmt":"2022-09-10T20:23:01","guid":{"rendered":"https:\/\/fpvoleibol.pt\/fpv\/?p=19284"},"modified":"2022-09-10T20:23:01","modified_gmt":"2022-09-10T20:23:01","slug":"europeu-2023-hungria-vence-no-cair-do-pano","status":"publish","type":"post","link":"https:\/\/fpvoleibol.pt\/fpv\/2022\/09\/10\/europeu-2023-hungria-vence-no-cair-do-pano\/","title":{"rendered":"EUROPEU 2023: HUNGRIA VENCE NO CAIR DO PANO"},"content":{"rendered":"<p style=\"text-align: left;\"><img loading=\"lazy\" decoding=\"async\" class=\"size-full wp-image-19296 aligncenter\" src=\"https:\/\/fpvoleibol.pt\/fpv\/wp-content\/uploads\/2022\/09\/snsfem_hunxpor_0.jpg\" alt=\"\" width=\"1000\" height=\"750\" srcset=\"https:\/\/fpvoleibol.pt\/fpv\/wp-content\/uploads\/2022\/09\/snsfem_hunxpor_0.jpg 1000w, https:\/\/fpvoleibol.pt\/fpv\/wp-content\/uploads\/2022\/09\/snsfem_hunxpor_0-300x225.jpg 300w, https:\/\/fpvoleibol.pt\/fpv\/wp-content\/uploads\/2022\/09\/snsfem_hunxpor_0-768x576.jpg 768w\" sizes=\"auto, (max-width: 1000px) 100vw, 1000px\" \/>A <strong>Hungria<\/strong> venceu hoje, por <a href=\"https:\/\/www-old.cev.eu\/Competition-Area\/MatchStatistics.aspx?ID=61404\">3-0 (25-16, 25-17 e 25-17)<\/a>, a <strong>Selec\u00e7\u00e3o Nacional de Seniores Femininos<\/strong>, orientada por\u00a0<strong>Hugo Silva<\/strong>, em\u00a0jogo da 6.\u00aa e \u00faltima jornada da <a href=\"https:\/\/eurovolley.cev.eu\/en\/2023\/women\/qualifiers-area\/#matches\">Pool C<\/a> da\u00a0<a href=\"https:\/\/eurovolley.cev.eu\/en\/2023\/women\/qualifiers-area\/#matches\">Fase de Qualifica\u00e7\u00e3o para o Europeu 2023<\/a>\u00a0disputado \u00a0no V\u00e1rosi Sportcsarnok, na cidade h\u00fangara de B\u00e9k\u00e9scsaba.<\/p>\n<p>A h\u00fangara <strong>Gr\u00e9ta Szakm\u00e1ry<\/strong>, com 13 pontos, foi a melhor pontuadora do jogo, enquanto <strong>Margarida Maia <\/strong>e<strong> Ana Clemente<\/strong> foram as portuguesas mais concretizadoras, respectivamente com 8 e 6 pontos.\u00a0Ver mais informa\u00e7\u00f5es <a href=\"https:\/\/www-old.cev.eu\/Competition-Area\/MatchStatistics.aspx?ID=61404\">AQUI<\/a><\/p>\n<p>A Ucr\u00e2nia, que venceu hoje (<a href=\"https:\/\/www-old.cev.eu\/Competition-Area\/MatchStatistics.aspx?ID=61403\">3-0: 25-15, 25-14 e 25-17<\/a>) em Chipre, e a Hungria tinham j\u00e1 assegurado a sua presen\u00e7a na fase final do Europeu 2023, que ser\u00e1 organizado por quatro pa\u00edses, Alemanha, B\u00e9lgica, Est\u00f3nia e It\u00e1lia, em data a definir.<\/p>\n<p>No final do jogo com a Hungria, o <strong>Seleccionador Nacional Hugo Silva<\/strong> salientou:<br \/>\n&#8220;<em>Fa\u00e7o um balan\u00e7o geral positivo, com dois momentos diferentes: no primeiro, na European Silver League, com equipas mais do nosso n\u00edvel, revel\u00e1mos maior superioridade; na fase de qualifica\u00e7\u00e3o para o Europeu, o n\u00edvel elevado de algumas selec\u00e7\u00f5es dificultou o nosso jogo e foi tirando a confian\u00e7a com as derrotas, fruto da juventude da nossa equipa, o que revela que estas atletas precisam de jogar muito a este n\u00edvel. <\/em><br \/>\n<em>Foram quatro meses em que se privaram de f\u00e9rias, fam\u00edlia, amigos, mas tenho a certeza de que sa\u00edram daqui mais jogadoras e melhor preparadas para embates de maior n\u00edvel. Boa sorte para todas elas e que trabalhem muito para chegarem aqui mais fortes e serem capazes de enfrentar um Voleibol de n\u00edvel elevado.<\/em><\/p>\n<p>A <strong>capit\u00e3 Joana Resende<\/strong> referiu:<br \/>\n&#8220;<em>\u00daltimo jogo da nossa pool de apuramento, em que entr\u00e1mos com o objectivo de ser mais consistentes nas diversas ac\u00e7\u00f5es do mesmo e obter um resultado positivo. Contudo, a Hungria conseguiu impor o seu jogo, criando-nos dificuldades a n\u00edvel do primeiro toque, para al\u00e9m de algumas dificuldades ao n\u00edvel de ataque que j\u00e1 t\u00ednhamos tido nos outros jogos.<\/em><br \/>\n<em>N\u00e3o atingimos o objectivo de nos qualificarmos para o Campeonato de Europa e estamos tristes por n\u00e3o termos conseguido. No entanto, esta \u00e9poca de selec\u00e7\u00e3o foi marcado por um comprometimento e capacidade de trabalho enormes e sabemos que este \u00e9 o caminho para conseguirmos elevar o nosso n\u00edvel e aspirar a competi\u00e7\u00f5es maiores. Queria agradecer o apoio de todos, pois sentimos que as pessoas estavam connosco e a torcer pelo nosso sucesso e que se elevaram as expectativas em rela\u00e7\u00e3o ao Voleibol feminino portugu\u00eas, que era tamb\u00e9m um dos nossos objectivos desde o in\u00edcio<\/em>.&#8221;<\/p>\n<p><img loading=\"lazy\" decoding=\"async\" class=\"size-full wp-image-19297 aligncenter\" src=\"https:\/\/fpvoleibol.pt\/fpv\/wp-content\/uploads\/2022\/09\/snsfem_hunxpor.jpg\" alt=\"\" width=\"1000\" height=\"750\" srcset=\"https:\/\/fpvoleibol.pt\/fpv\/wp-content\/uploads\/2022\/09\/snsfem_hunxpor.jpg 1000w, https:\/\/fpvoleibol.pt\/fpv\/wp-content\/uploads\/2022\/09\/snsfem_hunxpor-300x225.jpg 300w, https:\/\/fpvoleibol.pt\/fpv\/wp-content\/uploads\/2022\/09\/snsfem_hunxpor-768x576.jpg 768w\" sizes=\"auto, (max-width: 1000px) 100vw, 1000px\" \/><\/p>\n<table style=\"width: 98.1855%; height: 144px;\" width=\"0\">\n<tbody>\n<tr style=\"height: 24px;\">\n<td style=\"width: 7.87596%; text-align: center; height: 24px;\" width=\"95\"><strong>20\/ago\/22<\/strong><\/td>\n<td style=\"width: 7.11533%; text-align: center; height: 24px;\" width=\"64\"><strong>18h00<\/strong><\/td>\n<td style=\"width: 40.8031%; text-align: center; height: 24px;\" width=\"153\"><strong>Portugal x Hungria, 0-3<\/strong><\/td>\n<td style=\"width: 108.001%; text-align: center; height: 24px;\" width=\"127\"><strong>Pavilh\u00e3o Desportivo M. Santo Tirso<\/strong><\/td>\n<\/tr>\n<tr style=\"height: 24px;\">\n<td style=\"width: 7.87596%; text-align: center; height: 24px;\" width=\"95\">24\/ago\/22<\/td>\n<td style=\"width: 7.11533%; text-align: center; height: 24px;\" width=\"64\">18h00<\/td>\n<td style=\"width: 40.8031%; text-align: center; height: 24px;\" width=\"153\">Chipre x Portugal, 0-3<\/td>\n<td style=\"width: 108.001%; text-align: center; height: 24px;\" width=\"127\">Nic\u00f3sia<\/td>\n<\/tr>\n<tr style=\"height: 24px;\">\n<td style=\"width: 7.87596%; text-align: center; height: 24px;\">28\/ago\/22<\/td>\n<td style=\"width: 7.11533%; text-align: center; height: 24px;\">17h00<\/td>\n<td style=\"width: 40.8031%; text-align: center; height: 24px;\">Ucr\u00e2nia x Portugal, 3-0<\/td>\n<td style=\"width: 108.001%; text-align: center; height: 24px;\">T\u00e1bor &#8211; Rep. Checa<\/td>\n<\/tr>\n<tr style=\"height: 24px;\">\n<td style=\"width: 7.87596%; text-align: center; height: 24px;\" width=\"95\"><strong>04\/set\/22<\/strong><\/td>\n<td style=\"width: 7.11533%; text-align: center; height: 24px;\" width=\"64\"><strong>18h00<\/strong><\/td>\n<td style=\"width: 40.8031%; text-align: center; height: 24px;\" width=\"153\"><strong>Portugal x Ucr\u00e2nia, 0-3<\/strong><\/td>\n<td style=\"width: 108.001%; text-align: center; height: 24px;\" width=\"127\"><strong>Pavilh\u00e3o Desportivo M. Santo Tirso<\/strong><\/td>\n<\/tr>\n<tr style=\"height: 24px;\">\n<td style=\"width: 7.87596%; text-align: center; height: 24px;\" width=\"95\"><strong>07\/set\/22<\/strong><\/td>\n<td style=\"width: 7.11533%; text-align: center; height: 24px;\" width=\"64\"><strong>21h00<\/strong><\/td>\n<td style=\"width: 40.8031%; text-align: center; height: 24px;\" width=\"153\"><strong>Portugal x Chipre, 3-0<\/strong><\/td>\n<td style=\"width: 108.001%; text-align: center; height: 24px;\" width=\"127\"><strong>Pavilh\u00e3o Desportivo M. Santo Tirso<\/strong><\/td>\n<\/tr>\n<tr style=\"height: 24px;\">\n<td style=\"width: 7.87596%; text-align: center; height: 24px;\" width=\"95\">10\/set\/22<\/td>\n<td style=\"width: 7.11533%; text-align: center; height: 24px;\" width=\"64\">18h00<\/td>\n<td style=\"width: 40.8031%; text-align: center; height: 24px;\" width=\"153\">Hungria x Portugal, 3-0<\/td>\n<td style=\"width: 108.001%; text-align: center; height: 24px;\" width=\"127\">B\u00e9k\u00e9scsaba<\/td>\n<\/tr>\n<\/tbody>\n<\/table>\n<p style=\"text-align: center;\"><strong>Mais informa\u00e7\u00f5es<\/strong> em <a href=\"http:\/\/www.cev.eu\">www.cev.eu<\/a><\/p>\n","protected":false},"excerpt":{"rendered":"<p>A Hungria venceu hoje, por 3-0 (25-16, 25-17 e 25-17), a Selec\u00e7\u00e3o Nacional de Seniores Femininos, orientada por\u00a0Hugo Silva, em\u00a0jogo da 6.\u00aa e \u00faltima jornada da Pool C da\u00a0Fase de [&hellip;]<\/p>\n","protected":false},"author":2,"featured_media":19295,"comment_status":"open","ping_status":"open","sticky":false,"template":"","format":"standard","meta":{"_monsterinsights_skip_tracking":false,"_monsterinsights_sitenote_active":false,"_monsterinsights_sitenote_note":"","_monsterinsights_sitenote_category":0,"footnotes":""},"categories":[8],"tags":[64,76],"class_list":{"0":"post-19284","1":"post","2":"type-post","3":"status-publish","4":"format-standard","5":"has-post-thumbnail","7":"category-voleibol","8":"tag-campeonato-da-europa-2023","9":"tag-eurovolley2023-seniores-femininos","10":"czr-hentry"},"aioseo_notices":[],"_links":{"self":[{"href":"https:\/\/fpvoleibol.pt\/fpv\/wp-json\/wp\/v2\/posts\/19284","targetHints":{"allow":["GET"]}}],"collection":[{"href":"https:\/\/fpvoleibol.pt\/fpv\/wp-json\/wp\/v2\/posts"}],"about":[{"href":"https:\/\/fpvoleibol.pt\/fpv\/wp-json\/wp\/v2\/types\/post"}],"author":[{"embeddable":true,"href":"https:\/\/fpvoleibol.pt\/fpv\/wp-json\/wp\/v2\/users\/2"}],"replies":[{"embeddable":true,"href":"https:\/\/fpvoleibol.pt\/fpv\/wp-json\/wp\/v2\/comments?post=19284"}],"version-history":[{"count":6,"href":"https:\/\/fpvoleibol.pt\/fpv\/wp-json\/wp\/v2\/posts\/19284\/revisions"}],"predecessor-version":[{"id":19298,"href":"https:\/\/fpvoleibol.pt\/fpv\/wp-json\/wp\/v2\/posts\/19284\/revisions\/19298"}],"wp:featuredmedia":[{"embeddable":true,"href":"https:\/\/fpvoleibol.pt\/fpv\/wp-json\/wp\/v2\/media\/19295"}],"wp:attachment":[{"href":"https:\/\/fpvoleibol.pt\/fpv\/wp-json\/wp\/v2\/media?parent=19284"}],"wp:term":[{"taxonomy":"category","embeddable":true,"href":"https:\/\/fpvoleibol.pt\/fpv\/wp-json\/wp\/v2\/categories?post=19284"},{"taxonomy":"post_tag","embeddable":true,"href":"https:\/\/fpvoleibol.pt\/fpv\/wp-json\/wp\/v2\/tags?post=19284"}],"curies":[{"name":"wp","href":"https:\/\/api.w.org\/{rel}","templated":true}]}}