{"id":19138,"date":"2022-09-06T16:47:34","date_gmt":"2022-09-06T16:47:34","guid":{"rendered":"https:\/\/fpvoleibol.pt\/fpv\/?p=19138"},"modified":"2022-09-06T16:47:34","modified_gmt":"2022-09-06T16:47:34","slug":"convocadas-para-o-portugal-x-chipre","status":"publish","type":"post","link":"https:\/\/fpvoleibol.pt\/fpv\/2022\/09\/06\/convocadas-para-o-portugal-x-chipre\/","title":{"rendered":"CONVOCADAS PARA O PORTUGAL x CHIPRE"},"content":{"rendered":"<p style=\"text-align: left;\"><img loading=\"lazy\" decoding=\"async\" class=\"size-full wp-image-19076 aligncenter\" src=\"https:\/\/fpvoleibol.pt\/fpv\/wp-content\/uploads\/2022\/09\/portugal-porxucr.jpg\" alt=\"\" width=\"1000\" height=\"668\" srcset=\"https:\/\/fpvoleibol.pt\/fpv\/wp-content\/uploads\/2022\/09\/portugal-porxucr.jpg 1000w, https:\/\/fpvoleibol.pt\/fpv\/wp-content\/uploads\/2022\/09\/portugal-porxucr-300x200.jpg 300w, https:\/\/fpvoleibol.pt\/fpv\/wp-content\/uploads\/2022\/09\/portugal-porxucr-768x513.jpg 768w\" sizes=\"auto, (max-width: 1000px) 100vw, 1000px\" \/>A <strong>Selec\u00e7\u00e3o Nacional de Seniores Femininos<\/strong>, orientada por\u00a0<strong>Hugo Silva<\/strong>, recebe amanh\u00e3 \u2013 \u00e0s 21h00, com transmiss\u00e3o em\u00a0<a href=\"https:\/\/www.sporttv.pt\/pesquisa\/VOLEIBOL\/\">directo na Sport TV<\/a>\u00a0\u2013 o Chipre no Pavilh\u00e3o Desportivo Municipal de Santo Tirso, na 5.\u00aa ronda da <a href=\"https:\/\/eurovolley.cev.eu\/en\/2023\/women\/qualifiers-area\/#matches\">Pool C<\/a>\u00a0da\u00a0<a href=\"https:\/\/eurovolley.cev.eu\/en\/2023\/women\/qualifiers-area\/#matches\">Fase de Qualifica\u00e7\u00e3o para o Campeonato da Europa 2023<\/a>.<\/p>\n<p>Apuram-se para a fase final do EuroVolley 2023 os <a href=\"https:\/\/eurovolley.cev.eu\/en\/2023\/women\/qualifiers-area\/#matches\">1.\u00ba e 2.\u00ba classificados de cada pool<\/a>. A Ucr\u00e2nia \u00e9 a l\u00edder da Pool C, enquanto a Hungria ocupa a segunda posi\u00e7\u00e3o, mas ambas as selec\u00e7\u00f5es asseguraram j\u00e1 a sua presen\u00e7a no Europeu 2023. A classifica\u00e7\u00e3o pode ser consultada <a href=\"https:\/\/eurovolley.cev.eu\/en\/2023\/women\/qualifiers-area\/#body-tab-468f94ab-e8c5-4b25-ac35-408afa152e74-2\">AQUI<\/a><\/p>\n<p style=\"text-align: left;\">Ap\u00f3s a recep\u00e7\u00e3o ao Chipre, Portugal termina a sua participa\u00e7\u00e3o na <a href=\"https:\/\/eurovolley.cev.eu\/en\/2023\/women\/qualifiers-area\/#matches\">Pool C<\/a> da <a href=\"https:\/\/eurovolley.cev.eu\/en\/2023\/women\/qualifiers-area\/#matches\"><span style=\"text-decoration: underline;\">Fase de Qualifica\u00e7\u00e3o para o Europeu 2023<\/span><\/a> com a visita \u00e0 Hungria, agendada para o dia 10 de Setembro.<\/p>\n<p style=\"text-align: center;\"><span style=\"text-decoration: underline;\"><strong>Convocadas para o Portugal x Chipre<\/strong><\/span><\/p>\n<p><img loading=\"lazy\" decoding=\"async\" class=\"size-full wp-image-19145 aligncenter\" src=\"https:\/\/fpvoleibol.pt\/fpv\/wp-content\/uploads\/2022\/09\/snsfem_portxchipre.jpg\" alt=\"\" width=\"1000\" height=\"611\" srcset=\"https:\/\/fpvoleibol.pt\/fpv\/wp-content\/uploads\/2022\/09\/snsfem_portxchipre.jpg 1000w, https:\/\/fpvoleibol.pt\/fpv\/wp-content\/uploads\/2022\/09\/snsfem_portxchipre-300x183.jpg 300w, https:\/\/fpvoleibol.pt\/fpv\/wp-content\/uploads\/2022\/09\/snsfem_portxchipre-768x469.jpg 768w\" sizes=\"auto, (max-width: 1000px) 100vw, 1000px\" \/><br \/>\n<img loading=\"lazy\" decoding=\"async\" class=\"size-full wp-image-19146 aligncenter\" src=\"https:\/\/fpvoleibol.pt\/fpv\/wp-content\/uploads\/2022\/09\/snsfem_chipre.jpg\" alt=\"\" width=\"1000\" height=\"593\" srcset=\"https:\/\/fpvoleibol.pt\/fpv\/wp-content\/uploads\/2022\/09\/snsfem_chipre.jpg 1000w, https:\/\/fpvoleibol.pt\/fpv\/wp-content\/uploads\/2022\/09\/snsfem_chipre-300x178.jpg 300w, https:\/\/fpvoleibol.pt\/fpv\/wp-content\/uploads\/2022\/09\/snsfem_chipre-768x455.jpg 768w\" sizes=\"auto, (max-width: 1000px) 100vw, 1000px\" \/><\/p>\n<p style=\"text-align: center;\"><span style=\"text-decoration: underline;\"><strong><a href=\"https:\/\/eurovolley.cev.eu\/en\/2023\/women\/qualifiers-area\/#matches\">Pool C da Fase de Qualifica\u00e7\u00e3o &#8211; Campeonato da Europa 2023<\/a><\/strong><\/span><\/p>\n<table style=\"width: 98.1855%; height: 144px;\" width=\"0\">\n<tbody>\n<tr style=\"height: 24px;\">\n<td style=\"width: 7.87596%; text-align: center; height: 24px;\" width=\"95\"><strong>20\/ago\/22<\/strong><\/td>\n<td style=\"width: 7.11533%; text-align: center; height: 24px;\" width=\"64\"><strong>18h00<\/strong><\/td>\n<td style=\"width: 40.8031%; text-align: center; height: 24px;\" width=\"153\"><strong>Portugal x Hungria, 0-3<\/strong><\/td>\n<td style=\"width: 108.001%; text-align: center; height: 24px;\" width=\"127\"><strong>Pavilh\u00e3o Desportivo M. Santo Tirso<\/strong><\/td>\n<\/tr>\n<tr style=\"height: 24px;\">\n<td style=\"width: 7.87596%; text-align: center; height: 24px;\" width=\"95\">24\/ago\/22<\/td>\n<td style=\"width: 7.11533%; text-align: center; height: 24px;\" width=\"64\">18h00<\/td>\n<td style=\"width: 40.8031%; text-align: center; height: 24px;\" width=\"153\">Chipre x Portugal, 0-3<\/td>\n<td style=\"width: 108.001%; text-align: center; height: 24px;\" width=\"127\">Nic\u00f3sia<\/td>\n<\/tr>\n<tr style=\"height: 24px;\">\n<td style=\"width: 7.87596%; text-align: center; height: 24px;\">28\/ago\/22<\/td>\n<td style=\"width: 7.11533%; text-align: center; height: 24px;\">17h00<\/td>\n<td style=\"width: 40.8031%; text-align: center; height: 24px;\">Ucr\u00e2nia x Portugal, 3-0<\/td>\n<td style=\"width: 108.001%; text-align: center; height: 24px;\">T\u00e1bor &#8211; Rep. Checa<\/td>\n<\/tr>\n<tr style=\"height: 24px;\">\n<td style=\"width: 7.87596%; text-align: center; height: 24px;\" width=\"95\"><strong>04\/set\/22<\/strong><\/td>\n<td style=\"width: 7.11533%; text-align: center; height: 24px;\" width=\"64\"><strong>18h00<\/strong><\/td>\n<td style=\"width: 40.8031%; text-align: center; height: 24px;\" width=\"153\"><strong>Portugal x Ucr\u00e2nia<\/strong>,<strong> 0-3<\/strong><\/td>\n<td style=\"width: 108.001%; text-align: center; height: 24px;\" width=\"127\"><strong>Pavilh\u00e3o Desportivo M. Santo Tirso<\/strong><\/td>\n<\/tr>\n<tr style=\"height: 24px;\">\n<td style=\"width: 7.87596%; text-align: center; height: 24px;\" width=\"95\"><strong>07\/set\/22<\/strong><\/td>\n<td style=\"width: 7.11533%; text-align: center; height: 24px;\" width=\"64\"><strong>21h00<\/strong><\/td>\n<td style=\"width: 40.8031%; text-align: center; height: 24px;\" width=\"153\"><strong>Portugal x Chipre<\/strong><\/td>\n<td style=\"width: 108.001%; text-align: center; height: 24px;\" width=\"127\"><strong>Pavilh\u00e3o Desportivo M. Santo Tirso<\/strong><\/td>\n<\/tr>\n<tr style=\"height: 24px;\">\n<td style=\"width: 7.87596%; text-align: center; height: 24px;\" width=\"95\">10\/set\/22<\/td>\n<td style=\"width: 7.11533%; text-align: center; height: 24px;\" width=\"64\">17h00<\/td>\n<td style=\"width: 40.8031%; text-align: center; height: 24px;\" width=\"153\">Hungria x Portugal<\/td>\n<td style=\"width: 108.001%; text-align: center; height: 24px;\" width=\"127\">Bekescsaba<\/td>\n<\/tr>\n<\/tbody>\n<\/table>\n<p style=\"text-align: center;\"><strong>Mais informa\u00e7\u00f5es<\/strong> em <a href=\"http:\/\/www.cev.eu\">www.cev.eu<\/a><\/p>\n","protected":false},"excerpt":{"rendered":"<p>A Selec\u00e7\u00e3o Nacional de Seniores Femininos, orientada por\u00a0Hugo Silva, recebe amanh\u00e3 \u2013 \u00e0s 21h00, com transmiss\u00e3o em\u00a0directo na Sport TV\u00a0\u2013 o Chipre no Pavilh\u00e3o Desportivo Municipal de Santo Tirso, na [&hellip;]<\/p>\n","protected":false},"author":2,"featured_media":19149,"comment_status":"open","ping_status":"open","sticky":false,"template":"","format":"standard","meta":{"_monsterinsights_skip_tracking":false,"_monsterinsights_sitenote_active":false,"_monsterinsights_sitenote_note":"","_monsterinsights_sitenote_category":0,"footnotes":""},"categories":[8],"tags":[64,76],"class_list":{"0":"post-19138","1":"post","2":"type-post","3":"status-publish","4":"format-standard","5":"has-post-thumbnail","7":"category-voleibol","8":"tag-campeonato-da-europa-2023","9":"tag-eurovolley2023-seniores-femininos","10":"czr-hentry"},"aioseo_notices":[],"_links":{"self":[{"href":"https:\/\/fpvoleibol.pt\/fpv\/wp-json\/wp\/v2\/posts\/19138","targetHints":{"allow":["GET"]}}],"collection":[{"href":"https:\/\/fpvoleibol.pt\/fpv\/wp-json\/wp\/v2\/posts"}],"about":[{"href":"https:\/\/fpvoleibol.pt\/fpv\/wp-json\/wp\/v2\/types\/post"}],"author":[{"embeddable":true,"href":"https:\/\/fpvoleibol.pt\/fpv\/wp-json\/wp\/v2\/users\/2"}],"replies":[{"embeddable":true,"href":"https:\/\/fpvoleibol.pt\/fpv\/wp-json\/wp\/v2\/comments?post=19138"}],"version-history":[{"count":5,"href":"https:\/\/fpvoleibol.pt\/fpv\/wp-json\/wp\/v2\/posts\/19138\/revisions"}],"predecessor-version":[{"id":19150,"href":"https:\/\/fpvoleibol.pt\/fpv\/wp-json\/wp\/v2\/posts\/19138\/revisions\/19150"}],"wp:featuredmedia":[{"embeddable":true,"href":"https:\/\/fpvoleibol.pt\/fpv\/wp-json\/wp\/v2\/media\/19149"}],"wp:attachment":[{"href":"https:\/\/fpvoleibol.pt\/fpv\/wp-json\/wp\/v2\/media?parent=19138"}],"wp:term":[{"taxonomy":"category","embeddable":true,"href":"https:\/\/fpvoleibol.pt\/fpv\/wp-json\/wp\/v2\/categories?post=19138"},{"taxonomy":"post_tag","embeddable":true,"href":"https:\/\/fpvoleibol.pt\/fpv\/wp-json\/wp\/v2\/tags?post=19138"}],"curies":[{"name":"wp","href":"https:\/\/api.w.org\/{rel}","templated":true}]}}