{"id":18980,"date":"2022-09-01T14:18:34","date_gmt":"2022-09-01T14:18:34","guid":{"rendered":"https:\/\/fpvoleibol.pt\/fpv\/?p=18980"},"modified":"2022-09-01T15:27:42","modified_gmt":"2022-09-01T15:27:42","slug":"europeu-sub-18-ana-e-margarida-imparaveis","status":"publish","type":"post","link":"https:\/\/fpvoleibol.pt\/fpv\/2022\/09\/01\/europeu-sub-18-ana-e-margarida-imparaveis\/","title":{"rendered":"EUROPEU SUB-18: ANA E MARGARIDA IMPAR\u00c1VEIS!"},"content":{"rendered":"<p style=\"text-align: center;\"><img loading=\"lazy\" decoding=\"async\" class=\"size-full wp-image-18981 aligncenter\" src=\"https:\/\/fpvoleibol.pt\/fpv\/wp-content\/uploads\/2022\/09\/anamonteiro_manchete_d1.jpg\" alt=\"\" width=\"1000\" height=\"928\" srcset=\"https:\/\/fpvoleibol.pt\/fpv\/wp-content\/uploads\/2022\/09\/anamonteiro_manchete_d1.jpg 1000w, https:\/\/fpvoleibol.pt\/fpv\/wp-content\/uploads\/2022\/09\/anamonteiro_manchete_d1-300x278.jpg 300w, https:\/\/fpvoleibol.pt\/fpv\/wp-content\/uploads\/2022\/09\/anamonteiro_manchete_d1-768x713.jpg 768w, https:\/\/fpvoleibol.pt\/fpv\/wp-content\/uploads\/2022\/09\/anamonteiro_manchete_d1-270x250.jpg 270w\" sizes=\"auto, (max-width: 1000px) 100vw, 1000px\" \/><strong>A dupla portuguesa de Voleibol de Praia Ana Monteiro\/Margarida Santos continua impar\u00e1vel no<br \/>\nQuadro Principal do\u00a0<a href=\"https:\/\/www.cev.eu\/beach\/age-groups\/2022\/u18\/\">Campeonato da Europa de Sub-18<\/a>, a decorrer em Loutraki, na Gr\u00e9cia.<\/strong><\/p>\n<p>As vice-campe\u00e3s nacionais <strong>Ana Monteiro<\/strong> e <strong>Margarida Santos <\/strong>somaram hoje duas vit\u00f3rias: frente \u00e0s gregas Elpida Pitsigkoni e Stamatia Gkizeti (2-0: 21-15 e 21-12) e \u00e0s dinamarquesas Mille Berthou e Mille Bassoe (2-1: 23-25, 25-18 e 16-14), assumindo a (vice-)lideran\u00e7a da <strong>Pool A<\/strong>, com o mesmo n\u00famero de pontos das francesas Romane Sobezalz e Sarah Laurent, com quem v\u00e3o jogar amanh\u00e3 (10h00) e a quem venceram (2-1: 21-15, 22-24 e 15-6) recentemente no <a href=\"https:\/\/fpvoleibol.pt\/fpv\/competicoes\/wevza-u19-beach-volleyball-tournament\/\">Torneio Internacional WEVZA Sub-19<\/a>.<br \/>\nCom estes dois triunfos, <strong>Ana Monteiro<\/strong> e <strong>Margarida Santos<\/strong> somam j\u00e1 cinco vit\u00f3rias consecutivas na competi\u00e7\u00e3o (duas no Quadro Principal e tr\u00eas na Fase de Qualifica\u00e7\u00e3o).<\/p>\n<p><strong><img loading=\"lazy\" decoding=\"async\" class=\"size-full wp-image-18986 aligncenter\" src=\"https:\/\/fpvoleibol.pt\/fpv\/wp-content\/uploads\/2022\/09\/tomas-dois_u18.jpg\" alt=\"\" width=\"1000\" height=\"667\" srcset=\"https:\/\/fpvoleibol.pt\/fpv\/wp-content\/uploads\/2022\/09\/tomas-dois_u18.jpg 1000w, https:\/\/fpvoleibol.pt\/fpv\/wp-content\/uploads\/2022\/09\/tomas-dois_u18-300x200.jpg 300w, https:\/\/fpvoleibol.pt\/fpv\/wp-content\/uploads\/2022\/09\/tomas-dois_u18-768x512.jpg 768w\" sizes=\"auto, (max-width: 1000px) 100vw, 1000px\" \/>Tom\u00e1s Teixeira<\/strong> e\u00a0<strong>Francisco Mendes<\/strong> foram menos felizes, tendo perdido (0-2: 18-21 e 17-21) com os polacos Szymon Beta\/Artem Besarab, na sua estreia na <strong>Pool E<\/strong>. Amanh\u00e3, os portugueses defrontam os belgas Alexy Humblet e Daan Hendrikx (8h30) e os h\u00fangaros Bence Tari\/\u00c1kos Veress (15h00).<br \/>\nNo jogo de hoje entre Humblet\/Hendrikx e Tari\/Veress, os belgas levaram a melhor pela margem m\u00ednima.<\/p>\n<p style=\"text-align: center;\"><strong>Resultados<\/strong> e outras informa\u00e7\u00f5es sobre o Europeu Sub-18 <strong style=\"text-align: center;\"><a href=\"https:\/\/www.cev.eu\/beach\/age-groups\/2022\/u18\/\">AQUI<\/a><\/strong><\/p>\n<p>As duplas <strong>Tom\u00e1s Teixeira\/Francisco Mendes<\/strong> e <strong>Ana Monteiro\/Margarida Santos<\/strong> s\u00e3o acompanhadas pelo treinador <strong>Pedro Santos<\/strong>.<br \/>\nO \u00e1rbitro portugu\u00eas <strong>S\u00e9rgio Pereira<\/strong> tamb\u00e9m est\u00e1 presente nos Europeus, integrando a equipa de arbitragem designada pela CEV.<\/p>\n<p><strong>Ana Monteiro e Margarida Santos<\/strong>, vice-campe\u00e3s nacionais de seniores aos 17 anos, classificaram-se recentemente no 5.\u00ba lugar no <a href=\"https:\/\/fpvoleibol.pt\/fpv\/2022\/08\/21\/belgica-e-paises-baixos-vencem-torneio-sub-19-da-wevza\/\">Torneio Internacional Sub-19 da WEVZA*<\/a>, e no 13.\u00ba lugar no <a href=\"https:\/\/www.cev.eu\/beach\/age-groups\/2022\/u20\/women\/#final-ranking\">Campeonato da Europa de Sub-20<\/a> (Izmir, Turquia) e no <a href=\"https:\/\/www.cev.eu\/beach\/tour\/2022\/2022-volleyball-world-beach-pro-tour-futures-cortegaca\/women\/\">Beach Pro Tour Cortega\u00e7a Futures<\/a> (11 a 14 de Agosto).<\/p>\n<p><strong>Tom\u00e1s Teixeira<\/strong> \u2013 formando dupla com Tom\u00e1s Sousa \u2013 classificou-se no 17.\u00ba lugar no Campeonato da Europa de Sub-18, realizado em Ljubljana, capital da Eslov\u00e9nia, em finais de 2021, e em 4.\u00ba lugar no Torneio de Sub-18 da WEVZA (Associa\u00e7\u00e3o Zonal de Voleibol do Oeste Europeu), na Alemanha, no mesmo ano.<\/p>\n<p>*<span style=\"font-size: 8pt;\"><span style=\"font-family: georgia, palatino, serif;\">Mais conhecida pela sigla WEVZA, a <a href=\"http:\/\/www.wevza.com\"><strong>Western European Volleyball Zonal Association (<\/strong><strong>Associa\u00e7\u00e3o Zonal de Voleibol do Oeste Europeu) <\/strong><\/a>foi constitu\u00edda em 2013 e integra oito pa\u00edses \u2013 Portugal, Espanha, Alemanha, B\u00e9lgica, It\u00e1lia, Holanda, Fran\u00e7a e Su\u00ed\u00e7a<\/span><span style=\"font-family: georgia, palatino, serif;\">.<\/span><\/span><\/p>\n","protected":false},"excerpt":{"rendered":"<p>A dupla portuguesa de Voleibol de Praia Ana Monteiro\/Margarida Santos continua impar\u00e1vel no Quadro Principal do\u00a0Campeonato da Europa de Sub-18, a decorrer em Loutraki, na Gr\u00e9cia. As vice-campe\u00e3s nacionais Ana [&hellip;]<\/p>\n","protected":false},"author":2,"featured_media":18976,"comment_status":"open","ping_status":"open","sticky":false,"template":"","format":"standard","meta":{"_monsterinsights_skip_tracking":false,"_monsterinsights_sitenote_active":false,"_monsterinsights_sitenote_note":"","_monsterinsights_sitenote_category":0,"footnotes":""},"categories":[9],"tags":[77],"class_list":{"0":"post-18980","1":"post","2":"type-post","3":"status-publish","4":"format-standard","5":"has-post-thumbnail","7":"category-voleibol-de-praia","8":"tag-europeu-sub-18-voleibol-de-praia","9":"czr-hentry"},"aioseo_notices":[],"_links":{"self":[{"href":"https:\/\/fpvoleibol.pt\/fpv\/wp-json\/wp\/v2\/posts\/18980","targetHints":{"allow":["GET"]}}],"collection":[{"href":"https:\/\/fpvoleibol.pt\/fpv\/wp-json\/wp\/v2\/posts"}],"about":[{"href":"https:\/\/fpvoleibol.pt\/fpv\/wp-json\/wp\/v2\/types\/post"}],"author":[{"embeddable":true,"href":"https:\/\/fpvoleibol.pt\/fpv\/wp-json\/wp\/v2\/users\/2"}],"replies":[{"embeddable":true,"href":"https:\/\/fpvoleibol.pt\/fpv\/wp-json\/wp\/v2\/comments?post=18980"}],"version-history":[{"count":6,"href":"https:\/\/fpvoleibol.pt\/fpv\/wp-json\/wp\/v2\/posts\/18980\/revisions"}],"predecessor-version":[{"id":18989,"href":"https:\/\/fpvoleibol.pt\/fpv\/wp-json\/wp\/v2\/posts\/18980\/revisions\/18989"}],"wp:featuredmedia":[{"embeddable":true,"href":"https:\/\/fpvoleibol.pt\/fpv\/wp-json\/wp\/v2\/media\/18976"}],"wp:attachment":[{"href":"https:\/\/fpvoleibol.pt\/fpv\/wp-json\/wp\/v2\/media?parent=18980"}],"wp:term":[{"taxonomy":"category","embeddable":true,"href":"https:\/\/fpvoleibol.pt\/fpv\/wp-json\/wp\/v2\/categories?post=18980"},{"taxonomy":"post_tag","embeddable":true,"href":"https:\/\/fpvoleibol.pt\/fpv\/wp-json\/wp\/v2\/tags?post=18980"}],"curies":[{"name":"wp","href":"https:\/\/api.w.org\/{rel}","templated":true}]}}