{"id":18906,"date":"2022-08-30T16:00:23","date_gmt":"2022-08-30T16:00:23","guid":{"rendered":"https:\/\/fpvoleibol.pt\/fpv\/?p=18906"},"modified":"2022-08-30T19:30:12","modified_gmt":"2022-08-30T19:30:12","slug":"portugal-com-mais-uma-arbitra-internacional","status":"publish","type":"post","link":"https:\/\/fpvoleibol.pt\/fpv\/2022\/08\/30\/portugal-com-mais-uma-arbitra-internacional\/","title":{"rendered":"PORTUGAL COM MAIS UMA \u00c1RBITRA \u00abINTERNACIONAL\u00bb"},"content":{"rendered":"<p><img loading=\"lazy\" decoding=\"async\" class=\"size-full wp-image-18932 aligncenter\" src=\"https:\/\/fpvoleibol.pt\/fpv\/wp-content\/uploads\/2022\/08\/arb_patricia_gomes_int.jpg\" alt=\"\" width=\"1000\" height=\"538\" srcset=\"https:\/\/fpvoleibol.pt\/fpv\/wp-content\/uploads\/2022\/08\/arb_patricia_gomes_int.jpg 1000w, https:\/\/fpvoleibol.pt\/fpv\/wp-content\/uploads\/2022\/08\/arb_patricia_gomes_int-300x161.jpg 300w, https:\/\/fpvoleibol.pt\/fpv\/wp-content\/uploads\/2022\/08\/arb_patricia_gomes_int-768x413.jpg 768w\" sizes=\"auto, (max-width: 1000px) 100vw, 1000px\" \/>A arbitragem portuguesa tem mais uma candidata a <em>internacional<\/em> no Voleibol de Praia:\u00a0<span style=\"text-decoration: underline;\">Patr\u00edcia Manuela Dinis Gomes<\/span>, que tem 29 anos e pertence \u00e0 Associa\u00e7\u00e3o de Voleibol de Coimbra (AVC).<\/p>\n<p><strong>Patr\u00edcia Gomes<\/strong> participou no primeiro curso internacional de Voleibol de Praia organizado pela Comiss\u00e3o de Arbitragem da Confedera\u00e7\u00e3o Europeia de Voleibol (CEV) em solo europeu, mais concretamente em Baden, na \u00c1ustria, localidade que \u00e9 palco de competi\u00e7\u00f5es internacionais de Voleibol de Praia h\u00e1 quase duas d\u00e9cadas.<\/p>\n<p>No total, foram 20 os candidatos, 12 homens e 8 mulheres, que estiveram reunidos durante 9 dias em Baden a aprenderem as bases te\u00f3ricas e pr\u00e1ticas desta modalidade ol\u00edmpica.<br \/>\nAp\u00f3s os exames te\u00f3rico e pr\u00e1tico, este \u00faltimo realizado durante a etapa do <a href=\"https:\/\/www.cev.eu\/beach\/tour\/2022\/2022-volleyball-world-beach-pro-tour-futures-baden\/\">Beach Pro Tour Futures<\/a> que decorreu naquela conhecida cidades dos Alpes, a representante portuguesa passou em ambos com distin\u00e7\u00e3o e assim \u00e9 candidata a juntar-se aos actuais quatro \u00e1rbitros <em>internacionais<\/em> portugueses \u2013 Michelle Ferreira, Rui Carvalho, Sandra Deveza e S\u00e9rgio Pereira \u2013 que podem dirigir provas internacionais de Voleibol de Praia.<\/p>\n<p>Regressada ontem ao nosso Pa\u00eds, <span style=\"text-decoration: underline;\">Patr\u00edcia Gomes<\/span> mostrou-se satisfeita com o resultado obtido:<br \/>\n&#8220;<em>O meu objectivo em rela\u00e7\u00e3o \u00e0 arbitragem sempre foi chegar o mais longe poss\u00edvel, sempre procurei evoluir, melhorar, tornar-me a melhor \u00e1rbitra que consigo ser. <\/em><br \/>\n<em>Sinto-me orgulhosa deste resultado, penso que demonstra todo o trabalho e empenho que tenho dedicado \u00e0 modalidade, pois por vezes \u00e9 preciso algum sacrif\u00edcio pessoal para isso. <\/em><br \/>\n<em>Esta \u00e9 apenas a primeira etapa de um longo percurso, percurso este dif\u00edcil, mas sinto-me entusiasmada em rela\u00e7\u00e3o ao futuro e espero trazer ainda mais reconhecimento a n\u00edvel internacional \u00e0 arbitragem portuguesa, \u00e0 Federa\u00e7\u00e3o Portuguesa de Voleibol, que j\u00e1 se encontra bastante bem representada. <\/em><br \/>\n<em>Num mundo regido maioritariamente por homens, sinto uma responsabilidade ainda maior de trazer o merecido reconhecimento \u00e0s mulheres na arbitragem, tanto a n\u00edvel nacional como internacional e espero ver nos pr\u00f3ximos anos esta propor\u00e7\u00e3o a nivelar-se.<\/em><br \/>\n<em>Resta me agradecer \u00e0 Federa\u00e7\u00e3o Portuguesa de Voleibol e ao Conselho de Arbitragem da FPV pela oportunidade e pela confian\u00e7a, bem como aos meus colegas \u00e1rbitros pelo apoio e encorajamento<\/em>&#8220;.<\/p>\n<p><img loading=\"lazy\" decoding=\"async\" class=\"size-full wp-image-18910 aligncenter\" src=\"https:\/\/fpvoleibol.pt\/fpv\/wp-content\/uploads\/2022\/08\/cev_arb_d.jpg\" alt=\"\" width=\"1000\" height=\"594\" srcset=\"https:\/\/fpvoleibol.pt\/fpv\/wp-content\/uploads\/2022\/08\/cev_arb_d.jpg 1000w, https:\/\/fpvoleibol.pt\/fpv\/wp-content\/uploads\/2022\/08\/cev_arb_d-300x178.jpg 300w, https:\/\/fpvoleibol.pt\/fpv\/wp-content\/uploads\/2022\/08\/cev_arb_d-768x456.jpg 768w\" sizes=\"auto, (max-width: 1000px) 100vw, 1000px\" \/>Por seu turno, <span style=\"text-decoration: underline;\">Avelino Azevedo, Presidente do Conselho de Arbitragem da FPV e membro da Comiss\u00e3o de Arbitragem da CEV,<\/span> salientou:<br \/>\n&#8220;<em>A Patr\u00edcia Gomes passou por um selectivo processo de escolha de \u00e1rbitros, pelo que t\u00ednhamos toda a confian\u00e7a no seu sucesso. Ali\u00e1s, Portugal tem uma larga tradi\u00e7\u00e3o de sucesso na arbitragem internacional e mesmo ol\u00edmpica, reconhecida internacionalmente desde os seus prim\u00f3rdios e fruto do trabalho da Federa\u00e7\u00e3o Portuguesa de Voleibol em organizar, anualmente, n\u00e3o s\u00f3 um Circuito Nacional, como provas internacionais, proporcionando simultaneamente, com o Centro de Alto Rendimento de Voleibol de Praia de Cortega\u00e7a, condi\u00e7\u00f5es \u00edmpares para a pr\u00e1tica e desenvolvimento desta modalidade durante todo o ano<\/em>&#8220;.<\/p>\n<p>Mais informa\u00e7\u00f5es <a href=\"https:\/\/inside.cev.eu\/articles\/cev\/aspiring-international-referees-take-invaluable-experience-at-baden-course\/\">AQUI<\/a><\/p>\n","protected":false},"excerpt":{"rendered":"<p>A arbitragem portuguesa tem mais uma candidata a internacional no Voleibol de Praia:\u00a0Patr\u00edcia Manuela Dinis Gomes, que tem 29 anos e pertence \u00e0 Associa\u00e7\u00e3o de Voleibol de Coimbra (AVC). Patr\u00edcia [&hellip;]<\/p>\n","protected":false},"author":2,"featured_media":18912,"comment_status":"open","ping_status":"open","sticky":false,"template":"","format":"standard","meta":{"_monsterinsights_skip_tracking":false,"_monsterinsights_sitenote_active":false,"_monsterinsights_sitenote_note":"","_monsterinsights_sitenote_category":0,"footnotes":""},"categories":[13,9],"tags":[],"class_list":{"0":"post-18906","1":"post","2":"type-post","3":"status-publish","4":"format-standard","5":"has-post-thumbnail","7":"category-arbitragem","8":"category-voleibol-de-praia","9":"czr-hentry"},"aioseo_notices":[],"_links":{"self":[{"href":"https:\/\/fpvoleibol.pt\/fpv\/wp-json\/wp\/v2\/posts\/18906","targetHints":{"allow":["GET"]}}],"collection":[{"href":"https:\/\/fpvoleibol.pt\/fpv\/wp-json\/wp\/v2\/posts"}],"about":[{"href":"https:\/\/fpvoleibol.pt\/fpv\/wp-json\/wp\/v2\/types\/post"}],"author":[{"embeddable":true,"href":"https:\/\/fpvoleibol.pt\/fpv\/wp-json\/wp\/v2\/users\/2"}],"replies":[{"embeddable":true,"href":"https:\/\/fpvoleibol.pt\/fpv\/wp-json\/wp\/v2\/comments?post=18906"}],"version-history":[{"count":7,"href":"https:\/\/fpvoleibol.pt\/fpv\/wp-json\/wp\/v2\/posts\/18906\/revisions"}],"predecessor-version":[{"id":18937,"href":"https:\/\/fpvoleibol.pt\/fpv\/wp-json\/wp\/v2\/posts\/18906\/revisions\/18937"}],"wp:featuredmedia":[{"embeddable":true,"href":"https:\/\/fpvoleibol.pt\/fpv\/wp-json\/wp\/v2\/media\/18912"}],"wp:attachment":[{"href":"https:\/\/fpvoleibol.pt\/fpv\/wp-json\/wp\/v2\/media?parent=18906"}],"wp:term":[{"taxonomy":"category","embeddable":true,"href":"https:\/\/fpvoleibol.pt\/fpv\/wp-json\/wp\/v2\/categories?post=18906"},{"taxonomy":"post_tag","embeddable":true,"href":"https:\/\/fpvoleibol.pt\/fpv\/wp-json\/wp\/v2\/tags?post=18906"}],"curies":[{"name":"wp","href":"https:\/\/api.w.org\/{rel}","templated":true}]}}