{"id":18274,"date":"2022-08-11T20:46:06","date_gmt":"2022-08-11T20:46:06","guid":{"rendered":"https:\/\/fpvoleibol.pt\/fpv\/?p=18274"},"modified":"2022-08-11T20:54:12","modified_gmt":"2022-08-11T20:54:12","slug":"areias-do-carvp-aqueceram-com-o-cortegaca-futures","status":"publish","type":"post","link":"https:\/\/fpvoleibol.pt\/fpv\/2022\/08\/11\/areias-do-carvp-aqueceram-com-o-cortegaca-futures\/","title":{"rendered":"AREIAS DO CARVP AQUECERAM COM O CORTEGA\u00c7A FUTURES"},"content":{"rendered":"<p><img loading=\"lazy\" decoding=\"async\" class=\"size-full wp-image-18310 aligncenter\" src=\"https:\/\/fpvoleibol.pt\/fpv\/wp-content\/uploads\/2022\/08\/bpt_cortegaca-chinesas-d.jpg\" alt=\"\" width=\"1024\" height=\"681\" srcset=\"https:\/\/fpvoleibol.pt\/fpv\/wp-content\/uploads\/2022\/08\/bpt_cortegaca-chinesas-d.jpg 1024w, https:\/\/fpvoleibol.pt\/fpv\/wp-content\/uploads\/2022\/08\/bpt_cortegaca-chinesas-d-300x200.jpg 300w, https:\/\/fpvoleibol.pt\/fpv\/wp-content\/uploads\/2022\/08\/bpt_cortegaca-chinesas-d-768x511.jpg 768w\" sizes=\"auto, (max-width: 1024px) 100vw, 1024px\" \/>O\u00a0<strong><a href=\"https:\/\/www.cev.eu\/beach\/tour\/2022\/2022-volleyball-world-beach-pro-tour-futures-cortegaca\/\">Beach Pro Tour \u2013 Cortega\u00e7a Futures<\/a><\/strong> <em>arrancou <\/em>hoje e prolonga-se at\u00e9 domingo, no<strong> Centro de Alto Rendimento de Voleibol de Praia<\/strong> (CARVP) da FPV, em Cortega\u00e7a, Ovar.<\/p>\n<p>As <em>surpresas<\/em> come\u00e7aram a surgir logo no 1.\u00ba dia de competi\u00e7\u00e3o do <a href=\"https:\/\/fpvoleibol.pt\/bpt-cortegaca2022\/\">BPT \u2013 Cortega\u00e7a Futures<\/a>, com as alem\u00e3s <span style=\"text-decoration: underline;\">Nele Schmitt e Melanie Paul<\/span> a causarem sensa\u00e7\u00e3o e a eliminarem (21-15 e 21-19) as chinesas <strong>Lingdi Zhu e Fan Wang<\/strong>, que tinham vencido em final de Julho o Ljubljana Futures, na Eslov\u00e9nia.<br \/>\n<em>Pelo contr\u00e1rio<\/em>, as suas compatriotas <span style=\"text-decoration: underline;\">Jie Dong e Yuan Lvwen<\/span> <em>deram nas vistas<\/em> ao (con)vencerem as duplas Maneskold\/Bergholm (Su\u00e9cia), por 2-0 (21-4 e 21-10), e Guignan\/Emere Maau Boutry (Fran\u00e7a), por 2-0 (21-15 e 21-16).<br \/>\nDestaque ainda para o aguerrido embate entre as inglesas Snow e Palmer e as su\u00ed\u00e7as Hubscher e Schaltegger, um dos jogos seguidos com mais aten\u00e7\u00e3o no dia inaugural e que as primeiras venceram por 2-1 (13-21, 22-20 e 15-9).<\/p>\n<p>Em masculinos, com a qualifica\u00e7\u00e3o dif\u00edcil de Klein\/Philippe e Altwies\/Chouikh, os franceses passaram a ter tr\u00eas duplas no Quadro Principal.<br \/>\nA \u00fanica dupla portuguesa que disputou, hoje, a Fase de <strong>Qualifica\u00e7\u00e3o, <\/strong><strong>Daniel Pedro\/Pedro Lago\u00e1<\/strong>, perdeu (0-2: 15-21 e 12-21) com os alem\u00e3es Lui Wust e Momme Lorenz, classificando-se no 21.\u00ba lugar. Ver todas as informa\u00e7\u00f5es <a href=\"http:\/\/www.fpvoleibol.pt\/bpt-cortegaca2022\">AQUI<\/a><\/p>\n<p><img loading=\"lazy\" decoding=\"async\" class=\"size-full wp-image-18316 aligncenter\" src=\"https:\/\/fpvoleibol.pt\/fpv\/wp-content\/uploads\/2022\/08\/daniel-lagoa_d.jpg\" alt=\"\" width=\"1000\" height=\"668\" srcset=\"https:\/\/fpvoleibol.pt\/fpv\/wp-content\/uploads\/2022\/08\/daniel-lagoa_d.jpg 1000w, https:\/\/fpvoleibol.pt\/fpv\/wp-content\/uploads\/2022\/08\/daniel-lagoa_d-300x200.jpg 300w, https:\/\/fpvoleibol.pt\/fpv\/wp-content\/uploads\/2022\/08\/daniel-lagoa_d-768x513.jpg 768w\" sizes=\"auto, (max-width: 1000px) 100vw, 1000px\" \/>As outras oito duplas portuguesas conheceram agora os advers\u00e1rios que come\u00e7am a enfrentar nas respectivas pools do Quadro Principal a partir de amanh\u00e3:<\/p>\n<p style=\"text-align: center;\"><strong>Femininos<\/strong><\/p>\n<p><strong>Pool A<\/strong> \u2013 Beatriz Pinheiro\/In\u00eas Castro<br \/>\n<strong>Pool B<\/strong> \u2013 Raquel Lacerda\/Daniela Loureiro<br \/>\n<strong>Pool C<\/strong> \u2013 Ana Monteiro\/Margarida Santos<br \/>\n<strong>Pool D<\/strong> \u2013 Juliana Antunes\/T\u00e2nia Oliveira<\/p>\n<p><strong>8h30<\/strong> \u2013 Pinheiro\/Castro x Santer\/Monkhouse (Canad\u00e1)<br \/>\n<strong>8h30<\/strong> \u2013 Glagau\/Glagau (Canad\u00e1) x Snow\/Palmer (Inglaterra)<br \/>\n<strong>9h20<\/strong> \u2013\u00a0 Namike\/\u0112bere (Let\u00f3nia) x Raquel\/Daniela<br \/>\n<strong>9h20<\/strong> \u2013 Florian\/Bouza (Espanha) x Hubscher\/Schaltegger (Su\u00ed\u00e7a)<br \/>\n<strong>10h10<\/strong> \u2013 J. Dong\/Yuan Lvwen (China) x A. Monteiro\/Santos<br \/>\n<strong>10h10<\/strong> \u2013 Dunarova\/Resova (Ch\u00e9quia) x Schmitt\/Paul (Alemanha)<br \/>\n<strong>11h00<\/strong> \u2013 Hollas, H.\/Soomets (Est\u00f3nia) x Antunes\/Oliveira<br \/>\n<strong>11h00<\/strong> \u2013 May\/Robitaille (Canad\u00e1) x Manavi\/Kalamaridou (Gr\u00e9cia)<\/p>\n<p style=\"text-align: center;\"><strong>Masculinos<\/strong><\/p>\n<p><strong>Pool A<\/strong> \u2013 Guilherme Costa\/Andr\u00e9 Sapina<br \/>\n<strong>Pool B<\/strong> \u2013 Guilherme Maia\/Filipe Leite<br \/>\n<strong>Pool C<\/strong> \u2013 Roberto Reis\/Sebasti\u00e3o Le\u00e3o<br \/>\n<strong>Pool D<\/strong> \u2013 Jo\u00e3o Pedrosa\/Hugo Campos<\/p>\n<p><strong>12h00<\/strong> \u2013 Bello, Ja.\/Bello, Jo. (Inglaterra) x Costa\/Andre Sapina<br \/>\n<strong>12h00<\/strong> \u2013 Gleed\/Jones (Inglaterra) x Huster\/Pfretzschner, S.<br \/>\n<strong>12h50<\/strong> \u2013 Z\u00fcrcher\/Jordan (Su\u00ed\u00e7a) x Maia, G.\/Leite<br \/>\n<strong>12h50<\/strong> \u2013 Aye, C.\/Aye, Q. (Fran\u00e7a) x Sacripanti\/Alfieri (It\u00e1lia)<br \/>\n<strong>13h40<\/strong> \u2013 Mol, M.\/Solhaug (Noruega) x Roberto\/Sebasti\u00e3o<br \/>\n<strong>13h40<\/strong> \u2013 Huerta, P.\/Jim\u00e9nez (Espanha) x Peter\/Hernan (Venezuela)<br \/>\n<strong>14h30<\/strong> \u2013 Pedrosa\/Campos x Klein\/Philippe (Fran\u00e7a)<br \/>\n<strong>14h30<\/strong> \u2013 Viscovich\/Marchetto (It\u00e1lia) x Altwies\/Chouikh (Fran\u00e7a)<\/p>\n<p>At\u00e9 <span style=\"text-decoration: underline;\">s\u00e1bado<\/span>, inclusive, os jogos do <strong><a href=\"https:\/\/www.cev.eu\/beach\/tour\/2022\/2022-volleyball-world-beach-pro-tour-futures-cortegaca\/\">Beach Pro Tour \u2013 Cortega\u00e7a Futures<\/a><\/strong> poder\u00e3o ser seguidos em directo atrav\u00e9s da <a href=\"https:\/\/www.youtube.com\/c\/VoleiTVPortugal\">Volei TV<\/a>, enquanto os jogos de <span style=\"text-decoration: underline;\">domingo<\/span> ser\u00e3o transmitidos no <a href=\"https:\/\/www.youtube.com\/c\/CEVolleyball\">youtube da CEV<\/a> &#8211; Confedera\u00e7\u00e3o Europeia de Voleibol.<\/p>\n<p>Em masculinos, destaque para a dupla inglesa formada pelos g\u00e9meos de origem espanhola <strong>Javier e Joaquin Bello<\/strong>, que conquistou o primeiro ouro para o seu pa\u00eds de adop\u00e7\u00e3o no <strong>Beach Volleyball World Tour 1-Star Cortega\u00e7a <\/strong>em 2021 e que assim defende o seu t\u00edtulo no sector masculino.<br \/>\nAinda em rela\u00e7\u00e3o aos favoritos nos homens, destaque tamb\u00e9m para as duplas portuguesas <strong>Jo\u00e3o Pedrosa\/Hugo Campos <\/strong>e<strong> Roberto Reis\/Sebasti\u00e3o Alves,<\/strong> respectivamente 2.\u00aa e 3.\u00aa classificadas em 2021,<\/p>\n<p>Em femininos, e para al\u00e9m das duplas lusitanas, o destaque vai para as espanholas <strong>Nazaret Florian <\/strong>e<strong> N\u00faria Bouza<\/strong>, medalhadas com o bronze no CARVP em 2021.<\/p>\n<p><strong>\u00a0Jo\u00e3o Pedrosa\/Hugo Campos <\/strong>e <strong>Beatriz Pinheiro\/In\u00eas Castro <\/strong>s\u00e3o duas jovens e promissoras duplas apoiadas pela FPV que se sagraram recentemente campe\u00e3s nacionais\u00a0 no CARVP.<br \/>\nO (primeiro) t\u00edtulo agora conquistado d\u00e1-lhes mais responsabilidade mas igual dose de confian\u00e7a para encararem com outra ambi\u00e7\u00e3o as competi\u00e7\u00f5es internacionais, a come\u00e7ar pelo <strong><a href=\"https:\/\/www.cev.eu\/beach\/tour\/2022\/2022-volleyball-world-beach-pro-tour-futures-cortegaca\/\">Beach Pro Tour \u2013 Cortega\u00e7a Futures<\/a>.<\/strong><\/p>\n<p>O\u00a0<strong><a href=\"https:\/\/www.cev.eu\/beach\/tour\/2022\/2022-volleyball-world-beach-pro-tour-futures-cortegaca\/\">Beach Pro Tour \u2013 Cortega\u00e7a Futures<\/a><\/strong> \u00e9 organizado pela Federa\u00e7\u00e3o Portuguesa de Voleibol em colabora\u00e7\u00e3o com a C\u00e2mara Municipal de Ovar e a Junta de Freguesia de Cortega\u00e7a e sob a \u00e9gide da Federa\u00e7\u00e3o Internacional de Volebol (FIVB) e da Confedera\u00e7\u00e3o Europeia de Voleibol (CEV). Mais informa\u00e7\u00f5es <a href=\"https:\/\/www.cev.eu\/beach\/tour\/2022\/2022-volleyball-world-beach-pro-tour-futures-cortegaca\/\">AQUI<\/a><br \/>\n<span style=\"font-size: 8pt;\"><strong>**As duplas e o n\u00famero de pa\u00edses poder\u00e3o sofrer altera\u00e7\u00f5es at\u00e9 ao arranque da competi\u00e7\u00e3o (n\u00fameros actualizados em 10.08.2022)<\/strong><\/span><\/p>\n<p style=\"text-align: center;\"><span style=\"text-decoration: underline;\"><strong><img loading=\"lazy\" decoding=\"async\" class=\"size-full wp-image-8732 aligncenter\" src=\"https:\/\/fpvoleibol.pt\/fpv\/wp-content\/uploads\/2021\/08\/Cortegaca_1este_podio.jpg\" alt=\"\" width=\"960\" height=\"570\" srcset=\"https:\/\/fpvoleibol.pt\/fpv\/wp-content\/uploads\/2021\/08\/Cortegaca_1este_podio.jpg 960w, https:\/\/fpvoleibol.pt\/fpv\/wp-content\/uploads\/2021\/08\/Cortegaca_1este_podio-300x178.jpg 300w, https:\/\/fpvoleibol.pt\/fpv\/wp-content\/uploads\/2021\/08\/Cortegaca_1este_podio-768x456.jpg 768w\" sizes=\"auto, (max-width: 960px) 100vw, 960px\" \/>Prata e bronze<\/strong><\/span><br \/>\n<span style=\"text-decoration: underline;\"><strong>para Portugal em 2021<\/strong><\/span><\/p>\n<p>Em 2021, as duplas <strong>Javier Bello\/Joaquin<\/strong> <strong>Bello<\/strong> (Inglaterra) e <strong>Alice Zeimann\/Shaunna Marie Polley <\/strong>(Nova Zel\u00e2ndia) venceram respectivamente o torneio masculino e o torneio feminino do Circuito Mundial de Voleibol de Praia &#8211; <strong>Beach Volleyball World Tour 1-Star Cortega\u00e7a<\/strong>, realizado no Centro de Alto Rendimento de Voleibol de Praia da FPV, em Cortega\u00e7a, Ovar.<\/p>\n<p><strong>Javier Bello<\/strong> e <strong>Joaquin<\/strong> <strong>Bello<\/strong> superaram (2-1: 17-21, 21-15 e 15-7), na final, os portugueses <strong>Jo\u00e3o Pedrosa e Hugo Campos<\/strong>.<br \/>\nNo jogo que atribuiu a medalha de bronze, <strong>Roberto Reis e Sebasti\u00e3o Le\u00e3o<\/strong> mostraram-se mais fortes do que os austr\u00edacos Jakob Reiter e Michael Murauer: 2-1, com os parciais de 16-21, 21-16 e 15-9.<br \/>\nOs jogos da\u00a0<strong>Beach Volleyball World Tour 1-Star Cortega\u00e7a<\/strong> foram todos transmitidos pela <a href=\"https:\/\/www.youtube.com\/channel\/UCnAuS06uM7qu0ntF-AAn1mw\">Volei TV<\/a>, sendo que as finais tiveram transmiss\u00e3o em directo tamb\u00e9m no canal <strong>A Bola TV<\/strong> e no canal multim\u00e9dia da CEV: <a href=\"https:\/\/www.eurovolley.tv\/en-int\/page\/home-cev\">CEV EuroVolley TV<\/a>.<\/p>\n<p>Na final de femininos, a dupla neozelandesa <strong>Alice Zeimann\/Shaunna Marie Polley<\/strong>, proveniente da fase de qualifica\u00e7\u00e3o, conseguiu contrariar o favoritismo atribu\u00eddo a <strong>Brecht Piersma e Emma Piersma<\/strong> e arrebatar a medalha de ouro: 2-1 (19-21, 21-15 e 15-7).<br \/>\nNo <span style=\"text-decoration: underline;\">jogo de atribui\u00e7\u00e3o do 3.\u00ba lugar<\/span>,\u00a0as espanholas <strong>Nazaret Florian e Nuria Bouza<\/strong> superiorizaram-se (2-0: 21-17 e 22-20) \u00e0s holandesas <strong>Wies Bekhuis<\/strong> e <strong>Nadine Everaer<\/strong>t.<\/p>\n<p>Mais informa\u00e7\u00f5es e fotos <a href=\"https:\/\/www.cev.eu\/beach\/world-tour\/2021\/1-cortegaca\/\">aqui<\/a><\/p>\n","protected":false},"excerpt":{"rendered":"<p>O\u00a0Beach Pro Tour \u2013 Cortega\u00e7a Futures arrancou hoje e prolonga-se at\u00e9 domingo, no Centro de Alto Rendimento de Voleibol de Praia (CARVP) da FPV, em Cortega\u00e7a, Ovar. As surpresas come\u00e7aram [&hellip;]<\/p>\n","protected":false},"author":2,"featured_media":18321,"comment_status":"open","ping_status":"open","sticky":false,"template":"","format":"standard","meta":{"_monsterinsights_skip_tracking":false,"_monsterinsights_sitenote_active":false,"_monsterinsights_sitenote_note":"","_monsterinsights_sitenote_category":0,"footnotes":""},"categories":[9],"tags":[73],"class_list":{"0":"post-18274","1":"post","2":"type-post","3":"status-publish","4":"format-standard","5":"has-post-thumbnail","7":"category-voleibol-de-praia","8":"tag-bpt-cortegaca2022","9":"czr-hentry"},"aioseo_notices":[],"_links":{"self":[{"href":"https:\/\/fpvoleibol.pt\/fpv\/wp-json\/wp\/v2\/posts\/18274","targetHints":{"allow":["GET"]}}],"collection":[{"href":"https:\/\/fpvoleibol.pt\/fpv\/wp-json\/wp\/v2\/posts"}],"about":[{"href":"https:\/\/fpvoleibol.pt\/fpv\/wp-json\/wp\/v2\/types\/post"}],"author":[{"embeddable":true,"href":"https:\/\/fpvoleibol.pt\/fpv\/wp-json\/wp\/v2\/users\/2"}],"replies":[{"embeddable":true,"href":"https:\/\/fpvoleibol.pt\/fpv\/wp-json\/wp\/v2\/comments?post=18274"}],"version-history":[{"count":31,"href":"https:\/\/fpvoleibol.pt\/fpv\/wp-json\/wp\/v2\/posts\/18274\/revisions"}],"predecessor-version":[{"id":18332,"href":"https:\/\/fpvoleibol.pt\/fpv\/wp-json\/wp\/v2\/posts\/18274\/revisions\/18332"}],"wp:featuredmedia":[{"embeddable":true,"href":"https:\/\/fpvoleibol.pt\/fpv\/wp-json\/wp\/v2\/media\/18321"}],"wp:attachment":[{"href":"https:\/\/fpvoleibol.pt\/fpv\/wp-json\/wp\/v2\/media?parent=18274"}],"wp:term":[{"taxonomy":"category","embeddable":true,"href":"https:\/\/fpvoleibol.pt\/fpv\/wp-json\/wp\/v2\/categories?post=18274"},{"taxonomy":"post_tag","embeddable":true,"href":"https:\/\/fpvoleibol.pt\/fpv\/wp-json\/wp\/v2\/tags?post=18274"}],"curies":[{"name":"wp","href":"https:\/\/api.w.org\/{rel}","templated":true}]}}