{"id":17894,"date":"2022-08-01T15:10:45","date_gmt":"2022-08-01T15:10:45","guid":{"rendered":"https:\/\/fpvoleibol.pt\/fpv\/?p=17894"},"modified":"2022-08-01T16:57:08","modified_gmt":"2022-08-01T16:57:08","slug":"eurovolley-2023-portugal-x-islandia-4-a-feira-21h00","status":"publish","type":"post","link":"https:\/\/fpvoleibol.pt\/fpv\/2022\/08\/01\/eurovolley-2023-portugal-x-islandia-4-a-feira-21h00\/","title":{"rendered":"EUROVOLLEY 2023: PORTUGAL x ISL\u00c2NDIA (4.\u00aa FEIRA, 21H00)"},"content":{"rendered":"<p style=\"text-align: left;\"><img loading=\"lazy\" decoding=\"async\" class=\"size-full wp-image-17902 aligncenter\" src=\"https:\/\/fpvoleibol.pt\/fpv\/wp-content\/uploads\/2022\/08\/eurovolley_sen_masc_2023_dd.jpg\" alt=\"\" width=\"1000\" height=\"1414\" srcset=\"https:\/\/fpvoleibol.pt\/fpv\/wp-content\/uploads\/2022\/08\/eurovolley_sen_masc_2023_dd.jpg 1000w, https:\/\/fpvoleibol.pt\/fpv\/wp-content\/uploads\/2022\/08\/eurovolley_sen_masc_2023_dd-212x300.jpg 212w, https:\/\/fpvoleibol.pt\/fpv\/wp-content\/uploads\/2022\/08\/eurovolley_sen_masc_2023_dd-724x1024.jpg 724w, https:\/\/fpvoleibol.pt\/fpv\/wp-content\/uploads\/2022\/08\/eurovolley_sen_masc_2023_dd-768x1086.jpg 768w\" sizes=\"auto, (max-width: 1000px) 100vw, 1000px\" \/>A <strong>Selec\u00e7\u00e3o Nacional de Seniores Masculinos<\/strong>, orientada por <strong>Jo\u00e3o Jos\u00e9<\/strong>, recebe a Isl\u00e2ndia na quarta-feira (21h00\/<a href=\"https:\/\/www.sporttv.pt\/pesquisa\/VOLEIBOL\/\">Sport TV<\/a>) no <span style=\"text-decoration: underline;\">Pavilh\u00e3o Desportivo Municipal da P\u00f3voa de Varzim<\/span>, no jogo de estreia na fase de apuramento para o <strong>Campeonato da Europa 2023<\/strong>.<\/p>\n<p style=\"text-align: left;\">Na <a href=\"https:\/\/eurovolley.cev.eu\/en\/2023\/men\/qualifiers-area\/#matches\">Pool D<\/a> de qualifica\u00e7\u00e3o do EuroVolley, Portugal vai enfrentar as selec\u00e7\u00f5es de Montenegro, Luxemburgo e Isl\u00e2ndia. Ver mais <a href=\"https:\/\/fpvoleibol.pt\/eurovolley2023\/\">AQUI<\/a><\/p>\n<p><strong>Alexandre Ferreira<\/strong>, que actua habitualmente na posi\u00e7\u00e3o de Zona 4 e come\u00e7ar\u00e1 esta fase de qualifica\u00e7\u00e3o como Oposto, n\u00e3o renega o r\u00f3tulo de <em>candidato principal<\/em> ao apuramento mas alerta para o potencial dos advers\u00e1rios.<br \/>\n&#8220;<em>\u00c9 verdade que somos vistos como favoritos neste grupo, pois estamos perante equipas bem abaixo de n\u00f3s no ranking internacional, mas temos de ter consci\u00eancia que Montenegro \u00e9 uma selec\u00e7\u00e3o j\u00e1 batida em apuramentos e que tem jogadores com um bom n\u00edvel.<\/em><br \/>\n<em>\u00c9 importante entrarmos a ganhar e assumirmos logo a nossa posi\u00e7\u00e3o no grupo, at\u00e9 porque vamos directos para a competi\u00e7\u00e3o sem qualquer jogo de prepara\u00e7\u00e3o<\/em>&#8220;, salienta o capit\u00e3o da Selec\u00e7\u00e3o Nacional, adiantando que &#8220;<em>uma vit\u00f3ria no jogo de estreia, com a Isl\u00e2ndia, aumentaria os n\u00edveis de confian\u00e7a que este grupo precisa para o resto da competi\u00e7\u00e3o<\/em>&#8220;.<\/p>\n<p>Quanto a objectivos para esta \u00e9poca, na Selec\u00e7\u00e3o, Alex salienta que &#8220;<em>vou assumir a posi\u00e7\u00e3o de Oposto desta vez, pensando que poder\u00e1 ser a melhor maneira de dar o meu contributo neste grupo. Estamos todos focados em colocar Portugal mais uma vez num Europeu!<\/em>&#8220;, enquanto no seu (pr\u00f3ximo) clube, o Fenerbah\u00e7e HDI Sigorta, da Turquia, quer &#8220;<em>ganhar a Ta\u00e7a CEV e o Campeonato Turco<\/em>&#8220;.<\/p>\n<p style=\"text-align: left;\"><img loading=\"lazy\" decoding=\"async\" class=\"size-full wp-image-16195 aligncenter\" src=\"https:\/\/fpvoleibol.pt\/fpv\/wp-content\/uploads\/2022\/05\/joao_Jose_EGL_2022.jpg\" alt=\"\" width=\"960\" height=\"640\" srcset=\"https:\/\/fpvoleibol.pt\/fpv\/wp-content\/uploads\/2022\/05\/joao_Jose_EGL_2022.jpg 960w, https:\/\/fpvoleibol.pt\/fpv\/wp-content\/uploads\/2022\/05\/joao_Jose_EGL_2022-300x200.jpg 300w, https:\/\/fpvoleibol.pt\/fpv\/wp-content\/uploads\/2022\/05\/joao_Jose_EGL_2022-768x512.jpg 768w\" sizes=\"auto, (max-width: 960px) 100vw, 960px\" \/>Por seu turno, Jo\u00e3o Jos\u00e9, <strong>Seleccionador Nacional<\/strong>, acredita &#8220;na <em>ambi\u00e7\u00e3o e no valor&#8221;<\/em> da <em>S<\/em>elec\u00e7\u00e3o mas n\u00e3o minimiza o perigo que os advers\u00e1rios podem representar:<br \/>\n\u201c<em>\u00c9 um grupo em que aparecemos como cabe\u00e7as-de-s\u00e9rie pelo <a href=\"https:\/\/www.cev.eu\/national-team\/rankings\/#men\">Ranking da CEV<\/a> e logo a seguir vem Montenegro que, apesar de n\u00e3o ter feito uma fase final brilhante, se qualificou-se para a fase final do Campeonato da Europeu 2021 em primeiro lugar do seu grupo e \u00e9 uma selec\u00e7\u00e3o constitu\u00edda por atletas experimentados e habituados ao n\u00edvel internacional.<\/em><br \/>\n<em>Mais abaixo no ranking vem o Luxemburgo, que tem como atleta de refer\u00eancia <a href=\"https:\/\/www.legavolley.it\/player\/RYC-KAM-96\">Kamii Rychlicki<\/a>, que joga como oposto no Perugia em It\u00e1lia, e a Isl\u00e2ndia. <\/em><br \/>\n<em>Somos uma Selec\u00e7\u00e3o com ambi\u00e7\u00e3o e valor para conseguir o apuramento e esse \u00e9 um dos nossos objectivos neste ano de 2022, mas antes h\u00e1 muito que fazer, um caminho que continuamos a percorrer depois da <a href=\"https:\/\/www.cev.eu\/national-team\/european-league\/european-golden-league\/men\/#league-round\">Golden League<\/a><\/em>\u201d.<\/p>\n<p>Em 2021, a Selec\u00e7\u00e3o Nacional fez hist\u00f3ria ao qualificar-se para oitavos-de-final do Campeonato da Europa (Est\u00f3nia, Finl\u00e2ndia, Pol\u00f3nia e Rep\u00fablica Checa), competi\u00e7\u00e3o que disputou pela segunda vez consecutiva, depois de dois anos antes ter estado presente no EuroVolley 2019 (B\u00e9lgica\/Eslov\u00e9nia\/Fran\u00e7a\/Holanda).<\/p>\n<p style=\"text-align: center;\">Os <strong>15 jogadores<\/strong>\u00a0em est\u00e1gio<\/p>\n<table style=\"width: 100.153%; height: 388px;\" width=\"1085\">\n<tbody>\n<tr style=\"height: 24px; background-color: #2387c4;\">\n<td style=\"width: 28.0309%; text-align: center; height: 24px;\" width=\"257\"><span style=\"color: #ffffff;\"><strong>Nome<\/strong><\/span><\/td>\n<td style=\"width: 27.2234%; text-align: center; height: 24px;\" width=\"290\"><span style=\"color: #ffffff;\"><strong>Clube<\/strong><\/span><\/td>\n<td style=\"width: 18.706%; text-align: center; height: 24px;\" width=\"227\"><span style=\"color: #ffffff;\"><strong>Posi\u00e7\u00e3o<\/strong><\/span><\/td>\n<\/tr>\n<tr style=\"height: 24px;\">\n<td style=\"width: 28.0309%; text-align: center; height: 24px;\" width=\"257\">Filip Cveticanin<\/td>\n<td style=\"width: 27.2234%; text-align: center; height: 24px;\" width=\"290\">AS Cannes (FRA)<\/td>\n<td style=\"width: 18.706%; text-align: center; height: 24px;\" width=\"227\">Central<\/td>\n<\/tr>\n<tr style=\"height: 24px;\">\n<td style=\"width: 28.0309%; text-align: center; height: 24px;\" width=\"257\">Miguel Sinfr\u00f3nio<\/td>\n<td style=\"width: 27.2234%; text-align: center; height: 24px;\" width=\"290\">Leix\u00f5es SC<\/td>\n<td style=\"width: 18.706%; text-align: center; height: 24px;\" width=\"227\">Central<\/td>\n<\/tr>\n<tr style=\"height: 24px;\">\n<td style=\"width: 28.0309%; text-align: center; height: 24px;\" width=\"257\">Phelipe Martins<\/td>\n<td style=\"width: 27.2234%; text-align: center; height: 24px;\" width=\"290\">VC Viana<\/td>\n<td style=\"width: 18.706%; text-align: center; height: 24px;\" width=\"227\">Central<\/td>\n<\/tr>\n<tr style=\"height: 24px;\">\n<td style=\"width: 28.0309%; text-align: center; height: 24px;\">Jos\u00e9 Belo<\/td>\n<td style=\"width: 27.2234%; text-align: center; height: 24px;\">Cast\u00ealo da Maia GC<\/td>\n<td style=\"width: 18.706%; text-align: center; height: 24px;\">Central<\/td>\n<\/tr>\n<tr style=\"height: 24px;\">\n<td style=\"width: 28.0309%; text-align: center; height: 24px;\" width=\"257\">Jos\u00e9 Neves<\/td>\n<td style=\"width: 27.2234%; text-align: center; height: 24px;\" width=\"290\">AJ Fonte do Bastardo<\/td>\n<td style=\"width: 18.706%; text-align: center; height: 24px;\" width=\"227\">Distribuidor<\/td>\n<\/tr>\n<tr style=\"height: 24px;\">\n<td style=\"width: 28.0309%; text-align: center; height: 24px;\" width=\"257\">Tiago Violas<\/td>\n<td style=\"width: 27.2234%; text-align: center; height: 24px;\" width=\"290\">SL Benfica<\/td>\n<td style=\"width: 18.706%; text-align: center; height: 24px;\" width=\"227\">Distribuidor<\/td>\n<\/tr>\n<tr style=\"height: 24px;\">\n<td style=\"width: 28.0309%; text-align: center; height: 24px;\" width=\"257\">Gil Meireles<\/td>\n<td style=\"width: 27.2234%; text-align: center; height: 24px;\" width=\"290\">Sporting CP<\/td>\n<td style=\"width: 18.706%; text-align: center; height: 24px;\" width=\"227\">Libero<\/td>\n<\/tr>\n<tr style=\"height: 24px;\">\n<td style=\"width: 28.0309%; text-align: center; height: 24px;\" width=\"257\">Ivo Casas<\/td>\n<td style=\"width: 27.2234%; text-align: center; height: 24px;\" width=\"290\">SL Benfica<\/td>\n<td style=\"width: 18.706%; text-align: center; height: 24px;\" width=\"227\">Libero<\/td>\n<\/tr>\n<tr style=\"height: 24px;\">\n<td style=\"width: 28.0309%; text-align: center; height: 24px;\" width=\"257\">Bruno Cunha<\/td>\n<td style=\"width: 27.2234%; text-align: center; height: 24px;\" width=\"290\">AJ Fonte Bastardo<\/td>\n<td style=\"width: 18.706%; text-align: center; height: 24px;\" width=\"227\">Oposto<\/td>\n<\/tr>\n<tr style=\"height: 24px;\">\n<td style=\"width: 28.0309%; text-align: center; height: 24px;\" width=\"257\">Alexandre Ferreira<\/td>\n<td style=\"width: 27.2234%; text-align: center; height: 24px;\" width=\"290\">Woori Card (KOR)<\/td>\n<td style=\"width: 18.706%; text-align: center; height: 24px;\" width=\"227\">Zona 4<\/td>\n<\/tr>\n<tr style=\"height: 24px;\">\n<td style=\"width: 28.0309%; text-align: center; height: 24px;\" width=\"257\">Andr\u00e9 Marques<\/td>\n<td style=\"width: 27.2234%; text-align: center; height: 24px;\" width=\"290\">Cast\u00ealo da Maia GC<\/td>\n<td style=\"width: 18.706%; text-align: center; height: 24px;\" width=\"227\">Zona 4<\/td>\n<\/tr>\n<tr style=\"height: 24px;\">\n<td style=\"width: 28.0309%; text-align: center; height: 24px;\" width=\"257\">Jo\u00e3o Oliveira<\/td>\n<td style=\"width: 27.2234%; text-align: center; height: 24px;\" width=\"290\">Vit\u00f3ria SC<\/td>\n<td style=\"width: 18.706%; text-align: center; height: 24px;\" width=\"227\">Zona 4<\/td>\n<\/tr>\n<tr style=\"height: 24px;\">\n<td style=\"width: 28.0309%; text-align: center; height: 24px;\" width=\"257\">Louren\u00e7o Martins<\/td>\n<td style=\"width: 27.2234%; text-align: center; height: 24px;\" width=\"290\">Saint-Nazaire VBA \u00a0(FRA)<\/td>\n<td style=\"width: 18.706%; text-align: center; height: 24px;\" width=\"227\">Zona 4<\/td>\n<\/tr>\n<tr style=\"height: 24px;\">\n<td style=\"width: 28.0309%; text-align: center; height: 24px;\" width=\"257\">Miguel Cunha<\/td>\n<td style=\"width: 27.2234%; text-align: center; height: 24px;\" width=\"290\">Vit\u00f3ria SC<\/td>\n<td style=\"width: 18.706%; text-align: center; height: 24px;\" width=\"227\">Zona 4<\/td>\n<\/tr>\n<tr style=\"height: 28px;\">\n<td style=\"width: 28.0309%; text-align: center; height: 28px;\" width=\"257\">Rafael Santos<\/td>\n<td style=\"width: 27.2234%; text-align: center; height: 28px;\" width=\"290\">Esmoriz GC<\/td>\n<td style=\"width: 18.706%; text-align: center; height: 28px;\" width=\"227\">Zona 4<\/td>\n<\/tr>\n<tr style=\"height: 0px; background-color: #2387c4;\">\n<td style=\"width: 28.0309%; text-align: center; height: 0px;\" width=\"257\"><\/td>\n<td style=\"width: 27.2234%; text-align: center; height: 0px;\" width=\"290\"><\/td>\n<td style=\"width: 18.706%; text-align: center; height: 0px;\" width=\"227\"><\/td>\n<\/tr>\n<\/tbody>\n<\/table>\n<p style=\"text-align: center;\"><img loading=\"lazy\" decoding=\"async\" class=\"size-full wp-image-16451 aligncenter\" src=\"https:\/\/fpvoleibol.pt\/fpv\/wp-content\/uploads\/2022\/06\/turquiaxportugal_snsm_d1.jpg\" alt=\"\" width=\"960\" height=\"640\" srcset=\"https:\/\/fpvoleibol.pt\/fpv\/wp-content\/uploads\/2022\/06\/turquiaxportugal_snsm_d1.jpg 960w, https:\/\/fpvoleibol.pt\/fpv\/wp-content\/uploads\/2022\/06\/turquiaxportugal_snsm_d1-300x200.jpg 300w, https:\/\/fpvoleibol.pt\/fpv\/wp-content\/uploads\/2022\/06\/turquiaxportugal_snsm_d1-768x512.jpg 768w\" sizes=\"auto, (max-width: 960px) 100vw, 960px\" \/>Na Pool D da fase de apuramento para o <strong>Campeonato da Europa 2023<\/strong>, Portugal vai defrontar as selec\u00e7\u00f5es de Montenegro, Luxemburgo e Isl\u00e2ndia.<\/p>\n<table style=\"width: 98.4543%;\" width=\"0\">\n<tbody>\n<tr style=\"background-color: #3599a6;\">\n<td style=\"width: 14.4369%; text-align: center;\" colspan=\"2\"><\/td>\n<td style=\"width: 41.3481%; text-align: center;\"><span style=\"background-color: #33cccc; color: #ffffff;\"><strong>Pool D \u2013 EuroVolley 2023<\/strong><\/span><\/td>\n<td style=\"width: 67.671%; text-align: center;\"><\/td>\n<\/tr>\n<tr>\n<td style=\"width: 14.4369%; text-align: center;\" width=\"95\">03\/ago\/22<\/td>\n<td style=\"width: 10.93%; text-align: center;\" width=\"64\">21h00<\/td>\n<td style=\"width: 41.3481%; text-align: center;\" width=\"153\"><strong>Portugal x Isl\u00e2ndia<\/strong><\/td>\n<td style=\"width: 67.671%; text-align: center;\" width=\"127\"><strong>PDM P\u00f3voa de Varzim<\/strong><\/td>\n<\/tr>\n<tr>\n<td style=\"width: 14.4369%; text-align: center;\" width=\"95\">7\/ago\/22<\/td>\n<td style=\"width: 10.93%; text-align: center;\" width=\"64\">16h30<\/td>\n<td style=\"width: 41.3481%; text-align: center;\" width=\"153\"><strong>Montenegro x Portugal<\/strong><\/td>\n<td style=\"width: 67.671%; text-align: center;\" width=\"127\">Kolasin<\/td>\n<\/tr>\n<tr>\n<td style=\"width: 14.4369%; text-align: center;\" width=\"95\">10\/ago\/22<\/td>\n<td style=\"width: 10.93%; text-align: center;\" width=\"64\">21h00<\/td>\n<td style=\"width: 41.3481%; text-align: center;\" width=\"153\"><strong>Portugal x Luxemburgo<\/strong><\/td>\n<td style=\"width: 67.671%; text-align: center;\" width=\"127\"><strong>PDM P\u00f3voa de Varzim<\/strong><\/td>\n<\/tr>\n<tr>\n<td style=\"width: 14.4369%; text-align: center;\" width=\"95\">13\/ago\/22<\/td>\n<td style=\"width: 10.93%; text-align: center;\" width=\"64\">18h00<\/td>\n<td style=\"width: 41.3481%; text-align: center;\" width=\"153\"><strong>Luxemburgo x Portugal<\/strong><\/td>\n<td style=\"width: 67.671%; text-align: center;\" width=\"127\">Luxemburgo<\/td>\n<\/tr>\n<tr>\n<td style=\"width: 14.4369%; text-align: center;\" width=\"95\">17\/ago\/22<\/td>\n<td style=\"width: 10.93%; text-align: center;\" width=\"64\">21h00<\/td>\n<td style=\"width: 41.3481%; text-align: center;\" width=\"153\"><strong>Portugal x Montenegro<\/strong><\/td>\n<td style=\"width: 67.671%; text-align: center;\" width=\"127\"><strong>PM Santo Tirso<\/strong><\/td>\n<\/tr>\n<tr>\n<td style=\"width: 14.4369%; text-align: center;\" width=\"95\">21\/ago\/22<\/td>\n<td style=\"width: 10.93%; text-align: center;\" width=\"64\">16h00<\/td>\n<td style=\"width: 41.3481%; text-align: center;\" width=\"153\"><strong>Isl\u00e2ndia x Portugal<\/strong><\/td>\n<td style=\"width: 67.671%; text-align: center;\" width=\"127\">Kopavogur<\/td>\n<\/tr>\n<\/tbody>\n<\/table>\n<p style=\"text-align: center;\"><strong>Portugueses em ac\u00e7\u00e3o<\/strong><\/p>\n<p><strong>Teodemiro de Carvalho<\/strong>, Secret\u00e1rio-Geral da FPV, ser\u00e1 o Supervisor da CEV no jogo Cro\u00e1cia x Chipre, da Pool E da Fase de Qualifica\u00e7\u00e3o para o Campeonato da Europa 2023 &#8211; Seniores Masculinos, no dia 3 de Agosto de 2022.<\/p>\n<p><strong>Ricardo Ferreira<\/strong><br \/>\nEspanha x Eslov\u00e1quia, da Pool F da Fase de Qualifica\u00e7\u00e3o para o Campeonato da Europa de Seniores Masculinos 2023, no dia 8 de Agosto de 2022.<br \/>\nB\u00e9lgica x Est\u00f3nia, da Pool C da Fase de Qualifica\u00e7\u00e3o para o Campeonato da Europa de Seniores Masculinos 2023, no dia 17 de Agosto de 2022.<\/p>\n<p><strong>Jos\u00e9 Caramez<\/strong><br \/>\nEspanha x Hungria, da Pool F da Fase de Qualifica\u00e7\u00e3o para o Campeonato da Europa de Seniores Masculinos 2023, no dia 21 de Agosto de 2022.<\/p>\n<p><strong>Nuno Maia<\/strong><br \/>\nEspanha x Eslov\u00e1quia, da Pool E da Fase de Qualifica\u00e7\u00e3o para o Campeonato da Europa de Seniores Femininos 2023, no dia 24 de Agosto de 2022.<\/p>\n<p><strong>Pedro Pinto<\/strong><br \/>\nEspanha x Let\u00f3nia, da Pool E da Fase de Qualifica\u00e7\u00e3o para o Campeonato da Europa de Seniores Femininos 2023, no dia 27 de Agosto de 2022.<\/p>\n<p><strong>V\u00edtor Gon\u00e7alves<\/strong><br \/>\nEspanha x Dinamarca, da Pool E da Fase de Qualifica\u00e7\u00e3o para o Campeonato da Europa 2023 &#8211; Seniores Femininos, no dia 11 de Setembro de 2022.<\/p>\n<p style=\"text-align: center;\">Mais informa\u00e7\u00f5es em <a href=\"http:\/\/www.cev.eu\">www.cev.eu<\/a><\/p>\n","protected":false},"excerpt":{"rendered":"<p>A Selec\u00e7\u00e3o Nacional de Seniores Masculinos, orientada por Jo\u00e3o Jos\u00e9, recebe a Isl\u00e2ndia na quarta-feira (21h00\/Sport TV) no Pavilh\u00e3o Desportivo Municipal da P\u00f3voa de Varzim, no jogo de estreia na [&hellip;]<\/p>\n","protected":false},"author":2,"featured_media":17903,"comment_status":"open","ping_status":"open","sticky":false,"template":"","format":"standard","meta":{"_monsterinsights_skip_tracking":false,"_monsterinsights_sitenote_active":false,"_monsterinsights_sitenote_note":"","_monsterinsights_sitenote_category":0,"footnotes":""},"categories":[13,8],"tags":[64],"class_list":{"0":"post-17894","1":"post","2":"type-post","3":"status-publish","4":"format-standard","5":"has-post-thumbnail","7":"category-arbitragem","8":"category-voleibol","9":"tag-campeonato-da-europa-2023","10":"czr-hentry"},"aioseo_notices":[],"_links":{"self":[{"href":"https:\/\/fpvoleibol.pt\/fpv\/wp-json\/wp\/v2\/posts\/17894","targetHints":{"allow":["GET"]}}],"collection":[{"href":"https:\/\/fpvoleibol.pt\/fpv\/wp-json\/wp\/v2\/posts"}],"about":[{"href":"https:\/\/fpvoleibol.pt\/fpv\/wp-json\/wp\/v2\/types\/post"}],"author":[{"embeddable":true,"href":"https:\/\/fpvoleibol.pt\/fpv\/wp-json\/wp\/v2\/users\/2"}],"replies":[{"embeddable":true,"href":"https:\/\/fpvoleibol.pt\/fpv\/wp-json\/wp\/v2\/comments?post=17894"}],"version-history":[{"count":15,"href":"https:\/\/fpvoleibol.pt\/fpv\/wp-json\/wp\/v2\/posts\/17894\/revisions"}],"predecessor-version":[{"id":17926,"href":"https:\/\/fpvoleibol.pt\/fpv\/wp-json\/wp\/v2\/posts\/17894\/revisions\/17926"}],"wp:featuredmedia":[{"embeddable":true,"href":"https:\/\/fpvoleibol.pt\/fpv\/wp-json\/wp\/v2\/media\/17903"}],"wp:attachment":[{"href":"https:\/\/fpvoleibol.pt\/fpv\/wp-json\/wp\/v2\/media?parent=17894"}],"wp:term":[{"taxonomy":"category","embeddable":true,"href":"https:\/\/fpvoleibol.pt\/fpv\/wp-json\/wp\/v2\/categories?post=17894"},{"taxonomy":"post_tag","embeddable":true,"href":"https:\/\/fpvoleibol.pt\/fpv\/wp-json\/wp\/v2\/tags?post=17894"}],"curies":[{"name":"wp","href":"https:\/\/api.w.org\/{rel}","templated":true}]}}