{"id":17633,"date":"2022-07-16T19:47:30","date_gmt":"2022-07-16T19:47:30","guid":{"rendered":"https:\/\/fpvoleibol.pt\/fpv\/?p=17633"},"modified":"2022-07-16T19:56:28","modified_gmt":"2022-07-16T19:56:28","slug":"publico-em-sintonia-com-as-vibracoes-do-challenge-de-espinho","status":"publish","type":"post","link":"https:\/\/fpvoleibol.pt\/fpv\/2022\/07\/16\/publico-em-sintonia-com-as-vibracoes-do-challenge-de-espinho\/","title":{"rendered":"P\u00daBLICO EM SINTONIA COM AS VIBRA\u00c7\u00d5ES DO CHALLENGE DE ESPINHO"},"content":{"rendered":"<p><img loading=\"lazy\" decoding=\"async\" class=\"size-full wp-image-17641 aligncenter\" src=\"https:\/\/fpvoleibol.pt\/fpv\/wp-content\/uploads\/2022\/07\/espanholas_espinho_BPT.jpg\" alt=\"\" width=\"1000\" height=\"667\" srcset=\"https:\/\/fpvoleibol.pt\/fpv\/wp-content\/uploads\/2022\/07\/espanholas_espinho_BPT.jpg 1000w, https:\/\/fpvoleibol.pt\/fpv\/wp-content\/uploads\/2022\/07\/espanholas_espinho_BPT-300x200.jpg 300w, https:\/\/fpvoleibol.pt\/fpv\/wp-content\/uploads\/2022\/07\/espanholas_espinho_BPT-768x512.jpg 768w\" sizes=\"auto, (max-width: 1000px) 100vw, 1000px\" \/>O Voleibol de Praia regressou em for\u00e7a a Espinho!<br \/>\nAp\u00f3s ter acolhido durante d\u00e9cadas, e mais recentemente em 2018 e 2019, etapas do <u>Circuito Mundial de Voleibol de Praia (FIVB Beach Volleyball World Tour)<\/u>, a cidade de <strong>Espinho<\/strong> voltou a atrair e, como sempre, a cativar os melhores atletas mundiais de Voleibol de Praia.<\/p>\n<p>O <strong><a href=\"https:\/\/en.volleyballworld.com\/beachvolleyball\/competitions\/beach-pro-tour-2022\/events\/challenge\/espinho-portugal\/\">FIVB Beach Pro Tour Challenge de Espinho<\/a>,<\/strong> que termina amanh\u00e3 na <em>superconcorrida<\/em> e apelativa Praia da Ba\u00eda, j\u00e1 n\u00e3o conta com duplas portuguesas mas continua a garantir fortes emo\u00e7\u00f5es e a grande qualidade dos espect\u00e1culos de Voleibol de Praia.<br \/>\nUma <em>boa nova<\/em>: <span style=\"text-decoration: underline;\">As finais de femininos (15h00) e de masculinos (17h30) ter\u00e3o transmiss\u00e3o em directo n&#8217; <strong>A Bola TV<\/strong><\/span>.<\/p>\n<p><img loading=\"lazy\" decoding=\"async\" class=\"size-full wp-image-17652 aligncenter\" src=\"https:\/\/fpvoleibol.pt\/fpv\/wp-content\/uploads\/2022\/07\/espinho_publico_abola.jpg\" alt=\"\" width=\"1000\" height=\"667\" srcset=\"https:\/\/fpvoleibol.pt\/fpv\/wp-content\/uploads\/2022\/07\/espinho_publico_abola.jpg 1000w, https:\/\/fpvoleibol.pt\/fpv\/wp-content\/uploads\/2022\/07\/espinho_publico_abola-300x200.jpg 300w, https:\/\/fpvoleibol.pt\/fpv\/wp-content\/uploads\/2022\/07\/espinho_publico_abola-768x512.jpg 768w\" sizes=\"auto, (max-width: 1000px) 100vw, 1000px\" \/><\/p>\n<p>Amanh\u00e3 disputam-se os seguintes jogos:<\/p>\n<p style=\"text-align: center;\"><span style=\"text-decoration: underline;\"><strong>Meias-finais de femininos<\/strong><\/span><br \/>\n<strong>9h00<\/strong> &#8211; Soria\/Gonz\u00e1lez (Espanha) x Quiggle\/Schermerhorn (EUA)<br \/>\n<strong>10h00<\/strong> &#8211; Clancy\/Mariafe x Andressa\/Vit\u00f3ria (Brasil)<\/p>\n<p style=\"text-align: center;\"><strong>14h00<\/strong> &#8211; Jogo de atribui\u00e7\u00e3o do 3.\u00ba e do 4.\u00ba lugar<br \/>\n<strong>15h00<\/strong> &#8211; Final (<span style=\"text-decoration: underline;\">em directo n&#8217; A Bola TV<\/span>)<\/p>\n<p style=\"text-align: center;\"><span style=\"text-decoration: underline;\"><strong>Meias-finais de masculinos<\/strong><\/span><br \/>\n<strong>11h30<\/strong> &#8211; Kantor\/Rudol (POL) x Ermacora\/Pristauz (AUT)<br \/>\n1<strong>2h30<\/strong> &#8211; Bryl\/Losiak (POL) x Samoilovs\/Smedins (LAT)<\/p>\n<p style=\"text-align: center;\"><strong>16h30<\/strong> &#8211; Jogo de atribui\u00e7\u00e3o do 3.\u00ba e do 4.\u00ba lugar<br \/>\n<strong>17h30<\/strong> &#8211; Final (<span style=\"text-decoration: underline;\">em directo n&#8217; A Bola TV<\/span>)<\/p>\n<p><img loading=\"lazy\" decoding=\"async\" class=\"size-full wp-image-17655 aligncenter\" src=\"https:\/\/fpvoleibol.pt\/fpv\/wp-content\/uploads\/2022\/07\/persona_bptespinho2022.jpg\" alt=\"\" width=\"1000\" height=\"666\" srcset=\"https:\/\/fpvoleibol.pt\/fpv\/wp-content\/uploads\/2022\/07\/persona_bptespinho2022.jpg 1000w, https:\/\/fpvoleibol.pt\/fpv\/wp-content\/uploads\/2022\/07\/persona_bptespinho2022-300x200.jpg 300w, https:\/\/fpvoleibol.pt\/fpv\/wp-content\/uploads\/2022\/07\/persona_bptespinho2022-768x511.jpg 768w\" sizes=\"auto, (max-width: 1000px) 100vw, 1000px\" \/>No numeroso p\u00fablico que assistiu hoje em directo ao <strong>Challenge de Espinho,<\/strong> assinale-se a presen\u00e7a de Jo\u00e3o Paulo Correia, Secret\u00e1rio de Estado da Juventude e do Desporto, Adelino Miguel Reis e \u00c1lvaro Monteiro, respectivamente Presidente e Vice-Presidente da C\u00e2mara Municipal de Espinho, de Vicente Ara\u00fajo e \u00c1lvaro Lopes, respectivamente Presidente e Vice-Presidente da Federa\u00e7\u00e3o Portuguesa de Voleibol, e de Miguel Maia e Jo\u00e3o Brenha, antigos atletas ol\u00edmpicos de Voleibol de Praia, entre outras personalidades.<\/p>\n<p style=\"text-align: center;\"><span style=\"text-decoration: underline;\"><strong>Os semifinalistas<\/strong><\/span><\/p>\n<p>E o p\u00fablico, que hoje voltou a encher as bancadas do est\u00e1dio da Praia da Ba\u00eda, j\u00e1 tem os seus favoritos e favoritas.<br \/>\nUma delas \u00e9 a dupla espanhola <strong>Paula Soria\/Sof\u00eda Gonz\u00e1lez<\/strong>, vencedora do Future de Madrid, que j\u00e1 ganhou o respeito e carinho dos portugueses, que apoiaram do princ\u00edpio ao fim <em>nuestras hermanas<\/em> nos quartos-de-final com as francesas L\u00e9zana Placette\/Alexia Richard, um jogo que empolgou a multid\u00e3o e terminou com o triunfo por 2-0 (21-19 e 27-25) das ib\u00e9ricas.<\/p>\n<p>&#8220;<em>\u00c9 o nosso primeiro ano juntas e defrontamos equipas que jogam juntas h\u00e1 alguns anos. Faz muito calor em Espinho e j\u00e1 disput\u00e1mos seis jogos neste torneio, mas estamos muito motivadas e vamos fazer tudo para conseguirmos uma medalha para Espanha.<\/em><br \/>\n<em>O p\u00fablico tem-nos acarinhado muito e estamos supercontentes\u00a0por jogar aqui em Espinho, uma cidade conhecida pelas competi\u00e7\u00f5es de Voleibol de Praia que aqui se realizam h\u00e1 j\u00e1 alguns anos<\/em>&#8221; &#8211; <strong>Paula Soria\/Sof\u00eda Gonz\u00e1lez<\/strong><\/p>\n<p>Apontadas como uma das grandes favoritas, a dupla australiana <strong>Taliqua Clancy\/Mariafe Artacho Del Solar<\/strong>, vice-campe\u00e3 ol\u00edmpica em T\u00f3quio e medalha de bronze no Mundial de 2019 \u2013 j\u00e1 est\u00e1 junta desde 2017 , tendo vencido o WT4* disputado em Espinho em 2018, ano em que se sagrou campe\u00e3 asi\u00e1tica.<\/p>\n<p><strong>Andressa Cavalcanti\/Vit\u00f3ria de Souza <\/strong>subiram ao terceiro degrau do p\u00f3dio no Challenge de Itapema.<\/p>\n<p><strong>Corinne Quiggle\/Sarah Schermerhorn<\/strong>, 9.\u00aas classificadas nos Challenge de Doha, Kusadi e Tlaxcala e 17.\u00aas no Elite 16 de Gstaad.<\/p>\n<p>Em masculinos, <strong>Aleksandrs Samoilovs\/Janis Smedins<\/strong>, medalha de bronze em Tlaxcala e vencedores no WT1* de Espinho, em 2018. Conhecido como o Rei Le\u00e3o (<em>Lion King<\/em>), pelo seu cabelo que parece uma juba, Samoilovs participou em tr\u00eas edi\u00e7\u00f5es dos Jogos Ol\u00edmpicos e \u00e9 um dos jogadores predilectos do p\u00fablico em Espinho.<br \/>\nA dupla polaca formada por <strong>Michal Bryl\/Bartosz Losiak<\/strong> j\u00e1 venceu o Challenge de Tlaxcala, no M\u00e9xico, e Doha, no Catar.<br \/>\nOs austr\u00edacos <strong>Moritz Pristauz\/Martin Ermacora<\/strong> foram medalhados com o bronze no Europeu de 2019 e no Challenge de Doha.<br \/>\n<strong>Piotr Kantor\/Maciej Rudol<\/strong> \u00e9 uma dupla que se formou este ano, embora os elementos que a comp\u00f5em sejam atletas bem conhecidos no Circuito Mundial e, no caso de Kantor, nos Jogos Ol\u00edmpicos.<\/p>\n<p>O <strong>Volleyball World Beach Pro Tour de 2022<\/strong> contar\u00e1 com duas etapas em Portugal: o <span style=\"text-decoration: underline;\">Beach Pro Tour Challenge de Espinho<\/span>, de 14 a 17 de Julho, e o <span style=\"text-decoration: underline;\">Beach Pro Tour Future em Cortega\u00e7a<\/span>, nos dias 11 a 14 de Agosto de 2022.<\/p>\n<p>Ap\u00f3s ter acolhido etapas do <u>Circuito Mundial de Voleibol de Praia (FIVB Beach Volleyball World Tour)<\/u>\u00a0em 2018 e 2019, a cidade de <strong>Espinho<\/strong> volta a estar na rota dos melhores atletas mundiais de Voleibol de Praia e, tal como o <strong>Centro de Alto Rendimento de Voleibol de Praia (CARVP)<\/strong> da Federa\u00e7\u00e3o Portuguesa de Voleibol localizado em Cortega\u00e7a, no munic\u00edpio de Ovar, que <a href=\"http:\/\/www.fpvoleibol.pt\/cortegaca2021\">acolheu<\/a>\u00a0a realiza\u00e7\u00e3o de uma etapa do <u>Circuito Mundial<\/u> em 2021 na sua estreia a n\u00edvel internacional, continua a merecer a confian\u00e7a e o interesse dos organismos que regem a modalidade a n\u00edvel planet\u00e1rio. Ver mais informa\u00e7\u00f5es <a href=\"https:\/\/en.volleyballworld.com\/beachvolleyball\/competitions\/beach-pro-tour-2022\/news\/beach-pro-tour-events-2022\">AQUI<\/a><\/p>\n<p>Em termos globais, esta ser\u00e1 a 17.\u00aa edi\u00e7\u00e3o da etapa espinhense de masculinos e a 12.\u00aa de femininos. Um rol de competi\u00e7\u00f5es que celebrizaram a dupla Miguel Maia\/Jo\u00e3o Brenha e, entre outros, nomes como Emanuel Rego e Ricardo Santos, a dupla estrangeira predilecta do p\u00fablico espinhense. Juntos, os brasileiros venceram tr\u00eas edi\u00e7\u00f5es (2003, 2004 e 2007) e individualmente por cinco vezes (Emanuel e Ricardo) levaram o ouro. Ver edi\u00e7\u00f5es anteriores em Espinho <a href=\"http:\/\/www.bvbinfo.com\/tournament.asp\">AQUI<\/a><\/p>\n<p>O <strong>Centro de Alto Rendimento de Voleibol de Praia<\/strong> da Federa\u00e7\u00e3o Portuguesa de Voleibol \u00e9 uma instala\u00e7\u00e3o desportiva dotada das melhores condi\u00e7\u00f5es para a pr\u00e1tica do Voleibol de Praia que recebeu j\u00e1 as finais dos Campeonatos Nacionais de Voleibol de Praia de 2020 e 2021, bem como est\u00e1gios das duplas de Israel, Venezuela, Inglaterra ou Paraguai.<\/p>\n<p>A Federa\u00e7\u00e3o Portuguesa de Voleibol continua assim a enriquecer o longo historial do Pa\u00eds na organiza\u00e7\u00e3o de importantes competi\u00e7\u00f5es internacionais, seja do World Tour seja de campeonatos europeus e mundiais de camadas mais jovens. Ver torneios de Voleibol de Praia realizados em Portugal <a href=\"http:\/\/www.bvbinfo.com\/tournament.asp\">AQUI<\/a><\/p>\n","protected":false},"excerpt":{"rendered":"<p>O Voleibol de Praia regressou em for\u00e7a a Espinho! Ap\u00f3s ter acolhido durante d\u00e9cadas, e mais recentemente em 2018 e 2019, etapas do Circuito Mundial de Voleibol de Praia (FIVB [&hellip;]<\/p>\n","protected":false},"author":2,"featured_media":17642,"comment_status":"open","ping_status":"open","sticky":false,"template":"","format":"standard","meta":{"_monsterinsights_skip_tracking":false,"_monsterinsights_sitenote_active":false,"_monsterinsights_sitenote_note":"","_monsterinsights_sitenote_category":0,"footnotes":""},"categories":[9],"tags":[72],"class_list":{"0":"post-17633","1":"post","2":"type-post","3":"status-publish","4":"format-standard","5":"has-post-thumbnail","7":"category-voleibol-de-praia","8":"tag-bpt-espinho2022","9":"czr-hentry"},"aioseo_notices":[],"_links":{"self":[{"href":"https:\/\/fpvoleibol.pt\/fpv\/wp-json\/wp\/v2\/posts\/17633","targetHints":{"allow":["GET"]}}],"collection":[{"href":"https:\/\/fpvoleibol.pt\/fpv\/wp-json\/wp\/v2\/posts"}],"about":[{"href":"https:\/\/fpvoleibol.pt\/fpv\/wp-json\/wp\/v2\/types\/post"}],"author":[{"embeddable":true,"href":"https:\/\/fpvoleibol.pt\/fpv\/wp-json\/wp\/v2\/users\/2"}],"replies":[{"embeddable":true,"href":"https:\/\/fpvoleibol.pt\/fpv\/wp-json\/wp\/v2\/comments?post=17633"}],"version-history":[{"count":23,"href":"https:\/\/fpvoleibol.pt\/fpv\/wp-json\/wp\/v2\/posts\/17633\/revisions"}],"predecessor-version":[{"id":17660,"href":"https:\/\/fpvoleibol.pt\/fpv\/wp-json\/wp\/v2\/posts\/17633\/revisions\/17660"}],"wp:featuredmedia":[{"embeddable":true,"href":"https:\/\/fpvoleibol.pt\/fpv\/wp-json\/wp\/v2\/media\/17642"}],"wp:attachment":[{"href":"https:\/\/fpvoleibol.pt\/fpv\/wp-json\/wp\/v2\/media?parent=17633"}],"wp:term":[{"taxonomy":"category","embeddable":true,"href":"https:\/\/fpvoleibol.pt\/fpv\/wp-json\/wp\/v2\/categories?post=17633"},{"taxonomy":"post_tag","embeddable":true,"href":"https:\/\/fpvoleibol.pt\/fpv\/wp-json\/wp\/v2\/tags?post=17633"}],"curies":[{"name":"wp","href":"https:\/\/api.w.org\/{rel}","templated":true}]}}