{"id":17588,"date":"2022-07-15T19:17:59","date_gmt":"2022-07-15T19:17:59","guid":{"rendered":"https:\/\/fpvoleibol.pt\/fpv\/?p=17588"},"modified":"2022-07-15T19:17:59","modified_gmt":"2022-07-15T19:17:59","slug":"maia-e-brenha-regressam-a-competicao","status":"publish","type":"post","link":"https:\/\/fpvoleibol.pt\/fpv\/2022\/07\/15\/maia-e-brenha-regressam-a-competicao\/","title":{"rendered":"MAIA E BRENHA \u00abREGRESSAM\u00bb \u00c0 COMPETI\u00c7\u00c3O"},"content":{"rendered":"<p style=\"text-align: center;\"><img loading=\"lazy\" decoding=\"async\" class=\"size-full wp-image-17597 aligncenter\" src=\"https:\/\/fpvoleibol.pt\/fpv\/wp-content\/uploads\/2022\/07\/solverde_Legends_d.jpg\" alt=\"\" width=\"1000\" height=\"1414\" srcset=\"https:\/\/fpvoleibol.pt\/fpv\/wp-content\/uploads\/2022\/07\/solverde_Legends_d.jpg 1000w, https:\/\/fpvoleibol.pt\/fpv\/wp-content\/uploads\/2022\/07\/solverde_Legends_d-212x300.jpg 212w, https:\/\/fpvoleibol.pt\/fpv\/wp-content\/uploads\/2022\/07\/solverde_Legends_d-724x1024.jpg 724w, https:\/\/fpvoleibol.pt\/fpv\/wp-content\/uploads\/2022\/07\/solverde_Legends_d-768x1086.jpg 768w\" sizes=\"auto, (max-width: 1000px) 100vw, 1000px\" \/><strong>Miguel Maia e Jo\u00e3o Brenha v\u00e3o voltar a formar dupla!<\/strong><\/p>\n<p>A mais famosa dupla portuguesa de Voleibol de Praia de sempre, que disputou tr\u00eas edi\u00e7\u00f5es dos Jogos Ol\u00edmpicos e venceu por 8 vezes o Campeonato Nacional de Duplas, entre outras competi\u00e7\u00f5es de relevo, est\u00e1 de regresso e para competir com outras duplas internacionais que, tal como ela, fizeram hist\u00f3ria na modalidade.<\/p>\n<p>O evento, denominado <em><strong>Solverde Legends,<\/strong><\/em> trar\u00e1 at\u00e9 ao est\u00e1dio montado na Praia da Ba\u00eda (20 e 23 de Julho) &#8211; e que est\u00e1 a ser palco do <strong>Beach Pro Tour Challenge de Espinho<\/strong> &#8211; alguns dos maiores vultos do Voleibol e Voleibol de Praia internacionais e dos respectivos pa\u00edses e que ajudaram a moldar a projec\u00e7\u00e3o mundial que a modalidade tem nos dias de hoje.<\/p>\n<p>Nomes como Jorre Kjemperud\/Vegard Hoidalen (Noruega), Eduardo Martinez\/Martin Conde (Argentina), Franco Neto\/Luiz Jesus \u00abLuis\u00e3o\u00bb (Brasil), Abreu Morais\/Emanuel \u00abManucho\u00bb, Conrad Leinemann\/Rich Vanhuizen (Canad\u00e1), Juan Milan\u00e9s\/Gilbert Castillo (Cuba), Nicola Grigolo\/Paolo De Angeli (It\u00e1lia), Jean-Phillipe Jodard\/S\u00e9bastian Huchard (Fran\u00e7a) ou F\u00e1bio Diez\/Agustin Correa (Espanha).<\/p>\n<p>A antiga dupla ol\u00edmpica explica de onde surgiu a ideia:<br \/>\n&#8220;<em>N\u00f3s somos entusiastas da modalidade e como estamos a organizar eventos de Voleibol, surgiu a hip\u00f3tese de prolongarmos por mais uns dias este est\u00e1dio montado na Praia da Ba\u00eda e onde est\u00e1 a decorrer o Challenge de Espinho. Isso deu-nos a possibilidade de trazer at\u00e9 ao nosso Pa\u00eds antigos craques do Voleibol mundial. Ainda para mais a Espinho, onde muita gente se habituou a v\u00ea-los a jogar em etapas mundiais. <\/em><br \/>\n<em>E porque n\u00e3o reviver um pouco a dupla Maia\/Brenha, que muitos jovens j\u00e1 ouviram falar mas nunca viram a jogar. Como \u00e9 \u00f3bvio, vamos fazer um torneio num ritmo completamente diferente daquilo que t\u00ednhamos antes, com os atletas mais lentos e a saltarem menos mas que dar\u00e3o com certeza um espect\u00e1culo que vai agradar ao p\u00fablico e que este saber\u00e1 corresponder, enchendo o est\u00e1dio.<\/em><br \/>\n<em>Apelo a todos os amantes do Voleibol, \u00e0s pessoas que nos viram jogar, que venham ver os jogos, encham de entusiasmo as bancadas pois a modalidade tem muito a ganhar com eventos desta natureza<\/em>&#8220;.<\/p>\n<p><strong>Miguel Maia <\/strong>e <strong>Jo\u00e3o Brenha<\/strong>, que deixaram de formar dupla no Voleibol de Praia em 2009, tiveram muitos momentos marcantes ao longo da sua carreira, dos quais se destacam:<br \/>\n<strong>1991<\/strong> \u2013 Vit\u00f3ria no primeiro torneio de duplas realizado em Portugal (Espinho)<br \/>\n<strong>1993<\/strong> \u2013 Vit\u00f3ria na 1.\u00aa edi\u00e7\u00e3o do Campeonato Nacional de Voleibol de Praia<br \/>\n5.\u00ba lugar no Campeonato da Europa (Almeria, Espanha)<br \/>\n<strong>1994<\/strong> \u2013 Participaram pela 1.\u00aa vez no Circuito Mundial, tendo obtido o 9.\u00ba lugar no Open do Jap\u00e3o<br \/>\nNo segundo open que disputaram (Rio de Janeiro, Brasil) conseguiram o 7.\u00ba lugar<br \/>\n<strong>1996<\/strong> \u2013 4.\u00ba lugar nos Jogos Ol\u00edmpicos de Atlanta (Estados Unidos)<br \/>\n&#8211; melhor equipa no Servi\u00e7o<br \/>\n&#8211; Miguel Maia: o melhor na Defesa<br \/>\n&#8211; Jo\u00e3o Brenha: o melhor no Bloco<br \/>\n<strong>1998<\/strong> \u2013 1.\u00aa vit\u00f3ria no Circuito Mundial, no Open da B\u00e9lgica (Ostende), com 6 jogos e 6 vit\u00f3rias<br \/>\n<strong>1999<\/strong> \u2013 2.\u00aa vit\u00f3ria no Circuito Mundial, no Open da R\u00fassia (Moscovo), com 6 jogos e 6 vit\u00f3rias<br \/>\n<strong>2000<\/strong> \u2013 4.\u00ba lugar nos Jogos Ol\u00edmpicos de Sydney (Austr\u00e1lia)<br \/>\n<strong>2003<\/strong> \u2013 4.\u00ba lugar no Campeonato do Mundo (Rio de Janeiro)<br \/>\nLes\u00e3o de Miguel Maia impede a dupla de disputar as meias-finais<br \/>\n<strong>2004<\/strong> \u2013 9.\u00ba lugar nos Jogos Ol\u00edmpicos de Atenas<br \/>\nA dois meses da realiza\u00e7\u00e3o dos Jogos, Jo\u00e3o Brenha \u00e9 operado a uma rotura de ligamentos<br \/>\n<strong>2008<\/strong> \u2013 8.\u00aa vit\u00f3ria, em 8 finais disputadas, no Campeonato Nacional de Voleibol de Praia.<\/p>\n<p>Mais informa\u00e7\u00f5es sobre a carreira de Maia\/Brenha <a href=\"https:\/\/www.infopedia.pt\/apoio\/artigos\/$miguel-maia-e-joao-brenha\">AQUI<\/a><\/p>\n","protected":false},"excerpt":{"rendered":"<p>Miguel Maia e Jo\u00e3o Brenha v\u00e3o voltar a formar dupla! A mais famosa dupla portuguesa de Voleibol de Praia de sempre, que disputou tr\u00eas edi\u00e7\u00f5es dos Jogos Ol\u00edmpicos e venceu [&hellip;]<\/p>\n","protected":false},"author":2,"featured_media":17598,"comment_status":"open","ping_status":"open","sticky":false,"template":"","format":"standard","meta":{"_monsterinsights_skip_tracking":false,"_monsterinsights_sitenote_active":false,"_monsterinsights_sitenote_note":"","_monsterinsights_sitenote_category":0,"footnotes":""},"categories":[9],"tags":[],"class_list":{"0":"post-17588","1":"post","2":"type-post","3":"status-publish","4":"format-standard","5":"has-post-thumbnail","7":"category-voleibol-de-praia","8":"czr-hentry"},"aioseo_notices":[],"_links":{"self":[{"href":"https:\/\/fpvoleibol.pt\/fpv\/wp-json\/wp\/v2\/posts\/17588","targetHints":{"allow":["GET"]}}],"collection":[{"href":"https:\/\/fpvoleibol.pt\/fpv\/wp-json\/wp\/v2\/posts"}],"about":[{"href":"https:\/\/fpvoleibol.pt\/fpv\/wp-json\/wp\/v2\/types\/post"}],"author":[{"embeddable":true,"href":"https:\/\/fpvoleibol.pt\/fpv\/wp-json\/wp\/v2\/users\/2"}],"replies":[{"embeddable":true,"href":"https:\/\/fpvoleibol.pt\/fpv\/wp-json\/wp\/v2\/comments?post=17588"}],"version-history":[{"count":7,"href":"https:\/\/fpvoleibol.pt\/fpv\/wp-json\/wp\/v2\/posts\/17588\/revisions"}],"predecessor-version":[{"id":17611,"href":"https:\/\/fpvoleibol.pt\/fpv\/wp-json\/wp\/v2\/posts\/17588\/revisions\/17611"}],"wp:featuredmedia":[{"embeddable":true,"href":"https:\/\/fpvoleibol.pt\/fpv\/wp-json\/wp\/v2\/media\/17598"}],"wp:attachment":[{"href":"https:\/\/fpvoleibol.pt\/fpv\/wp-json\/wp\/v2\/media?parent=17588"}],"wp:term":[{"taxonomy":"category","embeddable":true,"href":"https:\/\/fpvoleibol.pt\/fpv\/wp-json\/wp\/v2\/categories?post=17588"},{"taxonomy":"post_tag","embeddable":true,"href":"https:\/\/fpvoleibol.pt\/fpv\/wp-json\/wp\/v2\/tags?post=17588"}],"curies":[{"name":"wp","href":"https:\/\/api.w.org\/{rel}","templated":true}]}}