{"id":17581,"date":"2022-07-15T19:56:47","date_gmt":"2022-07-15T19:56:47","guid":{"rendered":"https:\/\/fpvoleibol.pt\/fpv\/?p=17581"},"modified":"2022-07-15T20:03:29","modified_gmt":"2022-07-15T20:03:29","slug":"obrigado-espinho","status":"publish","type":"post","link":"https:\/\/fpvoleibol.pt\/fpv\/2022\/07\/15\/obrigado-espinho\/","title":{"rendered":"OBRIGADO, ESPINHO!"},"content":{"rendered":"<p><img loading=\"lazy\" decoding=\"async\" class=\"alignnone size-full wp-image-17596\" src=\"https:\/\/fpvoleibol.pt\/fpv\/wp-content\/uploads\/2022\/07\/bea_e_Ines_BPTEspinho.jpg\" alt=\"\" width=\"1024\" height=\"683\" srcset=\"https:\/\/fpvoleibol.pt\/fpv\/wp-content\/uploads\/2022\/07\/bea_e_Ines_BPTEspinho.jpg 1024w, https:\/\/fpvoleibol.pt\/fpv\/wp-content\/uploads\/2022\/07\/bea_e_Ines_BPTEspinho-300x200.jpg 300w, https:\/\/fpvoleibol.pt\/fpv\/wp-content\/uploads\/2022\/07\/bea_e_Ines_BPTEspinho-768x512.jpg 768w\" sizes=\"auto, (max-width: 1024px) 100vw, 1024px\" \/>As duplas portuguesas\u00a0 <strong>Jo\u00e3o Pedrosa\/Hugo Campos <\/strong>e <strong>In\u00eas Castro\/Beatriz Pinheiro<\/strong> contaram hoje com um incentivo extra quando entraram em ac\u00e7\u00e3o no Quadro Principal do <strong><a href=\"https:\/\/en.volleyballworld.com\/beachvolleyball\/competitions\/beach-pro-tour-2022\/events\/challenge\/espinho-portugal\/\">Volleyball World Beach Pro Tour Challenge de Espinho<\/a>,<\/strong> que decorre,\u00a0 at\u00e9 domingo, na din\u00e2mica Praia da Ba\u00eda.<\/p>\n<p>Respondendo ao apelo lan\u00e7ado nas redes sociais da FPV por Roberto Reis, sobretudo, e pelos outros atletas portugueses, o p\u00fablico acorreu ao Challenge de Espinho, invadindo com entusiasmo e alegria o magn\u00edfico est\u00e1dio que domina o horizonte na Praia da Ba\u00eda.<br \/>\nQuando entravam em ac\u00e7\u00e3o as duplas portuguesas, o p\u00fablico incentivava, motivava, vibrava com as jogadas e respondia de pronto aos apelos do <em>animador<\/em> do torneio&#8230; no fundo, um p\u00fablico que, mais uma vez, <em>foi Espinho<\/em> quando assiste a espect\u00e1culos de Voleibol. Fazendo recordar\u00a0 <em>velhos tempos<\/em> e abrindo boas perspectivas para o futuro.<\/p>\n<p><strong>In\u00eas Castro e Beatriz Pinheiro<\/strong> perderam, por duplo 15-21, frente \u00e0 experiente dupla espanhola Paula Soria\/Sof\u00eda Gonz\u00e1lez, medalha de ouro no Future de Madrid 2022, colocando em risco a sua passagem \u00e0 fase seguinte.<br \/>\nPior: desta forma, foram obrigadas a defrontar as paraguaias \u00c9rika Mongelos\/Michelle Valiente, que estagiaram consigo no CARVP de Cortega\u00e7a e venceram as duas primeiras etapas do Campeonato Nacional Lidl, pelo que as portuguesas estavam cientes da extrema dificuldade da miss\u00e3o.<\/p>\n<p>Contudo, tudo se comp\u00f4s. Impulsionadas pelo p\u00fablico, Beatriz e In\u00eas ganharam confian\u00e7a e superaram um advers\u00e1rio complicado:<br \/>\n&#8220;<em>Primeiro, estamos muito contentes porque foi a nossa primeira vit\u00f3ria num torneio do Beach Pro Tour do n\u00edvel Challenge. Come\u00e7\u00e1mos nervosas, mas depois sentimos o ambiente que est\u00e1 aqui, em Espinho, com o p\u00fablico a puxar sempre por n\u00f3s e foi isso o que nos ajudou a superar as adversidades e a ganhar. Se n\u00e3o fosse o p\u00fablico, se calhar tinha sido diferente, pois sentimos muito a emo\u00e7\u00e3o deles.<\/em><br \/>\n<em>Trein\u00e1mos v\u00e1rias vezes com esta dupla paraguaia, j\u00e1 a conhec\u00edamos bem. Estud\u00e1mo-las muito bem e acab\u00e1mos por fazer um bom jogo. Temos de nos lembrar que elas ganharam duas etapas do Campeonato nacional, no Porto e aqui em Espinho, e n\u00f3s conseguimos dar a volta ao jogo depois de entrarmos a perder.<\/em><br \/>\n<em>Amanh\u00e3, vamos entrar em campo motivadas, com ambi\u00e7\u00e3o e tentar jogarmos \u00e0 vontade. Esperamos voltar a ter amanh\u00e3 o apoio que este p\u00fablico maravilhoso nos dispensou hoje. Obrigado!<\/em>.&#8221;<\/p>\n<p>Amanh\u00e3, as portuguesas defrontam a dupla finlandesa Taru Lahti-Liukkonen\/Anniina Parkkinen, que afastou Juliana Antunes\/T\u00e2nia Oliveira da prova no Qualifying.<\/p>\n<p>Os jogos podem ser seguidos <em>in loco<\/em> no est\u00e1dio montado na Praia da Ba\u00eda ou atrav\u00e9s da <a href=\"https:\/\/www.volleyballworld.tv\/login?from=%2Fsection%2FBVBProTour\">Volleyball TV<\/a>.<\/p>\n<p><img loading=\"lazy\" decoding=\"async\" class=\"size-full wp-image-17614 aligncenter\" src=\"https:\/\/fpvoleibol.pt\/fpv\/wp-content\/uploads\/2022\/07\/pedrosa_campos_dd.jpg\" alt=\"\" width=\"1000\" height=\"666\" srcset=\"https:\/\/fpvoleibol.pt\/fpv\/wp-content\/uploads\/2022\/07\/pedrosa_campos_dd.jpg 1000w, https:\/\/fpvoleibol.pt\/fpv\/wp-content\/uploads\/2022\/07\/pedrosa_campos_dd-300x200.jpg 300w, https:\/\/fpvoleibol.pt\/fpv\/wp-content\/uploads\/2022\/07\/pedrosa_campos_dd-768x511.jpg 768w\" sizes=\"auto, (max-width: 1000px) 100vw, 1000px\" \/><strong>Jo\u00e3o Nuno Pedrosa <\/strong>e <strong>Hugo Campos<\/strong>\u00a0come\u00e7aram por defrontar, na <em>Pool F<\/em>, os dinamarqueses Jacob Brinck e Kristoffer Abell, que subiram ao p\u00f3dio no Future de Lecce, em It\u00e1lia.<br \/>\nO jogo, empolgante e que encheu as bancadas, misturou jogadas espectaculares com algumas pol\u00e9micas, acabando a vit\u00f3ria por sorrir \u00e0 dupla <em>viking<\/em> por 2-1 (21-15, 13-21 e 15-10), o que relegou os portugueses para a luta entre perdedores, onde encontraram os austr\u00edacos Martin Ermacora e Moritz Pristauz, 9.\u00bas no Elite 16 de Gstaad, na Su\u00ed\u00e7a.<br \/>\nA experiente dupla helv\u00e9tica n\u00e3o deixou fugir o triunfo: 2-0 (21-18 e 21-8).<\/p>\n<p>No final, os portugueses reconheceram:<br \/>\n&#8220;<em>Foi uma pena perdermos em casa com o apoio do nosso p\u00fablico. O primeiro set foi bem disputado e foi decidido nos pormenores. No segundo set, entr\u00e1mos mal, eles ganharam confian\u00e7a e foi muito mais complicado para n\u00f3s.\u00a0 No entanto, cremos que foi um bom torneio para n\u00f3s. Gostar\u00edamos de agradecer a todos aqueles que vieram at\u00e9 Espinho apoiar-nos. Acreditem que voc\u00eas fizeram-se ouvir e se conseguimos alguma coisa foi pelo vosso apoio. Obrigado!<\/em>&#8221;<\/p>\n<p>Ver mais informa\u00e7\u00f5es e calend\u00e1rio dos portugueses <a href=\"https:\/\/en.volleyballworld.com\/beachvolleyball\/competitions\/beach-pro-tour-2022\/events\/challenge\/espinho-portugal\/schedule\/\">AQUI<\/a><\/p>\n","protected":false},"excerpt":{"rendered":"<p>As duplas portuguesas\u00a0 Jo\u00e3o Pedrosa\/Hugo Campos e In\u00eas Castro\/Beatriz Pinheiro contaram hoje com um incentivo extra quando entraram em ac\u00e7\u00e3o no Quadro Principal do Volleyball World Beach Pro Tour Challenge [&hellip;]<\/p>\n","protected":false},"author":2,"featured_media":17599,"comment_status":"open","ping_status":"open","sticky":false,"template":"","format":"standard","meta":{"_monsterinsights_skip_tracking":false,"_monsterinsights_sitenote_active":false,"_monsterinsights_sitenote_note":"","_monsterinsights_sitenote_category":0,"footnotes":""},"categories":[9],"tags":[72],"class_list":{"0":"post-17581","1":"post","2":"type-post","3":"status-publish","4":"format-standard","5":"has-post-thumbnail","7":"category-voleibol-de-praia","8":"tag-bpt-espinho2022","9":"czr-hentry"},"aioseo_notices":[],"_links":{"self":[{"href":"https:\/\/fpvoleibol.pt\/fpv\/wp-json\/wp\/v2\/posts\/17581","targetHints":{"allow":["GET"]}}],"collection":[{"href":"https:\/\/fpvoleibol.pt\/fpv\/wp-json\/wp\/v2\/posts"}],"about":[{"href":"https:\/\/fpvoleibol.pt\/fpv\/wp-json\/wp\/v2\/types\/post"}],"author":[{"embeddable":true,"href":"https:\/\/fpvoleibol.pt\/fpv\/wp-json\/wp\/v2\/users\/2"}],"replies":[{"embeddable":true,"href":"https:\/\/fpvoleibol.pt\/fpv\/wp-json\/wp\/v2\/comments?post=17581"}],"version-history":[{"count":18,"href":"https:\/\/fpvoleibol.pt\/fpv\/wp-json\/wp\/v2\/posts\/17581\/revisions"}],"predecessor-version":[{"id":17617,"href":"https:\/\/fpvoleibol.pt\/fpv\/wp-json\/wp\/v2\/posts\/17581\/revisions\/17617"}],"wp:featuredmedia":[{"embeddable":true,"href":"https:\/\/fpvoleibol.pt\/fpv\/wp-json\/wp\/v2\/media\/17599"}],"wp:attachment":[{"href":"https:\/\/fpvoleibol.pt\/fpv\/wp-json\/wp\/v2\/media?parent=17581"}],"wp:term":[{"taxonomy":"category","embeddable":true,"href":"https:\/\/fpvoleibol.pt\/fpv\/wp-json\/wp\/v2\/categories?post=17581"},{"taxonomy":"post_tag","embeddable":true,"href":"https:\/\/fpvoleibol.pt\/fpv\/wp-json\/wp\/v2\/tags?post=17581"}],"curies":[{"name":"wp","href":"https:\/\/api.w.org\/{rel}","templated":true}]}}