{"id":17300,"date":"2022-07-04T17:16:11","date_gmt":"2022-07-04T17:16:11","guid":{"rendered":"https:\/\/fpvoleibol.pt\/fpv\/?p=17300"},"modified":"2022-07-06T10:28:20","modified_gmt":"2022-07-06T10:28:20","slug":"convocados-da-seleccao-nacional-2","status":"publish","type":"post","link":"https:\/\/fpvoleibol.pt\/fpv\/2022\/07\/04\/convocados-da-seleccao-nacional-2\/","title":{"rendered":"CONVOCADOS DA SELEC\u00c7\u00c3O NACIONAL"},"content":{"rendered":"<p><img loading=\"lazy\" decoding=\"async\" class=\"size-full wp-image-17302 aligncenter\" src=\"https:\/\/fpvoleibol.pt\/fpv\/wp-content\/uploads\/2022\/07\/SNSM_EquipaTecnica_EGL2022_d1.jpg\" alt=\"\" width=\"1000\" height=\"754\" srcset=\"https:\/\/fpvoleibol.pt\/fpv\/wp-content\/uploads\/2022\/07\/SNSM_EquipaTecnica_EGL2022_d1.jpg 1000w, https:\/\/fpvoleibol.pt\/fpv\/wp-content\/uploads\/2022\/07\/SNSM_EquipaTecnica_EGL2022_d1-300x226.jpg 300w, https:\/\/fpvoleibol.pt\/fpv\/wp-content\/uploads\/2022\/07\/SNSM_EquipaTecnica_EGL2022_d1-768x579.jpg 768w\" sizes=\"auto, (max-width: 1000px) 100vw, 1000px\" \/>A equipa t\u00e9cnica da <strong>Selec\u00e7\u00e3o Nacional de Seniores Masculinos<\/strong>, liderada por <strong>Jo\u00e3o Jos\u00e9<\/strong>, divulgou hoje a <span style=\"text-decoration: underline;\">convocat\u00f3ria<\/span> dos<strong>\u00a015 jogadores <\/strong>que ir\u00e3o iniciar, a partir das 10 horas do dia <strong>11 de Julho (Pav. Santa Maria Maior, em Viana do Castelo)<\/strong>, os trabalhos de prepara\u00e7\u00e3o para a fase de qualifica\u00e7\u00e3o para o Campeonato da Europa 2023.<\/p>\n<p style=\"text-align: center;\"><span style=\"text-decoration: underline;\"><strong><span style=\"font-size: 14pt;\">Convocat\u00f3ria de 15 jogadores<\/span><\/strong><\/span><\/p>\n<table style=\"width: 100.153%; height: 388px;\" width=\"1085\">\n<tbody>\n<tr style=\"height: 24px;\">\n<td style=\"width: 28.0309%; text-align: center; height: 24px;\" width=\"257\"><strong>Nome<\/strong><\/td>\n<td style=\"width: 27.2234%; text-align: center; height: 24px;\" width=\"290\"><strong>Clube<\/strong><\/td>\n<td style=\"width: 18.706%; text-align: center; height: 24px;\" width=\"227\"><strong>Posi\u00e7\u00e3o<\/strong><\/td>\n<\/tr>\n<tr style=\"height: 24px;\">\n<td style=\"width: 28.0309%; text-align: center; height: 24px;\" width=\"257\">Filip Cveticanin<\/td>\n<td style=\"width: 27.2234%; text-align: center; height: 24px;\" width=\"290\">AS Cannes (FRA)<\/td>\n<td style=\"width: 18.706%; text-align: center; height: 24px;\" width=\"227\">Central<\/td>\n<\/tr>\n<tr style=\"height: 24px;\">\n<td style=\"width: 28.0309%; text-align: center; height: 24px;\" width=\"257\">Miguel Sinfr\u00f3nio<\/td>\n<td style=\"width: 27.2234%; text-align: center; height: 24px;\" width=\"290\">Leix\u00f5es SC<\/td>\n<td style=\"width: 18.706%; text-align: center; height: 24px;\" width=\"227\">Central<\/td>\n<\/tr>\n<tr style=\"height: 24px;\">\n<td style=\"width: 28.0309%; text-align: center; height: 24px;\" width=\"257\">Phelipe Martins<\/td>\n<td style=\"width: 27.2234%; text-align: center; height: 24px;\" width=\"290\">VC Viana<\/td>\n<td style=\"width: 18.706%; text-align: center; height: 24px;\" width=\"227\">Central<\/td>\n<\/tr>\n<tr style=\"height: 24px;\">\n<td style=\"width: 28.0309%; text-align: center; height: 24px;\">Jos\u00e9 Belo<\/td>\n<td style=\"width: 27.2234%; text-align: center; height: 24px;\">Cast\u00ealo da Maia GC<\/td>\n<td style=\"width: 18.706%; text-align: center; height: 24px;\">Central<\/td>\n<\/tr>\n<tr style=\"height: 24px;\">\n<td style=\"width: 28.0309%; text-align: center; height: 24px;\" width=\"257\">Jos\u00e9 Neves<\/td>\n<td style=\"width: 27.2234%; text-align: center; height: 24px;\" width=\"290\">AJ Fonte do Bastardo<\/td>\n<td style=\"width: 18.706%; text-align: center; height: 24px;\" width=\"227\">Distribuidor<\/td>\n<\/tr>\n<tr style=\"height: 24px;\">\n<td style=\"width: 28.0309%; text-align: center; height: 24px;\" width=\"257\">Tiago Violas<\/td>\n<td style=\"width: 27.2234%; text-align: center; height: 24px;\" width=\"290\">SL Benfica<\/td>\n<td style=\"width: 18.706%; text-align: center; height: 24px;\" width=\"227\">Distribuidor<\/td>\n<\/tr>\n<tr style=\"height: 24px;\">\n<td style=\"width: 28.0309%; text-align: center; height: 24px;\" width=\"257\">Gil Meireles<\/td>\n<td style=\"width: 27.2234%; text-align: center; height: 24px;\" width=\"290\">Sporting CP<\/td>\n<td style=\"width: 18.706%; text-align: center; height: 24px;\" width=\"227\">Libero<\/td>\n<\/tr>\n<tr style=\"height: 24px;\">\n<td style=\"width: 28.0309%; text-align: center; height: 24px;\" width=\"257\">Ivo Casas<\/td>\n<td style=\"width: 27.2234%; text-align: center; height: 24px;\" width=\"290\">SL Benfica<\/td>\n<td style=\"width: 18.706%; text-align: center; height: 24px;\" width=\"227\">Libero<\/td>\n<\/tr>\n<tr style=\"height: 24px;\">\n<td style=\"width: 28.0309%; text-align: center; height: 24px;\" width=\"257\">Bruno Cunha<\/td>\n<td style=\"width: 27.2234%; text-align: center; height: 24px;\" width=\"290\">AJ Fonte Bastardo<\/td>\n<td style=\"width: 18.706%; text-align: center; height: 24px;\" width=\"227\">Oposto<\/td>\n<\/tr>\n<tr style=\"height: 24px;\">\n<td style=\"width: 28.0309%; text-align: center; height: 24px;\" width=\"257\">Alexandre Ferreira<\/td>\n<td style=\"width: 27.2234%; text-align: center; height: 24px;\" width=\"290\">Woori Card (KOR)<\/td>\n<td style=\"width: 18.706%; text-align: center; height: 24px;\" width=\"227\">Zona 4<\/td>\n<\/tr>\n<tr style=\"height: 24px;\">\n<td style=\"width: 28.0309%; text-align: center; height: 24px;\" width=\"257\">Andr\u00e9 Marques<\/td>\n<td style=\"width: 27.2234%; text-align: center; height: 24px;\" width=\"290\">Cast\u00ealo da Maia GC<\/td>\n<td style=\"width: 18.706%; text-align: center; height: 24px;\" width=\"227\">Zona 4<\/td>\n<\/tr>\n<tr style=\"height: 24px;\">\n<td style=\"width: 28.0309%; text-align: center; height: 24px;\" width=\"257\">Jo\u00e3o Oliveira<\/td>\n<td style=\"width: 27.2234%; text-align: center; height: 24px;\" width=\"290\">Vit\u00f3ria SC<\/td>\n<td style=\"width: 18.706%; text-align: center; height: 24px;\" width=\"227\">Zona 4<\/td>\n<\/tr>\n<tr style=\"height: 24px;\">\n<td style=\"width: 28.0309%; text-align: center; height: 24px;\" width=\"257\">Louren\u00e7o Martins<\/td>\n<td style=\"width: 27.2234%; text-align: center; height: 24px;\" width=\"290\">Saint-Nazaire VBA \u00a0(FRA)<\/td>\n<td style=\"width: 18.706%; text-align: center; height: 24px;\" width=\"227\">Zona 4<\/td>\n<\/tr>\n<tr style=\"height: 24px;\">\n<td style=\"width: 28.0309%; text-align: center; height: 24px;\" width=\"257\">Miguel Cunha<\/td>\n<td style=\"width: 27.2234%; text-align: center; height: 24px;\" width=\"290\">Vit\u00f3ria SC<\/td>\n<td style=\"width: 18.706%; text-align: center; height: 24px;\" width=\"227\">Zona 4<\/td>\n<\/tr>\n<tr style=\"height: 28px;\">\n<td style=\"width: 28.0309%; text-align: center; height: 28px;\" width=\"257\">Rafael Santos<\/td>\n<td style=\"width: 27.2234%; text-align: center; height: 28px;\" width=\"290\">Esmoriz GC<\/td>\n<td style=\"width: 18.706%; text-align: center; height: 28px;\" width=\"227\">Zona 4<\/td>\n<\/tr>\n<tr style=\"height: 0px;\">\n<td style=\"width: 28.0309%; text-align: center; height: 0px;\" width=\"257\"><\/td>\n<td style=\"width: 27.2234%; text-align: center; height: 0px;\" width=\"290\"><\/td>\n<td style=\"width: 18.706%; text-align: center; height: 0px;\" width=\"227\"><\/td>\n<\/tr>\n<\/tbody>\n<\/table>\n<p style=\"text-align: center;\"><img loading=\"lazy\" decoding=\"async\" class=\"size-full wp-image-16451 aligncenter\" src=\"https:\/\/fpvoleibol.pt\/fpv\/wp-content\/uploads\/2022\/06\/turquiaxportugal_snsm_d1.jpg\" alt=\"\" width=\"960\" height=\"640\" srcset=\"https:\/\/fpvoleibol.pt\/fpv\/wp-content\/uploads\/2022\/06\/turquiaxportugal_snsm_d1.jpg 960w, https:\/\/fpvoleibol.pt\/fpv\/wp-content\/uploads\/2022\/06\/turquiaxportugal_snsm_d1-300x200.jpg 300w, https:\/\/fpvoleibol.pt\/fpv\/wp-content\/uploads\/2022\/06\/turquiaxportugal_snsm_d1-768x512.jpg 768w\" sizes=\"auto, (max-width: 960px) 100vw, 960px\" \/>Na Pool D da fase de apuramento para o <strong>Campeonato da Europa 2023<\/strong>, Portugal vai defrontar as selec\u00e7\u00f5es de Montenegro, Luxemburgo e Isl\u00e2ndia.<\/p>\n<table style=\"width: 98.4543%;\" width=\"0\">\n<tbody>\n<tr>\n<td style=\"width: 14.4369%; text-align: center;\" width=\"95\">03\/ago\/22<\/td>\n<td style=\"width: 10.93%; text-align: center;\" width=\"64\">21H00<\/td>\n<td style=\"width: 30.8179%; text-align: center;\" width=\"153\"><strong>Portugal x Isl\u00e2ndia<\/strong><\/td>\n<td style=\"width: 21.239%; text-align: center;\" width=\"227\">FQ Europeu<\/td>\n<td style=\"width: 78.2012%; text-align: center;\" width=\"127\">PDM P. Varzim<\/td>\n<\/tr>\n<tr>\n<td style=\"width: 14.4369%; text-align: center;\" width=\"95\">7\/ago\/22<\/td>\n<td style=\"width: 10.93%; text-align: center;\" width=\"64\">16H30<\/td>\n<td style=\"width: 30.8179%; text-align: center;\" width=\"153\"><strong>Montenegro x Portugal<\/strong><\/td>\n<td style=\"width: 21.239%; text-align: center;\" width=\"227\">FQ Europeu<\/td>\n<td style=\"width: 78.2012%; text-align: center;\" width=\"127\">Kolasin<\/td>\n<\/tr>\n<tr>\n<td style=\"width: 14.4369%; text-align: center;\" width=\"95\">10\/ago\/22<\/td>\n<td style=\"width: 10.93%; text-align: center;\" width=\"64\">21H00<\/td>\n<td style=\"width: 30.8179%; text-align: center;\" width=\"153\"><strong>Portugal x Luxemburgo<\/strong><\/td>\n<td style=\"width: 21.239%; text-align: center;\" width=\"227\">FQ Europeu<\/td>\n<td style=\"width: 78.2012%; text-align: center;\" width=\"127\">PDM P. Varzim<\/td>\n<\/tr>\n<tr>\n<td style=\"width: 14.4369%; text-align: center;\" width=\"95\">13\/ago\/22<\/td>\n<td style=\"width: 10.93%; text-align: center;\" width=\"64\">18H00<\/td>\n<td style=\"width: 30.8179%; text-align: center;\" width=\"153\"><strong>Luxemburgo x Portugal<\/strong><\/td>\n<td style=\"width: 21.239%; text-align: center;\" width=\"227\">FQ Europeu<\/td>\n<td style=\"width: 78.2012%; text-align: center;\" width=\"127\">Luxemburgo<\/td>\n<\/tr>\n<tr>\n<td style=\"width: 14.4369%; text-align: center;\" width=\"95\">17\/ago\/22<\/td>\n<td style=\"width: 10.93%; text-align: center;\" width=\"64\">21h00<\/td>\n<td style=\"width: 30.8179%; text-align: center;\" width=\"153\"><strong>Portugal x Montenegro<\/strong><\/td>\n<td style=\"width: 21.239%; text-align: center;\" width=\"227\">FQ Europeu<\/td>\n<td style=\"width: 78.2012%; text-align: center;\" width=\"127\">PM Santo Tirso<\/td>\n<\/tr>\n<tr>\n<td style=\"width: 14.4369%; text-align: center;\" width=\"95\">21\/ago\/22<\/td>\n<td style=\"width: 10.93%; text-align: center;\" width=\"64\">16H00<\/td>\n<td style=\"width: 30.8179%; text-align: center;\" width=\"153\"><strong>Isl\u00e2ndia x Portugal<\/strong><\/td>\n<td style=\"width: 21.239%; text-align: center;\" width=\"227\">FQ Europeu<\/td>\n<td style=\"width: 78.2012%; text-align: center;\" width=\"127\">Kopavogur<\/td>\n<\/tr>\n<\/tbody>\n<\/table>\n<p>Em 2021, a <strong>Selec\u00e7\u00e3o Nacional<\/strong> fez hist\u00f3ria ao qualificar-se para oitavos-de-final do Campeonato da Europa (Est\u00f3nia, Finl\u00e2ndia, Pol\u00f3nia e Rep\u00fablica Checa), competi\u00e7\u00e3o que disputou pela segunda vez consecutiva, depois de dois anos antes ter estado presente no EuroVolley 2019 (B\u00e9lgica\/Eslov\u00e9nia\/Fran\u00e7a\/Holanda).<\/p>\n<p>Mais informa\u00e7\u00f5es em <a href=\"http:\/\/www.cev.eu\">www.cev.eu<\/a><\/p>\n","protected":false},"excerpt":{"rendered":"<p>A equipa t\u00e9cnica da Selec\u00e7\u00e3o Nacional de Seniores Masculinos, liderada por Jo\u00e3o Jos\u00e9, divulgou hoje a convocat\u00f3ria dos\u00a015 jogadores que ir\u00e3o iniciar, a partir das 10 horas do dia 11 [&hellip;]<\/p>\n","protected":false},"author":2,"featured_media":16635,"comment_status":"open","ping_status":"open","sticky":false,"template":"","format":"standard","meta":{"_monsterinsights_skip_tracking":false,"_monsterinsights_sitenote_active":false,"_monsterinsights_sitenote_note":"","_monsterinsights_sitenote_category":0,"footnotes":""},"categories":[8],"tags":[64,47],"class_list":{"0":"post-17300","1":"post","2":"type-post","3":"status-publish","4":"format-standard","5":"has-post-thumbnail","7":"category-voleibol","8":"tag-campeonato-da-europa-2023","9":"tag-epoca-2021-2022","10":"czr-hentry"},"aioseo_notices":[],"_links":{"self":[{"href":"https:\/\/fpvoleibol.pt\/fpv\/wp-json\/wp\/v2\/posts\/17300","targetHints":{"allow":["GET"]}}],"collection":[{"href":"https:\/\/fpvoleibol.pt\/fpv\/wp-json\/wp\/v2\/posts"}],"about":[{"href":"https:\/\/fpvoleibol.pt\/fpv\/wp-json\/wp\/v2\/types\/post"}],"author":[{"embeddable":true,"href":"https:\/\/fpvoleibol.pt\/fpv\/wp-json\/wp\/v2\/users\/2"}],"replies":[{"embeddable":true,"href":"https:\/\/fpvoleibol.pt\/fpv\/wp-json\/wp\/v2\/comments?post=17300"}],"version-history":[{"count":6,"href":"https:\/\/fpvoleibol.pt\/fpv\/wp-json\/wp\/v2\/posts\/17300\/revisions"}],"predecessor-version":[{"id":17334,"href":"https:\/\/fpvoleibol.pt\/fpv\/wp-json\/wp\/v2\/posts\/17300\/revisions\/17334"}],"wp:featuredmedia":[{"embeddable":true,"href":"https:\/\/fpvoleibol.pt\/fpv\/wp-json\/wp\/v2\/media\/16635"}],"wp:attachment":[{"href":"https:\/\/fpvoleibol.pt\/fpv\/wp-json\/wp\/v2\/media?parent=17300"}],"wp:term":[{"taxonomy":"category","embeddable":true,"href":"https:\/\/fpvoleibol.pt\/fpv\/wp-json\/wp\/v2\/categories?post=17300"},{"taxonomy":"post_tag","embeddable":true,"href":"https:\/\/fpvoleibol.pt\/fpv\/wp-json\/wp\/v2\/tags?post=17300"}],"curies":[{"name":"wp","href":"https:\/\/api.w.org\/{rel}","templated":true}]}}