{"id":17193,"date":"2022-06-30T18:29:35","date_gmt":"2022-06-30T18:29:35","guid":{"rendered":"https:\/\/fpvoleibol.pt\/fpv\/?p=17193"},"modified":"2022-06-30T18:29:35","modified_gmt":"2022-06-30T18:29:35","slug":"pedrosa-e-campos-somam-e-seguem-em-italia","status":"publish","type":"post","link":"https:\/\/fpvoleibol.pt\/fpv\/2022\/06\/30\/pedrosa-e-campos-somam-e-seguem-em-italia\/","title":{"rendered":"PEDROSA E CAMPOS SOMAM E SEGUEM EM IT\u00c1LIA!"},"content":{"rendered":"<p><img loading=\"lazy\" decoding=\"async\" class=\"size-full wp-image-14749 aligncenter\" src=\"https:\/\/fpvoleibol.pt\/fpv\/wp-content\/uploads\/2022\/04\/pedrosa-campos_dd.jpg\" alt=\"\" width=\"960\" height=\"640\" srcset=\"https:\/\/fpvoleibol.pt\/fpv\/wp-content\/uploads\/2022\/04\/pedrosa-campos_dd.jpg 960w, https:\/\/fpvoleibol.pt\/fpv\/wp-content\/uploads\/2022\/04\/pedrosa-campos_dd-300x200.jpg 300w, https:\/\/fpvoleibol.pt\/fpv\/wp-content\/uploads\/2022\/04\/pedrosa-campos_dd-768x512.jpg 768w\" sizes=\"auto, (max-width: 960px) 100vw, 960px\" \/>A dupla de Voleibol de Praia portuguesa <strong>Jo\u00e3o Pedrosa\/Hugo Campos<\/strong> garantiu a entrada no Quadro Principal do <a href=\"https:\/\/en.volleyballworld.com\/beachvolleyball\/competitions\/beach-pro-tour-2022\/events\/future\/giardini-naxos-italy\/teams\/men\/by-country\">Future Beach Pro Tour de Giardini Naxos<\/a>, a decorrer em It\u00e1lia, ao vencer hoje duas duplas italianas.<\/p>\n<p>Jo\u00e3o e Hugo come\u00e7aram por derrotar, com aparente facilidade (2-0: 21-13 e 21-14), Paolo Ficosecco\/Franco Arezzo Di Trifiletto, no primeiro jogo da Fase de Qualifica\u00e7\u00e3o.<br \/>\nDepois, voltaram a defrontar uma dupla da casa, Fabrizio Manni\/Francesco Vanni, tendo sa\u00eddo novamente vencedores, mas desta vez ap\u00f3s um jogo bem mais disputado: 2-0 (22-20 e 21-19). Ver mais informa\u00e7\u00f5es <a href=\"https:\/\/en.volleyballworld.com\/beachvolleyball\/competitions\/beach-pro-tour-2022\/events\/future\/giardini-naxos-italy\/teams\/men\/by-country\">AQUI<\/a><\/p>\n<p>O <a href=\"https:\/\/www.cev.eu\/beach\/tour\/2022\/2022-volleyball-world-beach-pro-tour-futures-giardini-naxos\/\">Future Beach Pro Tour de Giardini Naxos<\/a> \u00e9 a quinta prova do <strong><em>Volleyball World Beach Pro Tour<\/em><\/strong> da FIVB em que participam <strong>Jo\u00e3o Pedrosa<\/strong> e <strong>Hugo Campos<\/strong>, depois de terem disputado o <a href=\"https:\/\/en.volleyballworld.com\/beachvolleyball\/competitions\/beach-pro-tour-2022\/events\/future\/madrid-spain-men\/teams\/men\/by-country\">Future Beach Pro Tour de Madrid<\/a>, em Espanha, o <a href=\"https:\/\/en.volleyballworld.com\/beachvolleyball\/competitions\/beach-pro-tour-2022\/events\/challenge\/doha-qatar\/teams\/men\/qualification\">Challenge Beach Pro Tour de Doha<\/a>, no Catar, o <strong><a href=\"https:\/\/en.volleyballworld.com\/beachvolleyball\/competitions\/beach-pro-tour-2022\/events\/challenge\/tlaxcala-mexico\/\">Challenge de Tlaxcala<\/a><\/strong>, no M\u00e9xico, e o <strong><a href=\"https:\/\/en.volleyballworld.com\/beachvolleyball\/competitions\/beach-pro-tour-2022\/events\/challenge\/itapema-brazil\/\">Challenge Beach Pro Tour de Itapema<\/a><\/strong>, no Brasil.<\/p>\n<p>A jovem dupla apoiada pela FPV e medalhada com a prata na <strong>Beach Volleyball World Tour 1-Star Cortega\u00e7a<\/strong>, realizada em 2021 no Centro de Alto Rendimento de Voleibol de Praia da FPV, em Cortega\u00e7a, \u00e9 acompanhada por <strong>Leonel Gomes<\/strong>, Seleccionador Nacional de masculinos.<\/p>\n<p>Ap\u00f3s a participa\u00e7\u00e3o no torneio italiano, a dupla lusitana entrar\u00e1 em ac\u00e7\u00e3o no <a href=\"https:\/\/en.volleyballworld.com\/beachvolleyball\/competitions\/beach-pro-tour-2022\/events\/challenge\/espinho-portugal\/\">Challenge de Espinho<\/a> (14 a 17 de Julho)*.<\/p>\n<p>Apesar da sua juventude, <strong>Jo\u00e3o Pedrosa <\/strong>e<strong> Hugo Campos<\/strong>, vice-campe\u00f5es nacionais, t\u00eam j\u00e1 um registo significativo nos \u00faltimos anos:<\/p>\n<p><span style=\"text-decoration: underline;\"><strong>2022<br \/>\n<\/strong>Beach Pro Tour (Madrid Future\/Espanha) &#8211; 17.\u00ba lugar<br \/>\nBeach Pro Tour (Doha Challenge\/Catar) &#8211; 25.\u00ba lugar<br \/>\nBeach Pro Tour (Itapema Challenge\/Brasil) &#8211; 33.\u00ba lugar<\/span><br \/>\n<span style=\"text-decoration: underline;\">Beach Pro Tour (Tlaxcala Challenge\/M\u00e9xico) &#8211; 33.\u00ba lugar<br \/>\n<\/span><span style=\"text-decoration: underline;\"><strong>2021<br \/>\n<\/strong><\/span>World Tour 2* (Praga\/Rep. Checa) &#8211; 21.\u00ba lugar<span style=\"text-decoration: underline;\"><br \/>\nWorld Tour 1* (Cortega\u00e7a\/Portugal) &#8211; 2.\u00ba lugar<strong><br \/>\n<\/strong><\/span>World Tour 1* (S\u00f3fia 2\/Bulg\u00e1ria) &#8211; 2.\u00ba lugar<br \/>\nWorld Tour 1* (S\u00f3fia 1\/Bulg\u00e1ria) &#8211; 3.\u00ba lugar<br \/>\nEuropeu Sub-22 (Baden\/\u00c1ustria) &#8211; 9.\u00ba lugar<br \/>\nWorld Tour 4* (Ostrava\/Rep. Checa) &#8211; 41.\u00ba lugar<br \/>\n<span style=\"text-decoration: underline;\"><strong>2020<\/strong><\/span><br \/>\nEuropeu Sub-22 (Izmir\/Turquia) &#8211; 17.\u00ba lugar<br \/>\nWorld Tour 1* (Montpellier\/Fran\u00e7a) &#8211; 9.\u00ba lugar<br \/>\n<span style=\"text-decoration: underline;\"><strong>2019<\/strong><\/span><br \/>\nJogos do Mediterr\u00e2neo \u2013 5.\u00ba lugar<br \/>\nWorld Tour 1* (Knokke-Heist\/B\u00e9lgica) \u2013 21.\u00ba lugar<br \/>\nWorld Tour 4* (Espinho\/Portugal) \u2013 25.\u00ba lugar<br \/>\nEuropeu Sub-20 (Gotemburgo\/Su\u00e9cia) \u2013 17.\u00ba lugar<br \/>\n<span style=\"text-decoration: underline;\"><strong>2018<\/strong><\/span><br \/>\nTorneio WEVZA (Quarteira\/Portugal) \u2013 4.\u00ba lugar<br \/>\nEuropeu Sub-20 (Anapa\/R\u00fassia) \u2013 25.\u00ba lugar<br \/>\nEuropeu Sub-18 (Kazan\/R\u00fassia) \u2013 17.\u00ba lugar<br \/>\n<span style=\"text-decoration: underline;\"><strong>2017<\/strong><\/span><br \/>\nCEV Youth Continental Cup &#8211; 3.\u00ba lugar<\/p>\n<p style=\"text-align: center;\">Ver <strong>curr\u00edculo<\/strong> internacional de <a href=\"https:\/\/en.volleyballworld.com\/en\/beachvolleyball\/worldtour\/2021\/msfi2021\/men\/teams\/960755-pedrosa-campos\/joao_pedrosa?id=153921\"><strong>Jo\u00e3o Pedrosa aqui<\/strong> <\/a>e de <a href=\"https:\/\/en.volleyballworld.com\/en\/beachvolleyball\/worldtour\/2021\/msfi2021\/men\/teams\/960755-pedrosa-campos\/hugo_campos?id=164474\"><strong>Hugo Campos aqui<\/strong><\/a><\/p>\n<p style=\"text-align: center;\"><span style=\"text-decoration: underline;\"><strong>\u00c1rbitros em ac\u00e7\u00e3o em competi\u00e7\u00f5es internacionais<\/strong><\/span><\/p>\n<p><strong>Rui Carvalho<\/strong><br \/>\nEtapas do FIVB Beach Pro Tour 2022 a disputar em Espinho (14 a 17 de\u00a0 Julho), Cape Town (\u00c1frica do Sul, 2 a 6 de Novembro) e Rio Janeiro (Brasil, 9 a 13 de Novembro).<br \/>\nCampeonatos da Europa\/Munique 2022 (15 a 21 de Agosto), na Alemanha.<\/p>\n<p><strong>Sandra Deveza<br \/>\n<\/strong>Etapas do FIVB Beach Pro Tour 2022 a disputar em Gstaad (Su\u00ed\u00e7a, 6 a 10 de Julho) e Espinho (14 a 17 de Julho).<\/p>\n<p><strong>Maria Michelle Ferreira<\/strong><br \/>\nEtapa do FIVB Beach Pro Tour 2022 a disputar em Espinho (14 a 17 de\u00a0 Julho).<\/p>\n<p><strong>S\u00e9rgio Pereira<\/strong><br \/>\nEtapa do FIVB Beach Pro Tour 2022 a disputar em Espinho (14 a 17 de\u00a0 Julho).<\/p>\n<p>*Portugal vai receber duas etapas do Volleyball World Beach Pro Tour em 2022: o <strong>Beach Pro Tour Challenge de Espinho<\/strong>, de 14 a 17 de Julho, e o <strong>Beach Pro Tour Future em Cortega\u00e7a<\/strong>, nos dias 11 a 14 de Agosto.<\/p>\n","protected":false},"excerpt":{"rendered":"<p>A dupla de Voleibol de Praia portuguesa Jo\u00e3o Pedrosa\/Hugo Campos garantiu a entrada no Quadro Principal do Future Beach Pro Tour de Giardini Naxos, a decorrer em It\u00e1lia, ao vencer [&hellip;]<\/p>\n","protected":false},"author":2,"featured_media":6836,"comment_status":"open","ping_status":"open","sticky":false,"template":"","format":"standard","meta":{"_monsterinsights_skip_tracking":false,"_monsterinsights_sitenote_active":false,"_monsterinsights_sitenote_note":"","_monsterinsights_sitenote_category":0,"footnotes":""},"categories":[13,9],"tags":[47,42],"class_list":{"0":"post-17193","1":"post","2":"type-post","3":"status-publish","4":"format-standard","5":"has-post-thumbnail","7":"category-arbitragem","8":"category-voleibol-de-praia","9":"tag-epoca-2021-2022","10":"tag-world-tour","11":"czr-hentry"},"aioseo_notices":[],"_links":{"self":[{"href":"https:\/\/fpvoleibol.pt\/fpv\/wp-json\/wp\/v2\/posts\/17193","targetHints":{"allow":["GET"]}}],"collection":[{"href":"https:\/\/fpvoleibol.pt\/fpv\/wp-json\/wp\/v2\/posts"}],"about":[{"href":"https:\/\/fpvoleibol.pt\/fpv\/wp-json\/wp\/v2\/types\/post"}],"author":[{"embeddable":true,"href":"https:\/\/fpvoleibol.pt\/fpv\/wp-json\/wp\/v2\/users\/2"}],"replies":[{"embeddable":true,"href":"https:\/\/fpvoleibol.pt\/fpv\/wp-json\/wp\/v2\/comments?post=17193"}],"version-history":[{"count":5,"href":"https:\/\/fpvoleibol.pt\/fpv\/wp-json\/wp\/v2\/posts\/17193\/revisions"}],"predecessor-version":[{"id":17198,"href":"https:\/\/fpvoleibol.pt\/fpv\/wp-json\/wp\/v2\/posts\/17193\/revisions\/17198"}],"wp:featuredmedia":[{"embeddable":true,"href":"https:\/\/fpvoleibol.pt\/fpv\/wp-json\/wp\/v2\/media\/6836"}],"wp:attachment":[{"href":"https:\/\/fpvoleibol.pt\/fpv\/wp-json\/wp\/v2\/media?parent=17193"}],"wp:term":[{"taxonomy":"category","embeddable":true,"href":"https:\/\/fpvoleibol.pt\/fpv\/wp-json\/wp\/v2\/categories?post=17193"},{"taxonomy":"post_tag","embeddable":true,"href":"https:\/\/fpvoleibol.pt\/fpv\/wp-json\/wp\/v2\/tags?post=17193"}],"curies":[{"name":"wp","href":"https:\/\/api.w.org\/{rel}","templated":true}]}}