{"id":1716,"date":"2020-10-12T11:27:34","date_gmt":"2020-10-12T10:27:34","guid":{"rendered":"https:\/\/fpvoleibol.pt\/fpv\/?p=1716"},"modified":"2020-10-12T11:27:34","modified_gmt":"2020-10-12T10:27:34","slug":"data-volley-accao-de-formacao-observacao-e-analise-do-jogo","status":"publish","type":"post","link":"https:\/\/fpvoleibol.pt\/fpv\/2020\/10\/12\/data-volley-accao-de-formacao-observacao-e-analise-do-jogo\/","title":{"rendered":"DATA VOLLEY: AC\u00c7\u00c3O DE FORMA\u00c7\u00c3O, OBSERVA\u00c7\u00c3O E AN\u00c1LISE DO JOGO"},"content":{"rendered":"<p class=\"titulonoticia\">\n<p class=\"descricaonoticia\" align=\"center\"><span class=\"Apple-converted-space\"><img loading=\"lazy\" decoding=\"async\" class=\"alignnone size-medium wp-image-1720\" src=\"https:\/\/fpvoleibol.pt\/fpv\/wp-content\/uploads\/2020\/10\/blocco4-1_bench_d-300x236.jpg\" alt=\"\" width=\"300\" height=\"236\" srcset=\"https:\/\/fpvoleibol.pt\/fpv\/wp-content\/uploads\/2020\/10\/blocco4-1_bench_d-300x236.jpg 300w, https:\/\/fpvoleibol.pt\/fpv\/wp-content\/uploads\/2020\/10\/blocco4-1_bench_d.jpg 470w\" sizes=\"auto, (max-width: 300px) 100vw, 300px\" \/><\/span><\/p>\n<p class=\"descricaonoticia\" align=\"justify\">A Federa\u00e7\u00e3o Portuguesa de Voleibol (FPV) vai realizar uma\u00a0<strong>Ac\u00e7\u00e3o de Forma\u00e7\u00e3o, Observa\u00e7\u00e3o e An\u00e1lise do Jogo<\/strong>\u00a0que ter\u00e1 como principais destinat\u00e1rios os alunos dos cursos de Desporto e de Educa\u00e7\u00e3o F\u00edsica, professores das mesmas \u00e1reas e<span class=\"auto-style1\">\u00a0treinadores de Voleibol<\/span>.<\/p>\n<p class=\"descricaonoticia\" align=\"justify\">O uso de sistemas inform\u00e1ticos de an\u00e1lise e de instrumentos estat\u00edsticos no Voleibol, como o Data Volley e o Data Video, mormente na capta\u00e7\u00e3o da leitura do rendimento individual e colectivo dos atletas, ser\u00e1 apresentado por formadores experientes:\u00a0<strong>Hugo Silva<\/strong>, Treinador da Selec\u00e7\u00e3o Nacional de Seniores Masculinos, e\u00a0<strong>Rui Vinhas<\/strong>, Scouter do Porto V\u00f3lei.<\/p>\n<p class=\"auto-style2\" style=\"text-align: center;\"><img loading=\"lazy\" decoding=\"async\" class=\"alignnone size-medium wp-image-1719\" src=\"https:\/\/fpvoleibol.pt\/fpv\/wp-content\/uploads\/2020\/10\/Data_Volley_HS-284x300.jpg\" alt=\"\" width=\"284\" height=\"300\" srcset=\"https:\/\/fpvoleibol.pt\/fpv\/wp-content\/uploads\/2020\/10\/Data_Volley_HS-284x300.jpg 284w, https:\/\/fpvoleibol.pt\/fpv\/wp-content\/uploads\/2020\/10\/Data_Volley_HS.jpg 430w\" sizes=\"auto, (max-width: 284px) 100vw, 284px\" \/><\/p>\n<p class=\"descricaonoticia\" align=\"justify\">Ver\u00a0<a href=\"http:\/\/www.fpvoleibol.pt\/noticias\/2020\/DataVolley_inscricao_2020.pdf\" target=\"_blank\" rel=\"noopener noreferrer\">Ficha de inscri\u00e7\u00e3o:<\/a>\u00a0a data limite de inscri\u00e7\u00e3o \u00e9\u00a0<span class=\"auto-style1\">9 de Novembro<\/span>.<\/p>\n<p class=\"descricaonoticia\" align=\"justify\">A ac\u00e7\u00e3o, destinada a alunos da Escola Superior de Educa\u00e7\u00e3o do Porto (ESE) e alunos dos cursos de Desporto e de Educa\u00e7\u00e3o F\u00edsica, professores das mesmas \u00e1reas e treinadores de Voleibol, repartir-se-\u00e1 por dois grandes momentos: o Bloco I, a ministrar no Audit\u00f3rio da ESE, e o Bloco II, que decorrer\u00e1 no Audit\u00f3rio da FPV.<\/p>\n<p class=\"descricaonoticia\" align=\"justify\">Nas instala\u00e7\u00f5es da ESE, o in\u00edcio da ac\u00e7\u00e3o est\u00e1 agendado para o dia 11 de Novembro, prolongando-se at\u00e9 ao dia 27 de Novembro (quartas e sextas-feiras, das 14h30 \u00e0s 17h30).<\/p>\n<p class=\"auto-style2\" style=\"text-align: center;\"><img loading=\"lazy\" decoding=\"async\" class=\"alignnone size-medium wp-image-1721\" src=\"https:\/\/fpvoleibol.pt\/fpv\/wp-content\/uploads\/2020\/10\/Data_Volley_2_270-300x169.jpg\" alt=\"\" width=\"300\" height=\"169\" srcset=\"https:\/\/fpvoleibol.pt\/fpv\/wp-content\/uploads\/2020\/10\/Data_Volley_2_270-300x169.jpg 300w, https:\/\/fpvoleibol.pt\/fpv\/wp-content\/uploads\/2020\/10\/Data_Volley_2_270.jpg 480w\" sizes=\"auto, (max-width: 300px) 100vw, 300px\" \/><\/p>\n<p class=\"descricaonoticia\" align=\"justify\">O Bloco II, que consistir\u00e1 em sess\u00f5es pr\u00e1ticas de esclarecimento e d\u00favidas, ter\u00e1 lugar nos dias 2 e 4 de de Dezembro, no Audit\u00f3rio Dr. Fernando Jorge de Ara\u00fajo Barros da FPV.<\/p>\n","protected":false},"excerpt":{"rendered":"<p>A Federa\u00e7\u00e3o Portuguesa de Voleibol (FPV) vai realizar uma\u00a0Ac\u00e7\u00e3o de Forma\u00e7\u00e3o, Observa\u00e7\u00e3o e An\u00e1lise do Jogo\u00a0que ter\u00e1 como principais destinat\u00e1rios os alunos dos cursos de Desporto e de Educa\u00e7\u00e3o F\u00edsica, [&hellip;]<\/p>\n","protected":false},"author":2,"featured_media":1722,"comment_status":"open","ping_status":"open","sticky":false,"template":"","format":"standard","meta":{"_monsterinsights_skip_tracking":false,"_monsterinsights_sitenote_active":false,"_monsterinsights_sitenote_note":"","_monsterinsights_sitenote_category":0,"footnotes":""},"categories":[11],"tags":[],"class_list":{"0":"post-1716","1":"post","2":"type-post","3":"status-publish","4":"format-standard","5":"has-post-thumbnail","7":"category-formacao","8":"czr-hentry"},"aioseo_notices":[],"_links":{"self":[{"href":"https:\/\/fpvoleibol.pt\/fpv\/wp-json\/wp\/v2\/posts\/1716","targetHints":{"allow":["GET"]}}],"collection":[{"href":"https:\/\/fpvoleibol.pt\/fpv\/wp-json\/wp\/v2\/posts"}],"about":[{"href":"https:\/\/fpvoleibol.pt\/fpv\/wp-json\/wp\/v2\/types\/post"}],"author":[{"embeddable":true,"href":"https:\/\/fpvoleibol.pt\/fpv\/wp-json\/wp\/v2\/users\/2"}],"replies":[{"embeddable":true,"href":"https:\/\/fpvoleibol.pt\/fpv\/wp-json\/wp\/v2\/comments?post=1716"}],"version-history":[{"count":4,"href":"https:\/\/fpvoleibol.pt\/fpv\/wp-json\/wp\/v2\/posts\/1716\/revisions"}],"predecessor-version":[{"id":1726,"href":"https:\/\/fpvoleibol.pt\/fpv\/wp-json\/wp\/v2\/posts\/1716\/revisions\/1726"}],"wp:featuredmedia":[{"embeddable":true,"href":"https:\/\/fpvoleibol.pt\/fpv\/wp-json\/wp\/v2\/media\/1722"}],"wp:attachment":[{"href":"https:\/\/fpvoleibol.pt\/fpv\/wp-json\/wp\/v2\/media?parent=1716"}],"wp:term":[{"taxonomy":"category","embeddable":true,"href":"https:\/\/fpvoleibol.pt\/fpv\/wp-json\/wp\/v2\/categories?post=1716"},{"taxonomy":"post_tag","embeddable":true,"href":"https:\/\/fpvoleibol.pt\/fpv\/wp-json\/wp\/v2\/tags?post=1716"}],"curies":[{"name":"wp","href":"https:\/\/api.w.org\/{rel}","templated":true}]}}