{"id":16931,"date":"2022-06-20T09:22:06","date_gmt":"2022-06-20T09:22:06","guid":{"rendered":"https:\/\/fpvoleibol.pt\/fpv\/?p=16931"},"modified":"2022-06-20T09:23:33","modified_gmt":"2022-06-20T09:23:33","slug":"mol-sorum-e-duda-ana-patricia-campeoes-mundiais","status":"publish","type":"post","link":"https:\/\/fpvoleibol.pt\/fpv\/2022\/06\/20\/mol-sorum-e-duda-ana-patricia-campeoes-mundiais\/","title":{"rendered":"MOL\/SORUM E DUDA\/ANA PATR\u00cdCIA CAMPE\u00d5ES MUNDIAIS"},"content":{"rendered":"<p><img loading=\"lazy\" decoding=\"async\" class=\"size-full wp-image-16936 aligncenter\" src=\"https:\/\/fpvoleibol.pt\/fpv\/wp-content\/uploads\/2022\/06\/vp_roma2022_podio_d2.jpg\" alt=\"\" width=\"1000\" height=\"562\" srcset=\"https:\/\/fpvoleibol.pt\/fpv\/wp-content\/uploads\/2022\/06\/vp_roma2022_podio_d2.jpg 1000w, https:\/\/fpvoleibol.pt\/fpv\/wp-content\/uploads\/2022\/06\/vp_roma2022_podio_d2-300x169.jpg 300w, https:\/\/fpvoleibol.pt\/fpv\/wp-content\/uploads\/2022\/06\/vp_roma2022_podio_d2-768x432.jpg 768w, https:\/\/fpvoleibol.pt\/fpv\/wp-content\/uploads\/2022\/06\/vp_roma2022_podio_d2-528x297.jpg 528w\" sizes=\"auto, (max-width: 1000px) 100vw, 1000px\" \/>Os noruegueses <strong>Anders Mol<\/strong> e <strong>Christian Sorum<\/strong> e as brasileiras <strong>Eduarda Santos Lisboa<\/strong> e <strong>Ana Patr\u00edcia Ramos<\/strong> s\u00e3o os novos campe\u00f5es mundiais de Voleibol de Praia.<\/p>\n<p>Os <em>Beach Volley Vikings<\/em>, que j\u00e1 eram campe\u00f5es ol\u00edmpicos e europeus, somaram assim o t\u00edtulo que lhes faltava ao derrotarem, na final do Campeonato do Mundo 2022, disputado em Roma, capital de It\u00e1lia, os brasileiros V\u00edtor Felipe e Renato Lima em dois sets (21-15 e 21-16 ).<br \/>\nDesde 2018, quando formaram a dupla, os n\u00f3rdicos venceram 20 competi\u00e7\u00f5es, incluindo os Jogos Ol\u00edmpicos de T\u00f3quio no ano passado, as finais do FIVB World Tour de 2018 e 2021 e o Campeonato da Europa por quatro vezes.<\/p>\n<p>Os brasileiros <strong>Andr\u00e9 Loyola<\/strong> e<strong> George Wanderley<\/strong> ficaram com a medalha de bronze no Mundial gra\u00e7as \u00e0 vit\u00f3ria sobre os americanos Theo Brunner e Chaim Schalk (2-1: 15-21, 21-17 e 15-11), em jogo arbitrado pelo portugu\u00eas <span style=\"text-decoration: underline;\">Rui Carvalho<\/span>.<\/p>\n<p><img loading=\"lazy\" decoding=\"async\" class=\"size-full wp-image-16934 aligncenter\" src=\"https:\/\/fpvoleibol.pt\/fpv\/wp-content\/uploads\/2022\/06\/vp_roma2022_podio_d1.jpg\" alt=\"\" width=\"1000\" height=\"562\" srcset=\"https:\/\/fpvoleibol.pt\/fpv\/wp-content\/uploads\/2022\/06\/vp_roma2022_podio_d1.jpg 1000w, https:\/\/fpvoleibol.pt\/fpv\/wp-content\/uploads\/2022\/06\/vp_roma2022_podio_d1-300x169.jpg 300w, https:\/\/fpvoleibol.pt\/fpv\/wp-content\/uploads\/2022\/06\/vp_roma2022_podio_d1-768x432.jpg 768w, https:\/\/fpvoleibol.pt\/fpv\/wp-content\/uploads\/2022\/06\/vp_roma2022_podio_d1-528x297.jpg 528w\" sizes=\"auto, (max-width: 1000px) 100vw, 1000px\" \/>Em femininos, <strong>Duda <\/strong>e<strong> Ana Patr\u00edcia<\/strong>, campe\u00e3s ol\u00edmpicas da Juventude em Nanjing 2014, completaram uma s\u00e9rie de oito vit\u00f3rias consecutivas para conquistar a medalha de ouro (2-0: 21-17 e 21-19) frente \u00e0s canadianas Sophie Bukovec e Brandie Wilkerson.<\/p>\n<p>A disputa pelo terceiro lugar do p\u00f3dio n\u00e3o terminou da melhor maneira: as su\u00ed\u00e7as Joana Heidrich e Anouk Verge-Depre, medalhadas com o bronze em T\u00f3quio 2020, estavam a vencer a dupla alem\u00e3 Muller\/Tillmann por 21-16 e 10-7, mas Heidrich lesionou-se no ombro e as helv\u00e9ticas acabaram por desistir.<\/p>\n<p style=\"text-align: center;\">Mais informa\u00e7\u00f5es <a href=\"https:\/\/en.volleyballworld.com\/beachvolleyball\/competitions\/beach-volleyball-world-championships-rome-2022\/schedule\/\">AQUI<\/a><\/p>\n<p style=\"text-align: center;\"><span style=\"text-decoration: underline;\"><strong>\u00c1rbitros em ac\u00e7\u00e3o em competi\u00e7\u00f5es internacionais<\/strong><\/span><\/p>\n<p><strong>Rui Carvalho<\/strong><br \/>\nEtapas do FIVB Beach Pro Tour 2022 a disputar em Espinho (14 a 17 de\u00a0 Julho), Cape Town (\u00c1frica do Sul, 2 a 6 de Novembro) e Rio Janeiro (Brasil, 9 a 13 de Novembro).<br \/>\nCampeonatos da Europa\/Munique 2022 (15 a 21 de Agosto), na Alemanha.<\/p>\n<p><strong>Sandra Deveza<br \/>\n<\/strong>Etapas do FIVB Beach Pro Tour 2022 a disputar em Gstaad (Su\u00ed\u00e7a, 6 a 10 de Julho) e Espinho (14 a 17 de Julho).<br \/>\n<span style=\"text-decoration: underline;\"><em>King of the Court<\/em><\/span>, em Hamburgo, na Alemanha, de 21 a 27 de Junho de 2022.<\/p>\n<p><strong>Maria Michelle Ferreira<\/strong><br \/>\nEtapa do FIVB Beach Pro Tour 2022 a disputar em Espinho (14 a 17 de\u00a0 Julho).<\/p>\n<p><strong>S\u00e9rgio Pereira<\/strong><br \/>\nEtapa do FIVB Beach Pro Tour 2022 a disputar em Espinho (14 a 17 de\u00a0 Julho).<\/p>\n<p>Portugal vai receber duas etapas do Volleyball World Beach Pro Tour em 2022: o <strong>Beach Pro Tour Challenge de Espinho<\/strong>, de 14 a 17 de Julho, e o <strong>Beach Pro Tour Future em Cortega\u00e7a<\/strong>, nos dias 11 a 14 de Agosto.<\/p>\n","protected":false},"excerpt":{"rendered":"<p>Os noruegueses Anders Mol e Christian Sorum e as brasileiras Eduarda Santos Lisboa e Ana Patr\u00edcia Ramos s\u00e3o os novos campe\u00f5es mundiais de Voleibol de Praia. Os Beach Volley Vikings, [&hellip;]<\/p>\n","protected":false},"author":2,"featured_media":16935,"comment_status":"open","ping_status":"open","sticky":false,"template":"","format":"standard","meta":{"_monsterinsights_skip_tracking":false,"_monsterinsights_sitenote_active":false,"_monsterinsights_sitenote_note":"","_monsterinsights_sitenote_category":0,"footnotes":""},"categories":[13,9],"tags":[47],"class_list":{"0":"post-16931","1":"post","2":"type-post","3":"status-publish","4":"format-standard","5":"has-post-thumbnail","7":"category-arbitragem","8":"category-voleibol-de-praia","9":"tag-epoca-2021-2022","10":"czr-hentry"},"aioseo_notices":[],"_links":{"self":[{"href":"https:\/\/fpvoleibol.pt\/fpv\/wp-json\/wp\/v2\/posts\/16931","targetHints":{"allow":["GET"]}}],"collection":[{"href":"https:\/\/fpvoleibol.pt\/fpv\/wp-json\/wp\/v2\/posts"}],"about":[{"href":"https:\/\/fpvoleibol.pt\/fpv\/wp-json\/wp\/v2\/types\/post"}],"author":[{"embeddable":true,"href":"https:\/\/fpvoleibol.pt\/fpv\/wp-json\/wp\/v2\/users\/2"}],"replies":[{"embeddable":true,"href":"https:\/\/fpvoleibol.pt\/fpv\/wp-json\/wp\/v2\/comments?post=16931"}],"version-history":[{"count":5,"href":"https:\/\/fpvoleibol.pt\/fpv\/wp-json\/wp\/v2\/posts\/16931\/revisions"}],"predecessor-version":[{"id":16939,"href":"https:\/\/fpvoleibol.pt\/fpv\/wp-json\/wp\/v2\/posts\/16931\/revisions\/16939"}],"wp:featuredmedia":[{"embeddable":true,"href":"https:\/\/fpvoleibol.pt\/fpv\/wp-json\/wp\/v2\/media\/16935"}],"wp:attachment":[{"href":"https:\/\/fpvoleibol.pt\/fpv\/wp-json\/wp\/v2\/media?parent=16931"}],"wp:term":[{"taxonomy":"category","embeddable":true,"href":"https:\/\/fpvoleibol.pt\/fpv\/wp-json\/wp\/v2\/categories?post=16931"},{"taxonomy":"post_tag","embeddable":true,"href":"https:\/\/fpvoleibol.pt\/fpv\/wp-json\/wp\/v2\/tags?post=16931"}],"curies":[{"name":"wp","href":"https:\/\/api.w.org\/{rel}","templated":true}]}}