{"id":16687,"date":"2022-06-11T18:48:34","date_gmt":"2022-06-11T18:48:34","guid":{"rendered":"https:\/\/fpvoleibol.pt\/fpv\/?p=16687"},"modified":"2022-06-11T18:58:02","modified_gmt":"2022-06-11T18:58:02","slug":"guilherme-filipe-em-9-o-lugar-no-europeu-de-sub-22","status":"publish","type":"post","link":"https:\/\/fpvoleibol.pt\/fpv\/2022\/06\/11\/guilherme-filipe-em-9-o-lugar-no-europeu-de-sub-22\/","title":{"rendered":"GUILHERME\/FILIPE EM 9.\u00ba LUGAR NO EUROPEU DE SUB-22"},"content":{"rendered":"<p class=\"descricaonoticia\" align=\"justify\"><strong><img loading=\"lazy\" decoding=\"async\" class=\"size-full wp-image-16690 aligncenter\" src=\"https:\/\/fpvoleibol.pt\/fpv\/wp-content\/uploads\/2022\/06\/maiafilipe_vp_u22_2022_d.jpg\" alt=\"\" width=\"960\" height=\"640\" srcset=\"https:\/\/fpvoleibol.pt\/fpv\/wp-content\/uploads\/2022\/06\/maiafilipe_vp_u22_2022_d.jpg 960w, https:\/\/fpvoleibol.pt\/fpv\/wp-content\/uploads\/2022\/06\/maiafilipe_vp_u22_2022_d-300x200.jpg 300w, https:\/\/fpvoleibol.pt\/fpv\/wp-content\/uploads\/2022\/06\/maiafilipe_vp_u22_2022_d-768x512.jpg 768w\" sizes=\"auto, (max-width: 960px) 100vw, 960px\" \/>Guilherme Maia e Filipe Leite<\/strong> come\u00e7aram bem o dia, vencendo Maxim Korsakov\/Maxim Voleanin (Mold\u00e1via) por claros 2-0 (21-13 e 21-14), na fase de 24 Equipas do\u00a0<span style=\"text-decoration: underline;\">Campeonato da Europa de Sub-22 masculinos, em Voleibol de Praia<\/span>, que termina amanh\u00e3 na cidade de Vlissingen, nos Pa\u00edses Baixos.<br \/>\nContudo, na fase de 16 Equipas (oitavos-de-final), a dupla checa Sepka\/Semerad mostrou-se mais forte (2-0: 21-13 e 21-17) e os portugueses acabaram por se classificar num honroso 9.\u00ba lugar final, sendo recompensados com mais 120 pontos no ranking europeu.<\/p>\n<p class=\"descricaonoticia\" align=\"justify\"><strong>Guilherme Maia e Filipe Leite<\/strong>, que t\u00eam ambos <span style=\"text-decoration: underline;\">20 anos<\/span> e foram 4.\u00bas classificados no <span style=\"text-decoration: underline;\">Campeonato Lidl 2020<\/span>, disputaram o #EuroBeachVolleyU22 acompanhados pelo treinador Miguel Maia.<br \/>\n<span style=\"text-decoration: underline;\">Sandra Deveza<\/span> integra a equipa de arbitragem nos Europeus de Sub-22 (masculinos e femininos), a decorrer simultaneamente em Vlissingen e Bilthoven.<\/p>\n<p>Em 2018 (Brno) e 2019 (Baden), a dupla <strong>Guilherme Maia\/Filipe Leite<\/strong> disputou o Campeonato da Europa de Sub-18, tendo-se classificado respectivamente em 17.\u00ba e 9.\u00ba lugar.<br \/>\nNa sua estreia a n\u00edvel do <span style=\"text-decoration: underline;\">Circuito Mundial de Voleibol de Praia<\/span> (Beach Volley World Tour), que ocorreu em Agosto de 2020, Guilherme, filho de Miguel Maia, e Filipe classificaram-se no 21.\u00ba lugar no Open de Montpellier.<br \/>\nSeguiram-se as participa\u00e7\u00f5es no Campeonato da Europa de Sub-20 em 2020 (Brno) e 2021 (Izmir), onde se classificaram, respectivamente, no 17.\u00ba e no 9.\u00ba lugar.<br \/>\nEm 2021, a dupla participou no Campeonato do Mundo de Sub-21, tendo-se classificado no 17.\u00ba lugar.<\/p>\n<p>Ver curr\u00edculo internacional de <a href=\"https:\/\/www.fivb.com\/en\/beachvolleyball\/beachplayersdatabase\/169663-guilherme-maia\">Guilherme Maia aqui<\/a> e de <a href=\"https:\/\/www.fivb.com\/en\/beachvolleyball\/beachplayersdatabase\/166321-filipe-leite\">Filipe Leite aqui<\/a><\/p>\n<p style=\"text-align: center;\"><span style=\"text-decoration: underline;\"><strong>\u00c1rbitros em ac\u00e7\u00e3o em competi\u00e7\u00f5es internacionais<\/strong><\/span><\/p>\n<p><strong>Rui Carvalho<\/strong><br \/>\nEtapas do FIVB Beach Pro Tour 2022 a disputar em Espinho (14 a 17 de\u00a0 Julho), Cape Town (\u00c1frica do Sul, 2 a 6 de Novembro) e Rio Janeiro (Brasil, 9 a 13 de Novembro).<br \/>\nCampeonatos do Mundo\/Roma 2022 (10 a 19 de Junho), em It\u00e1lia.<br \/>\nCampeonatos da Europa\/Munique 2022 (15 a 21 de Agosto), na Alemanha.<\/p>\n<p><strong>Sandra Deveza<br \/>\n<\/strong>Etapas do FIVB Beach Pro Tour 2022 a disputar em Gstaad (Su\u00ed\u00e7a, 6 a 10 de Julho) e Espinho (14 a 17 de Julho).<br \/>\nCampeonatos da Europa de Sub-22 \u2013 em Vlissingen e Bilthoven (Pa\u00edses Baixos), de 9 a 12 de Junho de 2022.<br \/>\n<span style=\"text-decoration: underline;\"><em>King of the Court<\/em><\/span>, em Hamburgo, na Alemanha, de 21 a 27 de Junho de 2022.<\/p>\n<p><strong>Maria Michelle Ferreira<\/strong><br \/>\nEtapa do FIVB Beach Pro Tour 2022 a disputar em Espinho (14 a 17 de\u00a0 Julho).<\/p>\n<p><strong>S\u00e9rgio Pereira<\/strong><br \/>\nEtapa do FIVB Beach Pro Tour 2022 a disputar em Espinho (14 a 17 de\u00a0 Julho).<\/p>\n<p>Portugal vai receber duas etapas do Volleyball World Beach Pro Tour em 2022: o <strong>Beach Pro Tour Challenge de Espinho<\/strong>, de 14 a 17 de Julho, e o <strong>Beach Pro Tour Future em Cortega\u00e7a<\/strong>, nos dias 11 a 14 de Agosto.<\/p>\n","protected":false},"excerpt":{"rendered":"<p>Guilherme Maia e Filipe Leite come\u00e7aram bem o dia, vencendo Maxim Korsakov\/Maxim Voleanin (Mold\u00e1via) por claros 2-0 (21-13 e 21-14), na fase de 24 Equipas do\u00a0Campeonato da Europa de Sub-22 [&hellip;]<\/p>\n","protected":false},"author":2,"featured_media":16689,"comment_status":"open","ping_status":"open","sticky":false,"template":"","format":"standard","meta":{"_monsterinsights_skip_tracking":false,"_monsterinsights_sitenote_active":false,"_monsterinsights_sitenote_note":"","_monsterinsights_sitenote_category":0,"footnotes":""},"categories":[13,9],"tags":[47],"class_list":{"0":"post-16687","1":"post","2":"type-post","3":"status-publish","4":"format-standard","5":"has-post-thumbnail","7":"category-arbitragem","8":"category-voleibol-de-praia","9":"tag-epoca-2021-2022","10":"czr-hentry"},"aioseo_notices":[],"_links":{"self":[{"href":"https:\/\/fpvoleibol.pt\/fpv\/wp-json\/wp\/v2\/posts\/16687","targetHints":{"allow":["GET"]}}],"collection":[{"href":"https:\/\/fpvoleibol.pt\/fpv\/wp-json\/wp\/v2\/posts"}],"about":[{"href":"https:\/\/fpvoleibol.pt\/fpv\/wp-json\/wp\/v2\/types\/post"}],"author":[{"embeddable":true,"href":"https:\/\/fpvoleibol.pt\/fpv\/wp-json\/wp\/v2\/users\/2"}],"replies":[{"embeddable":true,"href":"https:\/\/fpvoleibol.pt\/fpv\/wp-json\/wp\/v2\/comments?post=16687"}],"version-history":[{"count":4,"href":"https:\/\/fpvoleibol.pt\/fpv\/wp-json\/wp\/v2\/posts\/16687\/revisions"}],"predecessor-version":[{"id":16694,"href":"https:\/\/fpvoleibol.pt\/fpv\/wp-json\/wp\/v2\/posts\/16687\/revisions\/16694"}],"wp:featuredmedia":[{"embeddable":true,"href":"https:\/\/fpvoleibol.pt\/fpv\/wp-json\/wp\/v2\/media\/16689"}],"wp:attachment":[{"href":"https:\/\/fpvoleibol.pt\/fpv\/wp-json\/wp\/v2\/media?parent=16687"}],"wp:term":[{"taxonomy":"category","embeddable":true,"href":"https:\/\/fpvoleibol.pt\/fpv\/wp-json\/wp\/v2\/categories?post=16687"},{"taxonomy":"post_tag","embeddable":true,"href":"https:\/\/fpvoleibol.pt\/fpv\/wp-json\/wp\/v2\/tags?post=16687"}],"curies":[{"name":"wp","href":"https:\/\/api.w.org\/{rel}","templated":true}]}}