{"id":16203,"date":"2022-05-30T17:00:35","date_gmt":"2022-05-30T17:00:35","guid":{"rendered":"https:\/\/fpvoleibol.pt\/fpv\/?p=16203"},"modified":"2022-06-01T11:09:07","modified_gmt":"2022-06-01T11:09:07","slug":"silver-league-portugal-x-eslovenia","status":"publish","type":"post","link":"https:\/\/fpvoleibol.pt\/fpv\/2022\/05\/30\/silver-league-portugal-x-eslovenia\/","title":{"rendered":"SILVER LEAGUE: PORTUGAL x ESLOV\u00c9NIA"},"content":{"rendered":"<p><img loading=\"lazy\" decoding=\"async\" class=\"size-full wp-image-16214 aligncenter\" src=\"https:\/\/fpvoleibol.pt\/fpv\/wp-content\/uploads\/2022\/05\/julia_x_estonia_2022.jpg\" alt=\"\" width=\"960\" height=\"640\" srcset=\"https:\/\/fpvoleibol.pt\/fpv\/wp-content\/uploads\/2022\/05\/julia_x_estonia_2022.jpg 960w, https:\/\/fpvoleibol.pt\/fpv\/wp-content\/uploads\/2022\/05\/julia_x_estonia_2022-300x200.jpg 300w, https:\/\/fpvoleibol.pt\/fpv\/wp-content\/uploads\/2022\/05\/julia_x_estonia_2022-768x512.jpg 768w\" sizes=\"auto, (max-width: 960px) 100vw, 960px\" \/>A estreia de <strong>Hugo Silva<\/strong> \u00e0 frente da <strong>Selec\u00e7\u00e3o Nacional de Seniores Femininos<\/strong>, ap\u00f3s v\u00e1rios anos como respons\u00e1vel t\u00e9cnico pela Selec\u00e7\u00e3o Nacional de Seniores Masculinos, foi coroada com um triunfo <a href=\"https:\/\/www-old.cev.eu\/Competition-Area\/MatchStatistics.aspx?ID=60818\">(3-2: 25-23, 25-15, 22-25, 26-28 e 15-13)<\/a> sobre a Est\u00f3nia, na primeira jornada da Pool A da <a href=\"https:\/\/www.cev.eu\/national-team\/european-league\/european-silver-league\/women\/#league-round\">European Silver League 2022 (ESL)<\/a> , em jogo disputado no <a href=\"http:\/\/www.cm-viana-castelo.pt\/\">Centro Cultural de Viana do Castelo<\/a>.<\/p>\n<p>E ser\u00e1 novamente na <em>Princesa do Lima<\/em>, na <span style=\"text-decoration: underline;\">Cidade Europeia do Desporto de 2023<\/span>, que as portuguesas ir\u00e3o enfrentar (\u00e0s 18h00 de quarta-feira\/<a href=\"https:\/\/www.sporttv.pt\/pesquisa\/VOLEIBOL\/\">Sport TV<\/a>) a Eslov\u00e9nia, que na 1.\u00aa jornada da Pool A da ESL recebeu e derrotou o Luxemburgo por <a href=\"https:\/\/www.cev.eu\/match-centres\/cev-volleyball-european-silver-league-2022\/cev-volleyball-european-silver-league-2022-women\/wsla-01-slovenia-v-luxembourg\/\">3-0 (25-23, 25-12 e 25-14)<\/a>, mas depois cedeu (<a href=\"https:\/\/www-old.cev.eu\/Competition-Area\/MatchStatistics.aspx?ID=60819\">0-3: 13-25, 13-25 e 19-25<\/a>) em casa diante da Su\u00e9cia.<br \/>\nEm 2021, as duas selec\u00e7\u00f5es defrontaram-se na <span style=\"text-decoration: underline;\">Final Four da Silver League<\/span>, tendo a vit\u00f3ria sorrido \u00e0 Eslov\u00e9nia: <a href=\"https:\/\/www-old.cev.eu\/Competition-Area\/MatchStatistics.aspx?ID=45243\">3-1<\/a>.<\/p>\n<p>&#8220;<em>Ser\u00e1 mais um desafio. A Eslov\u00e9nia \u00e9 uma selec\u00e7\u00e3o dif\u00edcil, com imensas solu\u00e7\u00f5es de ataque, o que faz com que seja esse sector o ponto mais forte desta selec\u00e7\u00e3o. Possui jogadoras experientes e o n\u00edvel de consist\u00eancia da nossa equipa ir\u00e1 assumir um papel decisivo no equil\u00edbrio do jogo.<\/em><br \/>\n<em>Ao mesmo tempo, sendo a Eslov\u00e9nia uma equipa alta, vai exigir um primeiro toque bom da nossa parte para assim ser mais f\u00e1cil colocar a bola no ch\u00e3o.<\/em><br \/>\n<em>Jogadoras como Eva Zatkovic (1,92 metros\/Zona 4\/n.\u00ba 8), Selena Leban (1,78\/Zona 4\/n.\u00ba 4), Masa Pucelj (1,88\/Zona 4\/n.\u00ba 12) e Mija Siftar (1,88\/Zona 4\/n.\u00ba 9) s\u00e3o os <\/em>pesos pesados<em> desta forte selec\u00e7\u00e3o e \u00e0s quais vamos ter de estar muito atentos<\/em>&#8220;, alerta <strong>Hugo Silva<\/strong>.<\/p>\n<p><img loading=\"lazy\" decoding=\"async\" class=\"size-full wp-image-16213 aligncenter\" src=\"https:\/\/fpvoleibol.pt\/fpv\/wp-content\/uploads\/2022\/05\/SNSF_2022_team_hino_d.jpg\" alt=\"\" width=\"960\" height=\"640\" srcset=\"https:\/\/fpvoleibol.pt\/fpv\/wp-content\/uploads\/2022\/05\/SNSF_2022_team_hino_d.jpg 960w, https:\/\/fpvoleibol.pt\/fpv\/wp-content\/uploads\/2022\/05\/SNSF_2022_team_hino_d-300x200.jpg 300w, https:\/\/fpvoleibol.pt\/fpv\/wp-content\/uploads\/2022\/05\/SNSF_2022_team_hino_d-768x512.jpg 768w\" sizes=\"auto, (max-width: 960px) 100vw, 960px\" \/><\/p>\n<p>Em 2021, a Selec\u00e7\u00e3o Nacional fez <em>hist\u00f3ria<\/em> na European Silver League ao apurar-se para a Final Four da prova depois de vencer a Pool B de qualifica\u00e7\u00e3o \u2013 na cidade b\u00f3snia de Zenica \u2013, com cinco vit\u00f3rias e apenas um desaire: Est\u00f3nia (3-2 e 3-1), Let\u00f3nia (3-0 e 3-0) e B\u00f3snia-Herzegovina (0-3 e 3-1), tendo sido esta \u00faltima selec\u00e7\u00e3o a vencer a ESL 2021.<\/p>\n<p style=\"text-align: center;\"><span style=\"text-decoration: underline;\"><strong>\u00daltimos jogos entre as selec\u00e7\u00f5es de Portugal e Eslov\u00e9nia:<\/strong><\/span><\/p>\n<p style=\"text-align: center;\"><span style=\"text-decoration: underline;\"><strong>ESL 2022<br \/>\n<\/strong><\/span><strong>01.06.2022<\/strong><br \/>\n<strong>18h00<\/strong> \u2013 Portugal x Eslov\u00e9nia<\/p>\n<p style=\"text-align: center;\"><span style=\"text-decoration: underline;\"><strong>ESL 2021 &#8211; F4<br \/>\n<\/strong><\/span><strong>12.06.2021<\/strong><br \/>\nEslov\u00e9nia x Portugal, 3-1<\/p>\n<p style=\"text-align: center;\"><span style=\"text-decoration: underline;\"><strong>Fase Qual. Campeonato da Europa<\/strong><\/span><br \/>\n<strong>25.08.2019<\/strong><br \/>\nEslov\u00e9nia x Portugal, 3-0<\/p>\n<p style=\"text-align: center;\"><span style=\"text-decoration: underline;\"><strong>ESL 2019<br \/>\n<\/strong><\/span><strong>12.06.2019<\/strong><br \/>\nEslov\u00e9nia x Portugal, 3-1<br \/>\n<strong>08.06.2019<\/strong><br \/>\nPortugal x Eslov\u00e9nia, 3-2<\/p>\n<p style=\"text-align: left;\">Na <strong>European Silver League<\/strong> de femininos, a Selec\u00e7\u00e3o Nacional vai enfrentar, na <strong>Pool A<\/strong>, a Est\u00f3nia, sua advers\u00e1ria na edi\u00e7\u00e3o da ESL de 2021, a Su\u00e9cia, que defrontou na fase de qualifica\u00e7\u00e3o para o Campeonato da Europa de 2021, a Eslov\u00e9nia (Final 4 da ESL 2021) e o Luxemburgo.<br \/>\nComo a presente edi\u00e7\u00e3o da Silver League apresenta apenas uma pool, os dois primeiros classificados apuram-se para a final, agendada para o dia 2 de Julho, no pa\u00eds do 1.\u00ba classificado na fase preliminar. O vencedor desta final qualifica-se para a <span style=\"text-decoration: underline;\">European Golden League 2023<\/span>.\u00a0Ver mais informa\u00e7\u00f5es <a href=\"https:\/\/www.cev.eu\/national-team\/european-league\/european-silver-league\/women\/#league-round\">AQUI<\/a><\/p>\n<table style=\"width: 99.6354%; height: 216px;\" width=\"0\">\n<tbody>\n<tr style=\"height: 24px;\">\n<td style=\"width: 14.7445%; text-align: center; height: 24px; background-color: #a18c8a;\" width=\"95\"><strong>DIA<\/strong><\/td>\n<td style=\"width: 10.219%; text-align: center; height: 24px; background-color: #a18c8a;\" width=\"64\"><strong>HORA<\/strong><\/td>\n<td style=\"width: 22.3358%; text-align: center; height: 24px; background-color: #a18c8a;\" width=\"153\"><strong>JOGO<\/strong><\/td>\n<td style=\"width: 31.5328%; text-align: center; height: 24px; background-color: #a18c8a;\" width=\"227\"><strong>COMPETI\u00c7\u00c3O<\/strong><\/td>\n<td style=\"width: 120.223%; text-align: center; height: 24px; background-color: #a18c8a;\" width=\"127\"><strong>LOCAL<\/strong><\/td>\n<\/tr>\n<tr style=\"height: 24px;\">\n<td style=\"width: 14.7445%; text-align: center; height: 24px;\" width=\"95\"><strong>25.05.2022<\/strong><\/td>\n<td style=\"width: 10.219%; text-align: center; height: 24px;\" width=\"64\"><strong>21H00<\/strong><\/td>\n<td style=\"width: 22.3358%; text-align: center; height: 24px;\" width=\"153\"><strong>Portugal x Est\u00f3nia, 3-2<\/strong><\/td>\n<td style=\"width: 31.5328%; text-align: center; height: 24px;\" width=\"227\"><strong>Silver League<\/strong><\/td>\n<td style=\"width: 120.223%; text-align: center; height: 24px;\" width=\"127\"><strong>Centro Cultural V. Castelo<\/strong><\/td>\n<\/tr>\n<tr style=\"height: 24px;\">\n<td style=\"width: 14.7445%; text-align: center; height: 24px;\" width=\"95\">01.06.2022<\/td>\n<td style=\"width: 10.219%; text-align: center; height: 24px;\" width=\"64\">18H00<\/td>\n<td style=\"width: 22.3358%; text-align: center; height: 24px;\" width=\"153\">Portugal x Eslov\u00e9nia<\/td>\n<td style=\"width: 31.5328%; text-align: center; height: 24px;\" width=\"227\">Silver League<\/td>\n<td style=\"width: 120.223%; text-align: center; height: 24px;\" width=\"127\">Centro Cultural V. Castelo<\/td>\n<\/tr>\n<tr style=\"height: 24px;\">\n<td style=\"width: 14.7445%; text-align: center; height: 24px;\" width=\"95\">04.06.2022<\/td>\n<td style=\"width: 10.219%; text-align: center; height: 24px;\" width=\"64\">15H00<\/td>\n<td style=\"width: 22.3358%; text-align: center; height: 24px;\" width=\"153\">Su\u00e9cia x Portugal<\/td>\n<td style=\"width: 31.5328%; text-align: center; height: 24px;\" width=\"227\">Silver League<\/td>\n<td style=\"width: 120.223%; text-align: center; height: 24px;\" width=\"127\">Lund (Su\u00e9cia)<\/td>\n<\/tr>\n<tr style=\"height: 24px;\">\n<td style=\"width: 14.7445%; text-align: center; height: 24px;\" width=\"95\">08.06.2022<\/td>\n<td style=\"width: 10.219%; text-align: center; height: 24px;\" width=\"64\">21H00<\/td>\n<td style=\"width: 22.3358%; text-align: center; height: 24px;\" width=\"153\">Portugal x Luxemburgo<\/td>\n<td style=\"width: 31.5328%; text-align: center; height: 24px;\" width=\"227\">Silver League<\/td>\n<td style=\"width: 120.223%; text-align: center; height: 24px;\" width=\"127\">Pav. Desp. Munic.\u00a0 Santo Tirso<\/td>\n<\/tr>\n<tr style=\"height: 24px;\">\n<td style=\"width: 14.7445%; text-align: center; height: 24px;\" width=\"95\">12.06.2022<\/td>\n<td style=\"width: 10.219%; text-align: center; height: 24px;\" width=\"64\">17H00<\/td>\n<td style=\"width: 22.3358%; text-align: center; height: 24px;\" width=\"153\">Luxemburgo x Portugal<\/td>\n<td style=\"width: 31.5328%; text-align: center; height: 24px;\" width=\"227\">Silver League<\/td>\n<td style=\"width: 120.223%; text-align: center; height: 24px;\" width=\"127\">Luxemburgo<\/td>\n<\/tr>\n<tr style=\"height: 24px;\">\n<td style=\"width: 14.7445%; text-align: center; height: 24px;\" width=\"95\">15.06.2022<\/td>\n<td style=\"width: 10.219%; text-align: center; height: 24px;\" width=\"64\">21H00<\/td>\n<td style=\"width: 22.3358%; text-align: center; height: 24px;\" width=\"153\">Portugal x Su\u00e9cia<\/td>\n<td style=\"width: 31.5328%; text-align: center; height: 24px;\" width=\"227\">Silver League<\/td>\n<td style=\"width: 120.223%; text-align: center; height: 24px;\" width=\"127\">Pav. Desp. Munic.\u00a0 Santo Tirso<\/td>\n<\/tr>\n<tr style=\"height: 24px;\">\n<td style=\"width: 14.7445%; text-align: center; height: 24px;\" width=\"95\">18.06.2022<\/td>\n<td style=\"width: 10.219%; text-align: center; height: 24px;\" width=\"64\">19H30<\/td>\n<td style=\"width: 22.3358%; text-align: center; height: 24px;\" width=\"153\">Eslov\u00e9nia x Portugal<\/td>\n<td style=\"width: 31.5328%; text-align: center; height: 24px;\" width=\"227\">Silver League<\/td>\n<td style=\"width: 120.223%; text-align: center; height: 24px;\" width=\"127\">Maribor (Eslov\u00e9nia)<\/td>\n<\/tr>\n<tr style=\"height: 24px;\">\n<td style=\"width: 14.7445%; text-align: center; height: 24px;\" width=\"95\">26.06.2022<\/td>\n<td style=\"width: 10.219%; text-align: center; height: 24px;\" width=\"64\">17H00<\/td>\n<td style=\"width: 22.3358%; text-align: center; height: 24px;\" width=\"153\">Est\u00f3nia x Portugal<\/td>\n<td style=\"width: 31.5328%; text-align: center; height: 24px;\" width=\"227\">Silver League<\/td>\n<td style=\"width: 120.223%; text-align: center; height: 24px;\" width=\"127\">Tartu (Est\u00f3nia)<\/td>\n<\/tr>\n<\/tbody>\n<\/table>\n<p style=\"text-align: center;\">A <span style=\"text-decoration: underline;\">Pool A da ESL arrancou no dia 25 de Maio (quarta-feira\/V. Castelo)<\/span>, com o <span style=\"text-decoration: underline;\"><strong>Est\u00f3nia x Portugal<\/strong><\/span>\u00a0e prolonga-se at\u00e9 ao dia 26 de Junho. Ver mais informa\u00e7\u00f5es <a href=\"https:\/\/www.cev.eu\/national-team\/european-league\/european-silver-league\/women\/#league-round\">AQUI<\/a><\/p>\n<p><img loading=\"lazy\" decoding=\"async\" class=\"size-full wp-image-15685 aligncenter\" src=\"https:\/\/fpvoleibol.pt\/fpv\/wp-content\/uploads\/2022\/05\/ESilverLposter_web_pq.jpg\" alt=\"\" width=\"960\" height=\"1440\" srcset=\"https:\/\/fpvoleibol.pt\/fpv\/wp-content\/uploads\/2022\/05\/ESilverLposter_web_pq.jpg 960w, https:\/\/fpvoleibol.pt\/fpv\/wp-content\/uploads\/2022\/05\/ESilverLposter_web_pq-200x300.jpg 200w, https:\/\/fpvoleibol.pt\/fpv\/wp-content\/uploads\/2022\/05\/ESilverLposter_web_pq-683x1024.jpg 683w, https:\/\/fpvoleibol.pt\/fpv\/wp-content\/uploads\/2022\/05\/ESilverLposter_web_pq-768x1152.jpg 768w\" sizes=\"auto, (max-width: 960px) 100vw, 960px\" \/><\/p>\n<p>&nbsp;<\/p>\n<p>Na <a href=\"https:\/\/www-old.cev.eu\/Competition-Area\/CompetitionView.aspx?ID=1377\"><span style=\"text-decoration: underline;\">Fase de Qualifica\u00e7\u00e3o para o Campeonato da Europa 2023<\/span><\/a>, a <strong>Selec\u00e7\u00e3o Nacional de Seniores Femininos<\/strong> vai defrontar, na Pool C, a Ucr\u00e2nia, a Hungria \u2013 respectivamente 12.\u00aa e 16.\u00aa classificadas no EuroVolley 2021 \u2013 e o Chipre.\u00a0Os jogos da fase de qualifica\u00e7\u00e3o s\u00e3o disputados entre 15 de Agosto e 15 de Setembro de 2022.<\/p>\n<p style=\"text-align: center;\"><span style=\"text-decoration: underline;\"><strong>\u00c1rbitros portugueses em ac\u00e7\u00e3o no Indoor<\/strong><\/span><\/p>\n<p><strong>Ricardo Ferreira<\/strong><br \/>\nPortugal x Dinamarca, da Pool A da European Golden League &#8211; masculinos, no dia 12 de Junho de 2022.<br \/>\nCampeonato da Europa de Sub-22 Masculinos \u2013 fase final, em Tarnow (Pol\u00f3nia), de\u00a0 12 a 17 de Julho de 2022.<\/p>\n<p><strong>Jos\u00e9 Caramez<\/strong><br \/>\nPortugal x Luxemburgo, da Pool A da European Silver League &#8211; femininos, no dia 8 de Junho de 2022.<\/p>\n<p><strong>Raquel Portela<\/strong><br \/>\nPortugal x Eslov\u00e9nia, da Pool A da European Silver League &#8211; femininos, no dia 1 de Junho de 2022.<br \/>\nCampeonato da Europa de Sub-21 Femininos \u2013 fase final, em Cerignola e Andria (It\u00e1lia), de\u00a0 12 a 17 de Julho de 2022.<\/p>\n<p><strong>Nuno Teixeira<\/strong><br \/>\nPortugal x Su\u00e9cia, da Pool A da European Silver League &#8211; femininos, no dia 15 de Junho de 2022.<\/p>\n<p><strong>Pedro Pinto<br \/>\n<\/strong>Portugal x Turquia, da Pool A da European Golden League &#8211; masculinos, no dia 1 de Junho de 2022.<\/p>\n<p><strong>V\u00edtor Gon\u00e7alves<\/strong><br \/>\nEspanha x Dinamarca, da Pool B da European Golden League &#8211; masculinos, no dia 11 de Junho de 2022.<\/p>\n<p style=\"text-align: center;\"><b><u>Mais informa\u00e7\u00f5es<\/u><\/b> em <a href=\"http:\/\/www.cev.eu\">www.cev.eu<\/a><\/p>\n","protected":false},"excerpt":{"rendered":"<p>A estreia de Hugo Silva \u00e0 frente da Selec\u00e7\u00e3o Nacional de Seniores Femininos, ap\u00f3s v\u00e1rios anos como respons\u00e1vel t\u00e9cnico pela Selec\u00e7\u00e3o Nacional de Seniores Masculinos, foi coroada com um triunfo [&hellip;]<\/p>\n","protected":false},"author":2,"featured_media":16212,"comment_status":"open","ping_status":"open","sticky":false,"template":"","format":"standard","meta":{"_monsterinsights_skip_tracking":false,"_monsterinsights_sitenote_active":false,"_monsterinsights_sitenote_note":"","_monsterinsights_sitenote_category":0,"footnotes":""},"categories":[8],"tags":[47,40,60],"class_list":{"0":"post-16203","1":"post","2":"type-post","3":"status-publish","4":"format-standard","5":"has-post-thumbnail","7":"category-voleibol","8":"tag-epoca-2021-2022","9":"tag-european-silver-league","10":"tag-european-silver-league-2022","11":"czr-hentry"},"aioseo_notices":[],"_links":{"self":[{"href":"https:\/\/fpvoleibol.pt\/fpv\/wp-json\/wp\/v2\/posts\/16203","targetHints":{"allow":["GET"]}}],"collection":[{"href":"https:\/\/fpvoleibol.pt\/fpv\/wp-json\/wp\/v2\/posts"}],"about":[{"href":"https:\/\/fpvoleibol.pt\/fpv\/wp-json\/wp\/v2\/types\/post"}],"author":[{"embeddable":true,"href":"https:\/\/fpvoleibol.pt\/fpv\/wp-json\/wp\/v2\/users\/2"}],"replies":[{"embeddable":true,"href":"https:\/\/fpvoleibol.pt\/fpv\/wp-json\/wp\/v2\/comments?post=16203"}],"version-history":[{"count":15,"href":"https:\/\/fpvoleibol.pt\/fpv\/wp-json\/wp\/v2\/posts\/16203\/revisions"}],"predecessor-version":[{"id":16315,"href":"https:\/\/fpvoleibol.pt\/fpv\/wp-json\/wp\/v2\/posts\/16203\/revisions\/16315"}],"wp:featuredmedia":[{"embeddable":true,"href":"https:\/\/fpvoleibol.pt\/fpv\/wp-json\/wp\/v2\/media\/16212"}],"wp:attachment":[{"href":"https:\/\/fpvoleibol.pt\/fpv\/wp-json\/wp\/v2\/media?parent=16203"}],"wp:term":[{"taxonomy":"category","embeddable":true,"href":"https:\/\/fpvoleibol.pt\/fpv\/wp-json\/wp\/v2\/categories?post=16203"},{"taxonomy":"post_tag","embeddable":true,"href":"https:\/\/fpvoleibol.pt\/fpv\/wp-json\/wp\/v2\/tags?post=16203"}],"curies":[{"name":"wp","href":"https:\/\/api.w.org\/{rel}","templated":true}]}}