{"id":16029,"date":"2022-05-26T15:11:17","date_gmt":"2022-05-26T15:11:17","guid":{"rendered":"https:\/\/fpvoleibol.pt\/fpv\/?p=16029"},"modified":"2022-05-26T15:11:17","modified_gmt":"2022-05-26T15:11:17","slug":"regional-gira-volei-em-lamego","status":"publish","type":"post","link":"https:\/\/fpvoleibol.pt\/fpv\/2022\/05\/26\/regional-gira-volei-em-lamego\/","title":{"rendered":"REGIONAL GIRA-VOLEI EM LAMEGO"},"content":{"rendered":"<p style=\"text-align: center;\"><img loading=\"lazy\" decoding=\"async\" class=\"size-full wp-image-16032 aligncenter\" src=\"https:\/\/fpvoleibol.pt\/fpv\/wp-content\/uploads\/2022\/05\/gv_viseu_lamego2022_d01.jpg\" alt=\"\" width=\"960\" height=\"640\" srcset=\"https:\/\/fpvoleibol.pt\/fpv\/wp-content\/uploads\/2022\/05\/gv_viseu_lamego2022_d01.jpg 960w, https:\/\/fpvoleibol.pt\/fpv\/wp-content\/uploads\/2022\/05\/gv_viseu_lamego2022_d01-300x200.jpg 300w, https:\/\/fpvoleibol.pt\/fpv\/wp-content\/uploads\/2022\/05\/gv_viseu_lamego2022_d01-768x512.jpg 768w\" sizes=\"auto, (max-width: 960px) 100vw, 960px\" \/><span style=\"font-size: 8pt;\"><strong>Fotos: <a href=\"https:\/\/www.facebook.com\/avviseu\">AVViseu<\/a><\/strong><\/span><\/p>\n<p>O\u00a0<strong>Encontro Regional de Gira-Volei de Viseu,<\/strong>\u00a0organizado pela Associa\u00e7\u00e3o de Voleibol de Viseu (AVV), em parceria com a Federa\u00e7\u00e3o Portuguesa de Voleibol e a C\u00e2mara Municipal de Lamego, realizou-se no dia 21 de Maio, tendo decorrido no espa\u00e7o cont\u00edguo ao Pavilh\u00e3o Multiusos de Lamego e e movimentado cerca de 180\u00a0jovens, oriundos de v\u00e1rios agrupamentos de escolas e clubes do distrito de Viseu.<\/p>\n<p>Durante toda a manh\u00e3 de s\u00e1bado, as duplas de atletas dos diversos escal\u00f5es et\u00e1rios, distribu\u00eddos por 18 campos, foram jogando entre si e mostrando as suas habilidades t\u00e9cnicas, at\u00e9 serem\u00a0 apuradas as duas primeiras classificadas para o Encontro Nacional, que ir\u00e1 decorrer em Castelo de Vide nos dias 4 e 5 de Junho.<\/p>\n<p>No final deste encontro, a organiza\u00e7\u00e3o distribuiu um diploma a todos os atletas, tendo o almo\u00e7o decorrido no Centro Escolar de Lamego.<\/p>\n<p><img loading=\"lazy\" decoding=\"async\" class=\"size-full wp-image-16033 aligncenter\" src=\"https:\/\/fpvoleibol.pt\/fpv\/wp-content\/uploads\/2022\/05\/gv_viseu_lamego2022_d0.jpg\" alt=\"\" width=\"960\" height=\"534\" srcset=\"https:\/\/fpvoleibol.pt\/fpv\/wp-content\/uploads\/2022\/05\/gv_viseu_lamego2022_d0.jpg 960w, https:\/\/fpvoleibol.pt\/fpv\/wp-content\/uploads\/2022\/05\/gv_viseu_lamego2022_d0-300x167.jpg 300w, https:\/\/fpvoleibol.pt\/fpv\/wp-content\/uploads\/2022\/05\/gv_viseu_lamego2022_d0-768x427.jpg 768w\" sizes=\"auto, (max-width: 960px) 100vw, 960px\" \/><\/p>\n<p style=\"text-align: center;\"><u>As equipas apuradas para a fase final nacional s\u00e3o<\/u>:<\/p>\n<p style=\"text-align: center;\"><strong>8-10 Fem.<\/strong><br \/>\n1.\u00ba Madalena Gon\u00e7alves \/ Anamar Fonseca (AE IDHenrique)<br \/>\n2.\u00ba Catarina Pina \/ Carlota Maravilha (Col\u00e9g. Lamego)<\/p>\n<p style=\"text-align: center;\"><strong>8-10 Masc.<\/strong><br \/>\n1.\u00ba Francisco Borralho \/ Ruben Ladeira (AE IDHenrique)<br \/>\n2.\u00ba Rodrigo Azevedo \/ Duarte Garcia (EB 1 Cordinha)<\/p>\n<p style=\"text-align: center;\"><strong>11-12 Fem.<\/strong><br \/>\n1.\u00ba Beatriz Susano \/ Sabrina Torres (AE Latino Coelho)<br \/>\n2.\u00ba Maria Rochinha \/ Maria Tavares (AE VNPaiva)<\/p>\n<p style=\"text-align: center;\"><strong>11-12 Masc.\u00a0<\/strong><br \/>\n1.\u00ba Jo\u00e3o Afonso \/ Pedro Miguel (AE VNPaiva)<br \/>\n2.\u00ba Gabriel Morais \/ Guilherme Moura (Col\u00e9g. Lamego)<\/p>\n<p style=\"text-align: center;\"><strong>3-15 Fem. N\u00edvel I\u00a0<\/strong><br \/>\n1.\u00ba Beatriz Pereira \/ Mariana Pereira (Col\u00e9g. Lamego)<br \/>\n2.\u00ba B\u00e1rbara Maia \/ Sofia Loureiro (AE VNPaiva)<\/p>\n<p style=\"text-align: center;\"><strong>13-15 Masc. N\u00edvel I\u00a0<\/strong><br \/>\n1.\u00ba Jo\u00e3o Santos \/ Jo\u00e3o Vaz (AE Latino Coelho)<br \/>\n2.\u00ba Bernardo Tom\u00e1s \/ Guilherme Matos (Col\u00e9g. Lamego)<\/p>\n<p style=\"text-align: center;\"><strong>13-15 Fem. N\u00edvel II\u00a0<\/strong><br \/>\n1.\u00ba Raquel Cam\u00f5es \/ Beatriz Palminha (Col\u00e9g. Via Sacra)<br \/>\n2.\u00ba Maria Marques \/ Margarida Figueiredo (Col\u00e9g. Via Sacra)<\/p>\n<p style=\"text-align: center;\"><strong>13-15 Masc. N\u00edvel II<\/strong><br \/>\n1.\u00ba Francisco Soares \/ Pedro Matos (Col\u00e9g. Lamego)<br \/>\n2.\u00ba Gaspar Cruz \/ Jos\u00e9 Gouveia (Col\u00e9g. Via Sacra)<\/p>\n<p style=\"text-align: center;\"><strong>16-18 Masc.\u00a0<\/strong><br \/>\n1.\u00ba Diogo Sequeira \/ Gon\u00e7alo Mota (AE Latino Coelho)<br \/>\n2.\u00ba Daniel Nascimento \/ Gustavo Guerra (Col\u00e9g. Lamego)<\/p>\n<p style=\"text-align: center;\">Mais informa\u00e7\u00f5es em\u00a0<a href=\"https:\/\/www.facebook.com\/avviseu\">AVViseu<\/a><\/p>\n<p><u><strong>Provas nacionais\/regionais previstas para 2022<\/strong><\/u><\/p>\n<p>Regional AVVC \u2013 6 de Maio<br \/>\nRegional da Guarda \u2013 11 de Maio<br \/>\nRegional da AVAL 1 \u2013 11 de Maio<br \/>\nRegional da AV Lisboa \u2013 14 de Maio<br \/>\nRegional da AV Porto \u2013 14 de Maio<br \/>\nRegional da AVAL 2 \u2013 15 de Maio<br \/>\nRegional de Leiria \u2013 18 de Maio<br \/>\n<strong>Regional de Viseu \u2013 21 de Maio<\/strong><br \/>\nRegional de Coimbra \u2013 21 de Maio<br \/>\nRegional de Braga \u2013 21 de Maio<br \/>\nRegional AVTM \u2013 22 de Maio<br \/>\nEncontro Nacional \u2013 4 e 5 de Junho \u2013 em Castelo de Vide<\/p>\n<p>Campo de F\u00e9rias \u2013 11 a 16 de Abril, em Miranda do Douro e Freixo de Espada \u00e0 Cinta<br \/>\nCampo de F\u00e9rias de Ver\u00e3o \u2013 13 a 17 de Julho \u2013 no Beach Pro Tour Challenger de Espinho<\/p>\n<p>Mais informa\u00e7\u00f5es em\u00a0<a href=\"http:\/\/www.giravolei.com\/\">www.giravolei.com<\/a><\/p>\n","protected":false},"excerpt":{"rendered":"<p>Fotos: AVViseu O\u00a0Encontro Regional de Gira-Volei de Viseu,\u00a0organizado pela Associa\u00e7\u00e3o de Voleibol de Viseu (AVV), em parceria com a Federa\u00e7\u00e3o Portuguesa de Voleibol e a C\u00e2mara Municipal de Lamego, realizou-se [&hellip;]<\/p>\n","protected":false},"author":2,"featured_media":16031,"comment_status":"open","ping_status":"open","sticky":false,"template":"","format":"standard","meta":{"_monsterinsights_skip_tracking":false,"_monsterinsights_sitenote_active":false,"_monsterinsights_sitenote_note":"","_monsterinsights_sitenote_category":0,"footnotes":""},"categories":[12],"tags":[47],"class_list":{"0":"post-16029","1":"post","2":"type-post","3":"status-publish","4":"format-standard","5":"has-post-thumbnail","7":"category-gira-volei","8":"tag-epoca-2021-2022","9":"czr-hentry"},"aioseo_notices":[],"_links":{"self":[{"href":"https:\/\/fpvoleibol.pt\/fpv\/wp-json\/wp\/v2\/posts\/16029","targetHints":{"allow":["GET"]}}],"collection":[{"href":"https:\/\/fpvoleibol.pt\/fpv\/wp-json\/wp\/v2\/posts"}],"about":[{"href":"https:\/\/fpvoleibol.pt\/fpv\/wp-json\/wp\/v2\/types\/post"}],"author":[{"embeddable":true,"href":"https:\/\/fpvoleibol.pt\/fpv\/wp-json\/wp\/v2\/users\/2"}],"replies":[{"embeddable":true,"href":"https:\/\/fpvoleibol.pt\/fpv\/wp-json\/wp\/v2\/comments?post=16029"}],"version-history":[{"count":3,"href":"https:\/\/fpvoleibol.pt\/fpv\/wp-json\/wp\/v2\/posts\/16029\/revisions"}],"predecessor-version":[{"id":16035,"href":"https:\/\/fpvoleibol.pt\/fpv\/wp-json\/wp\/v2\/posts\/16029\/revisions\/16035"}],"wp:featuredmedia":[{"embeddable":true,"href":"https:\/\/fpvoleibol.pt\/fpv\/wp-json\/wp\/v2\/media\/16031"}],"wp:attachment":[{"href":"https:\/\/fpvoleibol.pt\/fpv\/wp-json\/wp\/v2\/media?parent=16029"}],"wp:term":[{"taxonomy":"category","embeddable":true,"href":"https:\/\/fpvoleibol.pt\/fpv\/wp-json\/wp\/v2\/categories?post=16029"},{"taxonomy":"post_tag","embeddable":true,"href":"https:\/\/fpvoleibol.pt\/fpv\/wp-json\/wp\/v2\/tags?post=16029"}],"curies":[{"name":"wp","href":"https:\/\/api.w.org\/{rel}","templated":true}]}}