{"id":15933,"date":"2022-05-24T11:47:59","date_gmt":"2022-05-24T11:47:59","guid":{"rendered":"https:\/\/fpvoleibol.pt\/fpv\/?p=15933"},"modified":"2022-05-24T11:47:59","modified_gmt":"2022-05-24T11:47:59","slug":"fase-final-de-cadetes-masculinos-em-lamego","status":"publish","type":"post","link":"https:\/\/fpvoleibol.pt\/fpv\/2022\/05\/24\/fase-final-de-cadetes-masculinos-em-lamego\/","title":{"rendered":"FASE FINAL DE CADETES MASCULINOS EM LAMEGO"},"content":{"rendered":"<p><img loading=\"lazy\" decoding=\"async\" class=\"size-full wp-image-15948 aligncenter\" src=\"https:\/\/fpvoleibol.pt\/fpv\/wp-content\/uploads\/2022\/05\/cartaz_cadmasc_d2.jpg\" alt=\"\" width=\"960\" height=\"1358\" srcset=\"https:\/\/fpvoleibol.pt\/fpv\/wp-content\/uploads\/2022\/05\/cartaz_cadmasc_d2.jpg 960w, https:\/\/fpvoleibol.pt\/fpv\/wp-content\/uploads\/2022\/05\/cartaz_cadmasc_d2-212x300.jpg 212w, https:\/\/fpvoleibol.pt\/fpv\/wp-content\/uploads\/2022\/05\/cartaz_cadmasc_d2-724x1024.jpg 724w, https:\/\/fpvoleibol.pt\/fpv\/wp-content\/uploads\/2022\/05\/cartaz_cadmasc_d2-768x1086.jpg 768w\" sizes=\"auto, (max-width: 960px) 100vw, 960px\" \/>A <strong>Final a 7 de Apuramento do Campe\u00e3o Nacional de Cadetes Masculinos<\/strong> realiza-se de 27 a 29 de Maio no Pavilh\u00e3o \u00c1lvaro Magalh\u00e3es e Pavilh\u00e3o do Col\u00e9gio de Lamego.<\/p>\n<p>Esta <strong>Fase Final \u2013 Apuramento do Campe\u00e3o Nacional<\/strong>, organizada pela Federa\u00e7\u00e3o Portuguesa de Voleibol com a colabora\u00e7\u00e3o da C\u00e2mara Municipal de Lamego e o apoio do Col\u00e9gio de Lamego, \u00e9 disputada pelas equipas: Associa\u00e7\u00e3o Acad\u00e9mica de Espinho, Clube Atl\u00e2ntico da Madalena e Clube de Voleibol da Escola Secund\u00e1ria de Latino Coelho (S\u00e9rie A) e Associa\u00e7\u00e3o Acad\u00e9mica de S\u00e3o Mamede, Esmoriz Gin\u00e1sio Clube, Gin\u00e1sio Clube de Santo Tirso e Sporting Clube de Espinho (S\u00e9rie B).<\/p>\n<p><img loading=\"lazy\" decoding=\"async\" class=\"size-full wp-image-15935 aligncenter\" src=\"https:\/\/fpvoleibol.pt\/fpv\/wp-content\/uploads\/2022\/05\/cadetmas_calen.jpg\" alt=\"\" width=\"960\" height=\"460\" srcset=\"https:\/\/fpvoleibol.pt\/fpv\/wp-content\/uploads\/2022\/05\/cadetmas_calen.jpg 960w, https:\/\/fpvoleibol.pt\/fpv\/wp-content\/uploads\/2022\/05\/cadetmas_calen-300x144.jpg 300w, https:\/\/fpvoleibol.pt\/fpv\/wp-content\/uploads\/2022\/05\/cadetmas_calen-768x368.jpg 768w\" sizes=\"auto, (max-width: 960px) 100vw, 960px\" \/><\/p>\n<p style=\"text-align: center;\"><strong><span style=\"text-decoration: underline;\">Resultados e classifica\u00e7\u00e3o<\/span><a href=\"https:\/\/portugalvoleibol.com\/classificacao\/\"> AQUI<\/a><\/strong><\/p>\n","protected":false},"excerpt":{"rendered":"<p>A Final a 7 de Apuramento do Campe\u00e3o Nacional de Cadetes Masculinos realiza-se de 27 a 29 de Maio no Pavilh\u00e3o \u00c1lvaro Magalh\u00e3es e Pavilh\u00e3o do Col\u00e9gio de Lamego. Esta [&hellip;]<\/p>\n","protected":false},"author":2,"featured_media":15949,"comment_status":"open","ping_status":"open","sticky":false,"template":"","format":"standard","meta":{"_monsterinsights_skip_tracking":false,"_monsterinsights_sitenote_active":false,"_monsterinsights_sitenote_note":"","_monsterinsights_sitenote_category":0,"footnotes":""},"categories":[8],"tags":[47],"class_list":{"0":"post-15933","1":"post","2":"type-post","3":"status-publish","4":"format-standard","5":"has-post-thumbnail","7":"category-voleibol","8":"tag-epoca-2021-2022","9":"czr-hentry"},"aioseo_notices":[],"_links":{"self":[{"href":"https:\/\/fpvoleibol.pt\/fpv\/wp-json\/wp\/v2\/posts\/15933","targetHints":{"allow":["GET"]}}],"collection":[{"href":"https:\/\/fpvoleibol.pt\/fpv\/wp-json\/wp\/v2\/posts"}],"about":[{"href":"https:\/\/fpvoleibol.pt\/fpv\/wp-json\/wp\/v2\/types\/post"}],"author":[{"embeddable":true,"href":"https:\/\/fpvoleibol.pt\/fpv\/wp-json\/wp\/v2\/users\/2"}],"replies":[{"embeddable":true,"href":"https:\/\/fpvoleibol.pt\/fpv\/wp-json\/wp\/v2\/comments?post=15933"}],"version-history":[{"count":4,"href":"https:\/\/fpvoleibol.pt\/fpv\/wp-json\/wp\/v2\/posts\/15933\/revisions"}],"predecessor-version":[{"id":15950,"href":"https:\/\/fpvoleibol.pt\/fpv\/wp-json\/wp\/v2\/posts\/15933\/revisions\/15950"}],"wp:featuredmedia":[{"embeddable":true,"href":"https:\/\/fpvoleibol.pt\/fpv\/wp-json\/wp\/v2\/media\/15949"}],"wp:attachment":[{"href":"https:\/\/fpvoleibol.pt\/fpv\/wp-json\/wp\/v2\/media?parent=15933"}],"wp:term":[{"taxonomy":"category","embeddable":true,"href":"https:\/\/fpvoleibol.pt\/fpv\/wp-json\/wp\/v2\/categories?post=15933"},{"taxonomy":"post_tag","embeddable":true,"href":"https:\/\/fpvoleibol.pt\/fpv\/wp-json\/wp\/v2\/tags?post=15933"}],"curies":[{"name":"wp","href":"https:\/\/api.w.org\/{rel}","templated":true}]}}