{"id":15860,"date":"2022-05-23T16:08:02","date_gmt":"2022-05-23T16:08:02","guid":{"rendered":"https:\/\/fpvoleibol.pt\/fpv\/?p=15860"},"modified":"2022-05-27T16:04:07","modified_gmt":"2022-05-27T16:04:07","slug":"campeonato-lidl-esta-de-regresso","status":"publish","type":"post","link":"https:\/\/fpvoleibol.pt\/fpv\/2022\/05\/23\/campeonato-lidl-esta-de-regresso\/","title":{"rendered":"CAMPEONATO LIDL EST\u00c1 DE REGRESSO!"},"content":{"rendered":"<p style=\"text-align: center;\"><strong><img loading=\"lazy\" decoding=\"async\" class=\"size-full wp-image-15883 aligncenter\" src=\"https:\/\/fpvoleibol.pt\/fpv\/wp-content\/uploads\/2022\/05\/poster_cnvp_2022_cd.jpg\" alt=\"\" width=\"960\" height=\"1242\" srcset=\"https:\/\/fpvoleibol.pt\/fpv\/wp-content\/uploads\/2022\/05\/poster_cnvp_2022_cd.jpg 960w, https:\/\/fpvoleibol.pt\/fpv\/wp-content\/uploads\/2022\/05\/poster_cnvp_2022_cd-232x300.jpg 232w, https:\/\/fpvoleibol.pt\/fpv\/wp-content\/uploads\/2022\/05\/poster_cnvp_2022_cd-791x1024.jpg 791w, https:\/\/fpvoleibol.pt\/fpv\/wp-content\/uploads\/2022\/05\/poster_cnvp_2022_cd-768x994.jpg 768w\" sizes=\"auto, (max-width: 960px) 100vw, 960px\" \/>O <a href=\"https:\/\/fpvoleibol.pt\/cnvp2022\"><span style=\"text-decoration: underline;\">Campeonato Nacional de Voleibol de Praia<\/span><\/a> est\u00e1 de volta \u00e0s areias portuguesas.<\/strong><\/p>\n<p>O <a href=\"https:\/\/fpvoleibol.pt\/cnvp2022\"><strong>Campeonato Lidl 2022<\/strong><\/a>, que re\u00fane as melhores duplas de seniores masculinos e femininos, arranca no dia 1 de Julho no Porto.<\/p>\n<p>Ao todo, ser\u00e3o realizadas cinco etapas, sendo que a 5.\u00aa Etapa ser\u00e1 considerada a Final do <a href=\"https:\/\/fpvoleibol.pt\/cnvp2022\"><strong>Campeonato Lidl 2022<\/strong><\/a>\u00a0e ser\u00e1 disputada no <strong>Centro de Alto Rendimento de Voleibol de Praia<\/strong> (CARVP) da Federa\u00e7\u00e3o Portuguesa de Voleibol, em Cortega\u00e7a, Ovar.<\/p>\n<p style=\"text-align: center;\"><a href=\"https:\/\/fpvoleibol.pt\/cnvp2022\"><span style=\"text-decoration: underline;\"><strong>Calend\u00e1rio<\/strong><\/span><\/a><\/p>\n<p style=\"text-align: center;\"><strong>1.\u00aa Etapa (Porto)<br \/>\n<\/strong>1 a 3 de Julho \u2013 <strong>Praia Internacional<\/strong><\/p>\n<p style=\"text-align: center;\"><strong>2.\u00aa Etapa (Espinho)<\/strong><br \/>\n8 a 10 de Julho \u2013 Praia da Ba\u00eda<\/p>\n<p style=\"text-align: center;\"><strong>3.\u00aa Etapa (Freixo de Espada \u00e0 Cinta)<br \/>\n<\/strong>22 a 24 de Julho \u2013 Praia da Congida<\/p>\n<p style=\"text-align: center;\"><strong>4.\u00aa Etapa (Portim\u00e3o)<\/strong><br \/>\n29 a 31 de Julho \u2013 Praia da Rocha<\/p>\n<p style=\"text-align: center;\"><strong>5.\u00aa Etapa \u2013 Final (Cortega\u00e7a)<\/strong><br \/>\n5 a 7 de Agosto \u2013 Centro de Alto Rendimento de Voleibol de Praia<\/p>\n<p style=\"text-align: center;\"><span style=\"text-decoration: underline; background-color: #c7bdbd;\"><strong>Em 2021:<br \/>\n10.\u00ba t\u00edtulo para Juliana<br \/>\ne 9.\u00ba para Roberto<\/strong><\/span><\/p>\n<p style=\"text-align: center;\"><span style=\"text-decoration: underline;\"><img loading=\"lazy\" decoding=\"async\" class=\"alignnone size-full wp-image-8432\" src=\"https:\/\/fpvoleibol.pt\/fpv\/wp-content\/uploads\/2021\/08\/podiumfem_final_d.jpg\" alt=\"\" width=\"960\" height=\"640\" srcset=\"https:\/\/fpvoleibol.pt\/fpv\/wp-content\/uploads\/2021\/08\/podiumfem_final_d.jpg 960w, https:\/\/fpvoleibol.pt\/fpv\/wp-content\/uploads\/2021\/08\/podiumfem_final_d-300x200.jpg 300w, https:\/\/fpvoleibol.pt\/fpv\/wp-content\/uploads\/2021\/08\/podiumfem_final_d-768x512.jpg 768w\" sizes=\"auto, (max-width: 960px) 100vw, 960px\" \/><\/span><\/p>\n<p>Em 2021, as duplas <strong>Juliana Antunes\/T\u00e2nia Oliveira <\/strong>e<strong> Roberto Reis\/Sebasti\u00e3o Le\u00e3o<\/strong> venceram a Final (5.\u00aa Etapa) do <a href=\"https:\/\/www.fpvoleibol.pt\/cnvp2021\/\">Campeonato Lidl 2021<\/a>, disputada no <strong>Centro de Alto Rendimento de Voleibol de Praia (CARVP)<\/strong> da <span style=\"text-decoration: underline;\">Federa\u00e7\u00e3o Portuguesa de Voleibol (FPV),<\/span> em Cortega\u00e7a, Ovar.<\/p>\n<p>Para conseguir o <em>ceptro<\/em> \u2013 <span style=\"text-decoration: underline;\">o <a href=\"https:\/\/fpvoleibol.pt\/fpv\/wp-content\/uploads\/2022\/05\/Voleibol_de_Praia_Vencedores_Podios_2021.pdf\">10.\u00ba<\/a> para Juliana Antunes e o 5.\u00ba para T\u00e2nia Oliveira e para as duas atletas juntas<\/span>\u00a0\u2013, a dupla campe\u00e3 nacional derrotou na final <strong>Margarida Maia\/Carolina Maia<\/strong> por 2-0 (21-15 e 21-18).<br \/>\nNo jogo de atribui\u00e7\u00e3o do 3.\u00ba lugar, <strong>Beatriz Pinheiro\/In\u00eas Castro<\/strong>, dupla apoiada pela Federa\u00e7\u00e3o Portuguesa de Voleibol (FPV), venceu <span style=\"text-decoration: underline;\">Joana Resende\/Vanessa Paquete<\/span> por <a href=\"https:\/\/youtu.be\/SZG_KCv3CQ0\">duplo 21-18<\/a>.<\/p>\n<p>Na Final de masculinos, <strong>Roberto Reis e Sebasti\u00e3o Le\u00e3o<\/strong> superaram (2-1: 19-21, 21-7 e 15-13) Hugo Campos\/Jo\u00e3o Pedrosa, jovem e promissora dupla apoiada pela FPV. Este foi o <a href=\"https:\/\/fpvoleibol.pt\/fpv\/wp-content\/uploads\/2022\/05\/Voleibol_de_Praia_Vencedores_Podios_2021.pdf\">9.\u00ba t\u00edtulo<\/a> para Roberto e o primeiro para Sebasti\u00e3o.<br \/>\nAo \u00faltimo lugar do p\u00f3dio subiu Fabr\u00edcio Barros\/Gabriel Cardoso, ap\u00f3s vencer Jo\u00e3o Sim\u00f5es\/Rui Moreira por 2-1 (24-22, 15-21 e 15-12).<\/p>\n<p><img loading=\"lazy\" decoding=\"async\" class=\"size-full wp-image-8431 aligncenter\" src=\"https:\/\/fpvoleibol.pt\/fpv\/wp-content\/uploads\/2021\/08\/podiummas_final_d.jpg\" alt=\"\" width=\"960\" height=\"640\" srcset=\"https:\/\/fpvoleibol.pt\/fpv\/wp-content\/uploads\/2021\/08\/podiummas_final_d.jpg 960w, https:\/\/fpvoleibol.pt\/fpv\/wp-content\/uploads\/2021\/08\/podiummas_final_d-300x200.jpg 300w, https:\/\/fpvoleibol.pt\/fpv\/wp-content\/uploads\/2021\/08\/podiummas_final_d-768x512.jpg 768w\" sizes=\"auto, (max-width: 960px) 100vw, 960px\" \/><\/p>\n<p>A Final do Campeonato Nacional de Voleibol de Praia, organizado pela Federa\u00e7\u00e3o Portuguesa de Voleibol (FPV) com a colabora\u00e7\u00e3o da empresa Lidl Portugal e o apoio do Munic\u00edpio de Ovar e da Junta de Freguesia de Cortega\u00e7a, realizou-se sob o estrito cumprimento das regras de seguran\u00e7a sanit\u00e1ria da Direc\u00e7\u00e3o Geral da Sa\u00fade (DGS) e teve transmiss\u00e3o de jogos em directo na Volei TV (youtube) e n&#8217;A Bola TV (finais).<\/p>\n<p>Ver lista dos <a href=\"https:\/\/fpvoleibol.pt\/fpv\/wp-content\/uploads\/2022\/05\/Voleibol_de_Praia_Vencedores_Podios_2021.pdf\">campe\u00f5es nacionais de Voleibol de Praia AQUI<\/a><\/p>\n","protected":false},"excerpt":{"rendered":"<p>O Campeonato Nacional de Voleibol de Praia est\u00e1 de volta \u00e0s areias portuguesas. O Campeonato Lidl 2022, que re\u00fane as melhores duplas de seniores masculinos e femininos, arranca no dia [&hellip;]<\/p>\n","protected":false},"author":2,"featured_media":15872,"comment_status":"open","ping_status":"open","sticky":false,"template":"","format":"standard","meta":{"_monsterinsights_skip_tracking":false,"_monsterinsights_sitenote_active":false,"_monsterinsights_sitenote_note":"","_monsterinsights_sitenote_category":0,"footnotes":""},"categories":[9],"tags":[69,47],"class_list":{"0":"post-15860","1":"post","2":"type-post","3":"status-publish","4":"format-standard","5":"has-post-thumbnail","7":"category-voleibol-de-praia","8":"tag-cnvp2022","9":"tag-epoca-2021-2022","10":"czr-hentry"},"aioseo_notices":[],"_links":{"self":[{"href":"https:\/\/fpvoleibol.pt\/fpv\/wp-json\/wp\/v2\/posts\/15860","targetHints":{"allow":["GET"]}}],"collection":[{"href":"https:\/\/fpvoleibol.pt\/fpv\/wp-json\/wp\/v2\/posts"}],"about":[{"href":"https:\/\/fpvoleibol.pt\/fpv\/wp-json\/wp\/v2\/types\/post"}],"author":[{"embeddable":true,"href":"https:\/\/fpvoleibol.pt\/fpv\/wp-json\/wp\/v2\/users\/2"}],"replies":[{"embeddable":true,"href":"https:\/\/fpvoleibol.pt\/fpv\/wp-json\/wp\/v2\/comments?post=15860"}],"version-history":[{"count":13,"href":"https:\/\/fpvoleibol.pt\/fpv\/wp-json\/wp\/v2\/posts\/15860\/revisions"}],"predecessor-version":[{"id":16063,"href":"https:\/\/fpvoleibol.pt\/fpv\/wp-json\/wp\/v2\/posts\/15860\/revisions\/16063"}],"wp:featuredmedia":[{"embeddable":true,"href":"https:\/\/fpvoleibol.pt\/fpv\/wp-json\/wp\/v2\/media\/15872"}],"wp:attachment":[{"href":"https:\/\/fpvoleibol.pt\/fpv\/wp-json\/wp\/v2\/media?parent=15860"}],"wp:term":[{"taxonomy":"category","embeddable":true,"href":"https:\/\/fpvoleibol.pt\/fpv\/wp-json\/wp\/v2\/categories?post=15860"},{"taxonomy":"post_tag","embeddable":true,"href":"https:\/\/fpvoleibol.pt\/fpv\/wp-json\/wp\/v2\/tags?post=15860"}],"curies":[{"name":"wp","href":"https:\/\/api.w.org\/{rel}","templated":true}]}}