{"id":15850,"date":"2022-05-23T11:31:39","date_gmt":"2022-05-23T11:31:39","guid":{"rendered":"https:\/\/fpvoleibol.pt\/fpv\/?p=15850"},"modified":"2022-05-23T11:31:39","modified_gmt":"2022-05-23T11:31:39","slug":"iii-divisao-cd-fiaes-campeao","status":"publish","type":"post","link":"https:\/\/fpvoleibol.pt\/fpv\/2022\/05\/23\/iii-divisao-cd-fiaes-campeao\/","title":{"rendered":"III DIVIS\u00c3O &#8211; CD FI\u00c3ES CAMPE\u00c3O!"},"content":{"rendered":"<p style=\"text-align: center;\"><img loading=\"lazy\" decoding=\"async\" class=\"size-full wp-image-15857 aligncenter\" src=\"https:\/\/fpvoleibol.pt\/fpv\/wp-content\/uploads\/2022\/05\/cdfiaes_campeas_iiidiv_d.jpg\" alt=\"\" width=\"960\" height=\"570\" srcset=\"https:\/\/fpvoleibol.pt\/fpv\/wp-content\/uploads\/2022\/05\/cdfiaes_campeas_iiidiv_d.jpg 960w, https:\/\/fpvoleibol.pt\/fpv\/wp-content\/uploads\/2022\/05\/cdfiaes_campeas_iiidiv_d-300x178.jpg 300w, https:\/\/fpvoleibol.pt\/fpv\/wp-content\/uploads\/2022\/05\/cdfiaes_campeas_iiidiv_d-768x456.jpg 768w\" sizes=\"auto, (max-width: 960px) 100vw, 960px\" \/><span style=\"font-size: 8pt;\"><strong>Imagem: <a href=\"https:\/\/www.facebook.com\/cdfiaes\">CD Fi\u00e3es<\/a><\/strong><\/span><\/p>\n<p style=\"text-align: left;\">A equipa de seniores femininos do <strong>CD Fi\u00e3es<\/strong> sagrou-se campe\u00e3 nacional da III Divis\u00e3o ao vencer a <strong>Fase 4 do Campeonato Nacional da III Divis\u00e3o de Seniores Femininos<\/strong>, realizada de 20 a 22 de Maio no Pavilh\u00e3o da Escola Pedro Eanes Lobato, na Amora.<\/p>\n<p>Nesta <strong>Fase Final \u2013 Apuramento do Campe\u00e3o Nacional<\/strong>, organizada pela Federa\u00e7\u00e3o Portuguesa de Voleibol com a colabora\u00e7\u00e3o da Associa\u00e7\u00e3o de Voleibol de Lisboa e o apoio da C\u00e2mara Municipal de Seixal e Junta de Freguesia de Amora, o CD Fi\u00e3es venceu sempre pela margem m\u00e1xima (3-0) os seus advers\u00e1rios, sucessivamente, ADRUPS \u2013 AD Ribeirinha Unidos Por Si (A\u00e7ores), CPV Lobatos Volley e Escola da Levada (Madeira).<\/p>\n<p style=\"text-align: center;\"><strong><span style=\"text-decoration: underline;\">Resultados e classifica\u00e7\u00e3o<\/span><a href=\"https:\/\/portugalvoleibol.com\/classificacao\/\"> AQUI<\/a><\/strong><\/p>\n","protected":false},"excerpt":{"rendered":"<p>Imagem: CD Fi\u00e3es A equipa de seniores femininos do CD Fi\u00e3es sagrou-se campe\u00e3 nacional da III Divis\u00e3o ao vencer a Fase 4 do Campeonato Nacional da III Divis\u00e3o de Seniores [&hellip;]<\/p>\n","protected":false},"author":2,"featured_media":15854,"comment_status":"open","ping_status":"open","sticky":false,"template":"","format":"standard","meta":{"_monsterinsights_skip_tracking":false,"_monsterinsights_sitenote_active":false,"_monsterinsights_sitenote_note":"","_monsterinsights_sitenote_category":0,"footnotes":""},"categories":[8],"tags":[47],"class_list":{"0":"post-15850","1":"post","2":"type-post","3":"status-publish","4":"format-standard","5":"has-post-thumbnail","7":"category-voleibol","8":"tag-epoca-2021-2022","9":"czr-hentry"},"aioseo_notices":[],"_links":{"self":[{"href":"https:\/\/fpvoleibol.pt\/fpv\/wp-json\/wp\/v2\/posts\/15850","targetHints":{"allow":["GET"]}}],"collection":[{"href":"https:\/\/fpvoleibol.pt\/fpv\/wp-json\/wp\/v2\/posts"}],"about":[{"href":"https:\/\/fpvoleibol.pt\/fpv\/wp-json\/wp\/v2\/types\/post"}],"author":[{"embeddable":true,"href":"https:\/\/fpvoleibol.pt\/fpv\/wp-json\/wp\/v2\/users\/2"}],"replies":[{"embeddable":true,"href":"https:\/\/fpvoleibol.pt\/fpv\/wp-json\/wp\/v2\/comments?post=15850"}],"version-history":[{"count":3,"href":"https:\/\/fpvoleibol.pt\/fpv\/wp-json\/wp\/v2\/posts\/15850\/revisions"}],"predecessor-version":[{"id":15859,"href":"https:\/\/fpvoleibol.pt\/fpv\/wp-json\/wp\/v2\/posts\/15850\/revisions\/15859"}],"wp:featuredmedia":[{"embeddable":true,"href":"https:\/\/fpvoleibol.pt\/fpv\/wp-json\/wp\/v2\/media\/15854"}],"wp:attachment":[{"href":"https:\/\/fpvoleibol.pt\/fpv\/wp-json\/wp\/v2\/media?parent=15850"}],"wp:term":[{"taxonomy":"category","embeddable":true,"href":"https:\/\/fpvoleibol.pt\/fpv\/wp-json\/wp\/v2\/categories?post=15850"},{"taxonomy":"post_tag","embeddable":true,"href":"https:\/\/fpvoleibol.pt\/fpv\/wp-json\/wp\/v2\/tags?post=15850"}],"curies":[{"name":"wp","href":"https:\/\/api.w.org\/{rel}","templated":true}]}}