{"id":15694,"date":"2022-05-19T14:07:12","date_gmt":"2022-05-19T14:07:12","guid":{"rendered":"https:\/\/fpvoleibol.pt\/fpv\/?p=15694"},"modified":"2022-05-19T14:07:43","modified_gmt":"2022-05-19T14:07:43","slug":"golden-league-e-um-bom-desafio","status":"publish","type":"post","link":"https:\/\/fpvoleibol.pt\/fpv\/2022\/05\/19\/golden-league-e-um-bom-desafio\/","title":{"rendered":"GOLDEN LEAGUE &#8220;\u00c9 UM BOM DESAFIO&#8221;"},"content":{"rendered":"<p><img loading=\"lazy\" decoding=\"async\" class=\"size-full wp-image-15384 aligncenter\" src=\"https:\/\/fpvoleibol.pt\/fpv\/wp-content\/uploads\/2022\/05\/noticia_egl_d.jpg\" alt=\"\" width=\"960\" height=\"589\" srcset=\"https:\/\/fpvoleibol.pt\/fpv\/wp-content\/uploads\/2022\/05\/noticia_egl_d.jpg 960w, https:\/\/fpvoleibol.pt\/fpv\/wp-content\/uploads\/2022\/05\/noticia_egl_d-300x184.jpg 300w, https:\/\/fpvoleibol.pt\/fpv\/wp-content\/uploads\/2022\/05\/noticia_egl_d-768x471.jpg 768w, https:\/\/fpvoleibol.pt\/fpv\/wp-content\/uploads\/2022\/05\/noticia_egl_d-570x350.jpg 570w\" sizes=\"auto, (max-width: 960px) 100vw, 960px\" \/>Tal como em 2020* e 2021, a <strong>Selec\u00e7\u00e3o Nacional de Seniores Masculinos<\/strong>, agora <em>sob a batuta<\/em> de <strong>Jo\u00e3o Jos\u00e9<\/strong>, vai disputar a <strong>European Golden League \u2013 <\/strong>competi\u00e7\u00e3o em que est\u00e3o algumas das principais selec\u00e7\u00f5es europeias e que d\u00e1 acesso \u00e0 denominada <strong>Liga das Na\u00e7\u00f5es de Voleibol (Volleyball Nations League)<\/strong>, tentando repetir o feito de 2018 em que atingiu a <span style=\"text-decoration: underline;\">Final Four<\/span> da prova.<br \/>\nNa <strong>Golden League 2022<\/strong>, Portugal vai defrontar, na Pool A, novamente a sua cong\u00e9nere da Turquia (vencedora em 2019 e 2021*) e outra velha conhecida, a Eslov\u00e1quia.<\/p>\n<p>A <strong>Golden League 2022<\/strong> compreende tr\u00eas <em>pools:<\/em><br \/>\nPool A \u2013 Turquia, PORTUGAL e Eslov\u00e1quia<br \/>\nPool B \u2013 Ucr\u00e2nia, Espanha, Dinamarca e Cro\u00e1cia<br \/>\nPool C \u2013 B\u00e9lgica, Rep\u00fablica Checa, Est\u00f3nia e Let\u00f3nia<\/p>\n<p>Os melhores classificados de cada pool e o organizador apuram-se para a Final Four, que em 2022 ser\u00e1 disputada na Cro\u00e1cia (18 e 19 de Junho).<br \/>\nSe o organizador for o 1.\u00ba classificado na sua pool, apura-se o 2.\u00ba classificado desse mesmo grupo.<br \/>\nO primeiro classificado desta <span style=\"text-decoration: underline;\">Final Four<\/span> europeia \u2013 juntamente com o vencedor de 2021 \u2013, ir\u00e1 disputar a <span style=\"text-decoration: underline;\">Challenger Cup<\/span>, onde ir\u00e1 encontrar os vencedores das competi\u00e7\u00f5es continentais disputadas sob a \u00e9gide da NORCECA (Am\u00e9rica do Norte e Centro), AVC (\u00c1sia) e o vencedor do play-off entre o vencedor da CSV (Am\u00e9rica do Sul) e da CAVB (\u00c1frica), bem como o organizador desta fase, num total de seis selec\u00e7\u00f5es.<br \/>\nO vencedor da Challenger Cup 2022 apura-se para a Liga das Na\u00e7\u00f5es de Voleibol de 2023. Mais informa\u00e7\u00f5es <a href=\"https:\/\/www.cev.eu\/national-team\/european-league\/european-golden-league\/men\/\">AQUI<\/a><br \/>\n<strong><span style=\"font-size: 10pt;\">*A Turquia venceu as edi\u00e7\u00f5es de 2019 e 2021 (a de 2020 foi cancelada devido \u00e0 pandemia de Covid-19).<\/span><\/strong><\/p>\n<p>Portugal sagrou-se vencedor da <strong>Liga Europeia<\/strong> em<strong> 2010<\/strong> e qualificou-se no 4.\u00ba lugar da <strong>European Golden League<\/strong> em 2018, ano em que venceu, em Matosinhos, a final da <a href=\"https:\/\/www.fpvoleibol.pt\/noticias\/2018\/20180624-724_vcc.html\"><strong>Volleyball Challenger Cup<\/strong><\/a>, o que lhe permitiu disputar pela primeira vez a <strong>Liga das Na\u00e7\u00f5es<\/strong> em 2019.<\/p>\n<p>A <strong>Selec\u00e7\u00e3o Nacional de Seniores Masculinos<\/strong>, liderada por <strong>Jo\u00e3o Jos\u00e9<\/strong>, que tem o seu <em>quartel-general<\/em> em <strong>Viana do Castelo, Cidade Europeia do Desporto 2023<\/strong>\u00a0(Ver Plano Provis\u00f3rio <a href=\"https:\/\/fpvoleibol.pt\/fpv\/wp-content\/uploads\/2022\/04\/1_PlanGeralProv_Sen_Masc_2022.pdf\">AQUI<\/a>), vai receber no<strong> Centro Cultural de Viana do Castelo <\/strong>a <span style=\"text-decoration: underline;\">Eslov\u00e1quia<\/span> (29 de Maio\/17h00\/Sport TV) e a <span style=\"text-decoration: underline;\">Turquia<\/span> (1 de Junho\/21h00\/Sport TV).<\/p>\n<p><img loading=\"lazy\" decoding=\"async\" class=\"size-full wp-image-14225 aligncenter\" src=\"https:\/\/fpvoleibol.pt\/fpv\/wp-content\/uploads\/2022\/03\/Joao_jose_seleccionador.jpg\" alt=\"\" width=\"960\" height=\"570\" srcset=\"https:\/\/fpvoleibol.pt\/fpv\/wp-content\/uploads\/2022\/03\/Joao_jose_seleccionador.jpg 960w, https:\/\/fpvoleibol.pt\/fpv\/wp-content\/uploads\/2022\/03\/Joao_jose_seleccionador-300x178.jpg 300w, https:\/\/fpvoleibol.pt\/fpv\/wp-content\/uploads\/2022\/03\/Joao_jose_seleccionador-768x456.jpg 768w\" sizes=\"auto, (max-width: 960px) 100vw, 960px\" \/><\/p>\n<p><strong>Jo\u00e3o Jos\u00e9<\/strong>, antigo capit\u00e3o da Selec\u00e7\u00e3o Nacional, ex-treinador principal da Selec\u00e7\u00e3o de Seniores Femininos e actual Coordenador das Selec\u00e7\u00f5es Nacionais, estreia-se este ano \u00e0 frente da <strong>Selec\u00e7\u00e3o Nacional de Seniores Masculinos<\/strong>:<br \/>\n&#8220;<em>\u00c9 um grupo forte, com destaque para a Turquia, vencedora da \u00faltima edi\u00e7\u00e3o, e ser\u00e1 sem d\u00favida um bom desafio. <\/em><em>Claro que ao olharmos para o grupo, este pode parecer intimidante, mas \u00e9 tudo uma quest\u00e3o de perspectiva, pois as outras selec\u00e7\u00f5es tamb\u00e9m nos respeitam e estar\u00e3o certamente a preparar-se para uma Pool dif\u00edcil. <\/em><em>A selec\u00e7\u00e3o mais importante do nosso grupo \u00e9 a nossa e \u00e9 a\u00ed que ir\u00e1 estar o nosso foco e energia! Quanto \u00e0s outras, iremos olh\u00e1-las como advers\u00e1rios que teremos que respeitar e ultrapassar se queremos crescer e atingir os nossos objectivos<\/em>&#8220;.<\/p>\n<table style=\"width: 99.6719%; height: 120px;\">\n<tbody>\n<tr style=\"height: 24px;\">\n<td style=\"width: 14.0825%; text-align: center; background-color: #d1bcbc; height: 24px;\" width=\"95\"><strong>DIA<\/strong><\/td>\n<td style=\"width: 9.67283%; text-align: center; background-color: #d1bcbc; height: 24px;\" width=\"64\"><strong>HORA<\/strong><\/td>\n<td style=\"width: 22.4751%; text-align: center; background-color: #d1bcbc; height: 24px;\" width=\"153\"><strong>JOGO<\/strong><\/td>\n<td style=\"width: 33.0014%; text-align: center; background-color: #d1bcbc; height: 24px;\" width=\"227\"><strong>COMPETI\u00c7\u00c3O<\/strong><\/td>\n<td style=\"width: 160.362%; text-align: center; background-color: #d1bcbc; height: 24px;\" width=\"127\"><strong>LOCAL<\/strong><\/td>\n<\/tr>\n<tr style=\"height: 24px;\">\n<td style=\"width: 14.0825%; text-align: center; height: 24px;\" width=\"95\"><strong>29\/mai\/22<\/strong><\/td>\n<td style=\"width: 9.67283%; text-align: center; height: 24px;\" width=\"64\"><strong>17H00<\/strong><\/td>\n<td style=\"width: 22.4751%; text-align: center; height: 24px;\" width=\"153\"><strong>Portugal x Eslov\u00e1quia<\/strong><\/td>\n<td style=\"width: 33.0014%; text-align: center; height: 24px;\" width=\"227\"><strong>Golden League<\/strong><\/td>\n<td style=\"width: 160.362%; text-align: center; height: 24px;\" width=\"127\"><strong>CC V. Castelo<\/strong><\/td>\n<\/tr>\n<tr style=\"height: 24px;\">\n<td style=\"width: 14.0825%; text-align: center; height: 24px;\" width=\"95\"><strong>01\/jun\/22<\/strong><\/td>\n<td style=\"width: 9.67283%; text-align: center; height: 24px;\" width=\"64\"><strong>21H00<\/strong><\/td>\n<td style=\"width: 22.4751%; text-align: center; height: 24px;\" width=\"153\"><strong>Portugal x Turquia<\/strong><\/td>\n<td style=\"width: 33.0014%; text-align: center; height: 24px;\" width=\"227\"><strong>Golden League<\/strong><\/td>\n<td style=\"width: 160.362%; text-align: center; height: 24px;\" width=\"127\"><strong>CC V. Castelo<\/strong><\/td>\n<\/tr>\n<tr style=\"height: 24px;\">\n<td style=\"width: 14.0825%; text-align: center; height: 24px;\" width=\"95\">05\/jun\/22<\/td>\n<td style=\"width: 9.67283%; text-align: center; height: 24px;\" width=\"64\">17H30<\/td>\n<td style=\"width: 22.4751%; text-align: center; height: 24px;\" width=\"153\">Turquia X Portugal<\/td>\n<td style=\"width: 33.0014%; text-align: center; height: 24px;\" width=\"227\">Golden League<\/td>\n<td style=\"width: 160.362%; text-align: center; height: 24px;\" width=\"127\">Trabzon<\/td>\n<\/tr>\n<tr style=\"height: 24px;\">\n<td style=\"width: 14.0825%; text-align: center; height: 24px;\" width=\"95\">08\/jun\/22<\/td>\n<td style=\"width: 9.67283%; text-align: center; height: 24px;\" width=\"64\">19H30<\/td>\n<td style=\"width: 22.4751%; text-align: center; height: 24px;\" width=\"153\">Eslov\u00e1quia X Portugal<\/td>\n<td style=\"width: 33.0014%; text-align: center; height: 24px;\" width=\"227\">Golden League<\/td>\n<td style=\"width: 160.362%; text-align: center; height: 24px;\" width=\"127\">Poprad<\/td>\n<\/tr>\n<\/tbody>\n<\/table>\n<p><img loading=\"lazy\" decoding=\"async\" class=\"size-full wp-image-8921 aligncenter\" src=\"https:\/\/fpvoleibol.pt\/fpv\/wp-content\/uploads\/2021\/08\/POR_team_FPV_d.jpg\" alt=\"\" width=\"960\" height=\"641\" srcset=\"https:\/\/fpvoleibol.pt\/fpv\/wp-content\/uploads\/2021\/08\/POR_team_FPV_d.jpg 960w, https:\/\/fpvoleibol.pt\/fpv\/wp-content\/uploads\/2021\/08\/POR_team_FPV_d-300x200.jpg 300w, https:\/\/fpvoleibol.pt\/fpv\/wp-content\/uploads\/2021\/08\/POR_team_FPV_d-768x513.jpg 768w\" sizes=\"auto, (max-width: 960px) 100vw, 960px\" \/><\/p>\n<p style=\"text-align: center;\"><span style=\"text-decoration: underline;\"><strong><span style=\"font-size: 14pt;\">Convocat\u00f3ria de 19 jogadores*<\/span><\/strong><\/span><\/p>\n<table style=\"width: 100.153%;\" width=\"1085\">\n<tbody>\n<tr>\n<td style=\"width: 3.23657%; text-align: center;\" width=\"64\"><\/td>\n<td style=\"width: 28.0309%; text-align: center;\" width=\"257\"><strong>Nome<\/strong><\/td>\n<td style=\"width: 27.2234%; text-align: center;\" width=\"290\"><strong>Clube<\/strong><\/td>\n<td style=\"width: 18.706%; text-align: center;\" width=\"227\"><strong>Posi\u00e7\u00e3o<\/strong><\/td>\n<td style=\"width: 47.7803%; text-align: center;\" width=\"247\"><strong>Idade &#8211; este ano<\/strong><\/td>\n<\/tr>\n<tr>\n<td style=\"width: 3.23657%; text-align: center;\" width=\"64\">1<\/td>\n<td style=\"width: 28.0309%; text-align: center;\" width=\"257\">Filip Cveticanin<\/td>\n<td style=\"width: 27.2234%; text-align: center;\" width=\"290\">AS Cannes (FRA)<\/td>\n<td style=\"width: 18.706%; text-align: center;\" width=\"227\">Central<\/td>\n<td style=\"width: 47.7803%; text-align: center;\" width=\"247\">26 anos<\/td>\n<\/tr>\n<tr>\n<td style=\"width: 3.23657%; text-align: center;\" width=\"64\">2<\/td>\n<td style=\"width: 28.0309%; text-align: center;\" width=\"257\">Miguel Sinfr\u00f3nio<\/td>\n<td style=\"width: 27.2234%; text-align: center;\" width=\"290\">Leix\u00f5es SC<\/td>\n<td style=\"width: 18.706%; text-align: center;\" width=\"227\">Central<\/td>\n<td style=\"width: 47.7803%; text-align: center;\" width=\"247\">23 anos<\/td>\n<\/tr>\n<tr>\n<td style=\"width: 3.23657%; text-align: center;\" width=\"64\">3<\/td>\n<td style=\"width: 28.0309%; text-align: center;\" width=\"257\">Nuno Teixeira<\/td>\n<td style=\"width: 27.2234%; text-align: center;\" width=\"290\">Leix\u00f5es SC<\/td>\n<td style=\"width: 18.706%; text-align: center;\" width=\"227\">Central<\/td>\n<td style=\"width: 47.7803%; text-align: center;\" width=\"247\">24 anos<\/td>\n<\/tr>\n<tr>\n<td style=\"width: 3.23657%; text-align: center;\" width=\"64\">4<\/td>\n<td style=\"width: 28.0309%; text-align: center;\" width=\"257\">Phelipe Martins<\/td>\n<td style=\"width: 27.2234%; text-align: center;\" width=\"290\">VC Viana<\/td>\n<td style=\"width: 18.706%; text-align: center;\" width=\"227\">Central<\/td>\n<td style=\"width: 47.7803%; text-align: center;\" width=\"247\">31 anos<\/td>\n<\/tr>\n<tr>\n<td style=\"width: 3.23657%; text-align: center;\" width=\"64\">5<\/td>\n<td style=\"width: 28.0309%; text-align: center;\" width=\"257\">Jos\u00e9 Neves<\/td>\n<td style=\"width: 27.2234%; text-align: center;\" width=\"290\">AJ Fonte do Bastardo<\/td>\n<td style=\"width: 18.706%; text-align: center;\" width=\"227\">Distribuidor<\/td>\n<td style=\"width: 47.7803%; text-align: center;\" width=\"247\">26 anos<\/td>\n<\/tr>\n<tr>\n<td style=\"width: 3.23657%; text-align: center;\" width=\"64\">6<\/td>\n<td style=\"width: 28.0309%; text-align: center;\" width=\"257\">Miguel Tavares<\/td>\n<td style=\"width: 27.2234%; text-align: center;\" width=\"290\">ACMC Warta Zawiercie (POL)<\/td>\n<td style=\"width: 18.706%; text-align: center;\" width=\"227\">Distribuidor<\/td>\n<td style=\"width: 47.7803%; text-align: center;\" width=\"247\">29 anos<\/td>\n<\/tr>\n<tr>\n<td style=\"width: 3.23657%; text-align: center;\" width=\"64\">7<\/td>\n<td style=\"width: 28.0309%; text-align: center;\" width=\"257\">Tiago Violas<\/td>\n<td style=\"width: 27.2234%; text-align: center;\" width=\"290\">SL Benfica<\/td>\n<td style=\"width: 18.706%; text-align: center;\" width=\"227\">Distribuidor<\/td>\n<td style=\"width: 47.7803%; text-align: center;\" width=\"247\">33 anos<\/td>\n<\/tr>\n<tr>\n<td style=\"width: 3.23657%; text-align: center;\" width=\"64\">8<\/td>\n<td style=\"width: 28.0309%; text-align: center;\" width=\"257\">Gil Meireles<\/td>\n<td style=\"width: 27.2234%; text-align: center;\" width=\"290\">Sporting CP<\/td>\n<td style=\"width: 18.706%; text-align: center;\" width=\"227\">Libero<\/td>\n<td style=\"width: 47.7803%; text-align: center;\" width=\"247\">27 anos<\/td>\n<\/tr>\n<tr>\n<td style=\"width: 3.23657%; text-align: center;\" width=\"64\">9<\/td>\n<td style=\"width: 28.0309%; text-align: center;\" width=\"257\">Ivo Casas<\/td>\n<td style=\"width: 27.2234%; text-align: center;\" width=\"290\">SL Benfica<\/td>\n<td style=\"width: 18.706%; text-align: center;\" width=\"227\">Libero<\/td>\n<td style=\"width: 47.7803%; text-align: center;\" width=\"247\">30 anos<\/td>\n<\/tr>\n<tr>\n<td style=\"width: 3.23657%; text-align: center;\" width=\"64\">10<\/td>\n<td style=\"width: 28.0309%; text-align: center;\" width=\"257\">Bruno Cunha<\/td>\n<td style=\"width: 27.2234%; text-align: center;\" width=\"290\">AJ Fonte Bastardo<\/td>\n<td style=\"width: 18.706%; text-align: center;\" width=\"227\">Oposto<\/td>\n<td style=\"width: 47.7803%; text-align: center;\" width=\"247\">25 anos<\/td>\n<\/tr>\n<tr>\n<td style=\"width: 3.23657%; text-align: center;\" width=\"64\">11<\/td>\n<td style=\"width: 28.0309%; text-align: center;\" width=\"257\">Dinis Le\u00e3o<\/td>\n<td style=\"width: 27.2234%; text-align: center;\" width=\"290\">Leix\u00f5es SC<\/td>\n<td style=\"width: 18.706%; text-align: center;\" width=\"227\">Oposto<\/td>\n<td style=\"width: 47.7803%; text-align: center;\" width=\"247\">26 anos<\/td>\n<\/tr>\n<tr>\n<td style=\"width: 3.23657%; text-align: center;\" width=\"64\">12<\/td>\n<td style=\"width: 28.0309%; text-align: center;\" width=\"257\">Marco Ferreira<\/td>\n<td style=\"width: 27.2234%; text-align: center;\" width=\"290\">Chemeko SG Wroclaw (POL)<\/td>\n<td style=\"width: 18.706%; text-align: center;\" width=\"227\">Oposto<\/td>\n<td style=\"width: 47.7803%; text-align: center;\" width=\"247\">35 anos<\/td>\n<\/tr>\n<tr>\n<td style=\"width: 3.23657%; text-align: center;\" width=\"64\">13<\/td>\n<td style=\"width: 28.0309%; text-align: center;\" width=\"257\">Alexandre Ferreira<\/td>\n<td style=\"width: 27.2234%; text-align: center;\" width=\"290\">Woori Card (KOR)<\/td>\n<td style=\"width: 18.706%; text-align: center;\" width=\"227\">Zona 4<\/td>\n<td style=\"width: 47.7803%; text-align: center;\" width=\"247\">31 anos<\/td>\n<\/tr>\n<tr>\n<td style=\"width: 3.23657%; text-align: center;\" width=\"64\">14<\/td>\n<td style=\"width: 28.0309%; text-align: center;\" width=\"257\">Andr\u00e9 Marques<\/td>\n<td style=\"width: 27.2234%; text-align: center;\" width=\"290\">Cast\u00ealo da Maia GC<\/td>\n<td style=\"width: 18.706%; text-align: center;\" width=\"227\">Zona 4<\/td>\n<td style=\"width: 47.7803%; text-align: center;\" width=\"247\">22 anos<\/td>\n<\/tr>\n<tr>\n<td style=\"width: 3.23657%; text-align: center;\" width=\"64\">15<\/td>\n<td style=\"width: 28.0309%; text-align: center;\" width=\"257\">Jo\u00e3o Oliveira<\/td>\n<td style=\"width: 27.2234%; text-align: center;\" width=\"290\">Vit\u00f3ria SC<\/td>\n<td style=\"width: 18.706%; text-align: center;\" width=\"227\">Zona 4<\/td>\n<td style=\"width: 47.7803%; text-align: center;\" width=\"247\">27 anos<\/td>\n<\/tr>\n<tr>\n<td style=\"width: 3.23657%; text-align: center;\" width=\"64\">16<\/td>\n<td style=\"width: 28.0309%; text-align: center;\" width=\"257\">Louren\u00e7o Martins<\/td>\n<td style=\"width: 27.2234%; text-align: center;\" width=\"290\">Saint-Nazaire VBA \u00a0(FRA)<\/td>\n<td style=\"width: 18.706%; text-align: center;\" width=\"227\">Zona 4<\/td>\n<td style=\"width: 47.7803%; text-align: center;\" width=\"247\">25 anos<\/td>\n<\/tr>\n<tr>\n<td style=\"width: 3.23657%; text-align: center;\" width=\"64\">17<\/td>\n<td style=\"width: 28.0309%; text-align: center;\" width=\"257\">Miguel Cunha<\/td>\n<td style=\"width: 27.2234%; text-align: center;\" width=\"290\">Vit\u00f3ria SC<\/td>\n<td style=\"width: 18.706%; text-align: center;\" width=\"227\">Zona 4<\/td>\n<td style=\"width: 47.7803%; text-align: center;\" width=\"247\">25 anos<\/td>\n<\/tr>\n<tr>\n<td style=\"width: 3.23657%; text-align: center;\" width=\"64\">18<\/td>\n<td style=\"width: 28.0309%; text-align: center;\" width=\"257\">Rafael Santos<\/td>\n<td style=\"width: 27.2234%; text-align: center;\" width=\"290\">Esmoriz GC<\/td>\n<td style=\"width: 18.706%; text-align: center;\" width=\"227\">Zona 4<\/td>\n<td style=\"width: 47.7803%; text-align: center;\" width=\"247\">21 anos<\/td>\n<\/tr>\n<tr>\n<td style=\"width: 3.23657%; text-align: center;\" width=\"64\">19<\/td>\n<td style=\"width: 28.0309%; text-align: center;\" width=\"257\">Tiago Pereira<\/td>\n<td style=\"width: 27.2234%; text-align: center;\" width=\"290\">Sporting CP<\/td>\n<td style=\"width: 18.706%; text-align: center;\" width=\"227\">Zona 4<\/td>\n<td style=\"width: 47.7803%; text-align: center;\" width=\"247\">31 anos<\/td>\n<\/tr>\n<\/tbody>\n<\/table>\n<p><span style=\"font-size: 8pt;\"><strong>*Em 22 de Abril de 2022<\/strong><\/span><\/p>\n<p>Ap\u00f3s disputar a Golden League, a <strong>Selec\u00e7\u00e3o Nacional de Seniores Masculinos<\/strong> vai defrontar, na Pool D da fase de qualifica\u00e7\u00e3o para o <strong>Campeonato da Europa 2023<\/strong>, as selec\u00e7\u00f5es de Montenegro, Luxemburgo e Isl\u00e2ndia.<\/p>\n<table style=\"width: 99.3103%; height: 264px;\" width=\"0\">\n<tbody>\n<tr style=\"height: 24px;\">\n<td style=\"width: 14.0825%; text-align: center; background-color: #dbcece; height: 24px;\" width=\"95\"><strong>DIA<\/strong><\/td>\n<td style=\"width: 9.67283%; text-align: center; background-color: #dbcece; height: 24px;\" width=\"64\"><strong>HORA<\/strong><\/td>\n<td style=\"width: 22.4751%; text-align: center; background-color: #dbcece; height: 24px;\" width=\"153\"><strong>JOGO<\/strong><\/td>\n<td style=\"width: 33.0014%; text-align: center; background-color: #dbcece; height: 24px;\" width=\"227\"><strong>COMPETI\u00c7\u00c3O<\/strong><\/td>\n<td style=\"width: 107.125%; text-align: center; background-color: #dbcece; height: 24px;\" width=\"127\"><strong>LOCAL<\/strong><\/td>\n<\/tr>\n<tr style=\"height: 24px;\">\n<td style=\"width: 14.0825%; text-align: center; height: 24px;\" width=\"95\"><strong>03\/ago\/22<\/strong><\/td>\n<td style=\"width: 9.67283%; text-align: center; height: 24px;\" width=\"64\"><strong>21H00<\/strong><\/td>\n<td style=\"width: 22.4751%; text-align: center; height: 24px;\" width=\"153\"><strong>Portugal x Isl\u00e2ndia<\/strong><\/td>\n<td style=\"width: 33.0014%; text-align: center; height: 24px;\" width=\"227\"><strong>FQ Europeu<\/strong><\/td>\n<td style=\"width: 107.125%; text-align: center; height: 24px;\" width=\"127\"><strong>PDM P. Varzim<\/strong><\/td>\n<\/tr>\n<tr style=\"height: 24px;\">\n<td style=\"width: 14.0825%; text-align: center; height: 24px;\" width=\"95\">7\/ago\/22<\/td>\n<td style=\"width: 9.67283%; text-align: center; height: 24px;\" width=\"64\">17H30<\/td>\n<td style=\"width: 22.4751%; text-align: center; height: 24px;\" width=\"153\">Montenegro x Portugal<\/td>\n<td style=\"width: 33.0014%; text-align: center; height: 24px;\" width=\"227\">FQ Europeu<\/td>\n<td style=\"width: 107.125%; text-align: center; height: 24px;\" width=\"127\">Kolasin<\/td>\n<\/tr>\n<tr style=\"height: 24px;\">\n<td style=\"width: 14.0825%; text-align: center; height: 24px;\" width=\"95\"><strong>10\/ago\/22<\/strong><\/td>\n<td style=\"width: 9.67283%; text-align: center; height: 24px;\" width=\"64\"><strong>21H00<\/strong><\/td>\n<td style=\"width: 22.4751%; text-align: center; height: 24px;\" width=\"153\"><strong>Portugal x Luxemburgo<\/strong><\/td>\n<td style=\"width: 33.0014%; text-align: center; height: 24px;\" width=\"227\"><strong>FQ Europeu<\/strong><\/td>\n<td style=\"width: 107.125%; text-align: center; height: 24px;\" width=\"127\"><strong>PDM P. Varzim<\/strong><\/td>\n<\/tr>\n<tr style=\"height: 24px;\">\n<td style=\"width: 14.0825%; text-align: center; height: 24px;\" width=\"95\">13\/ago\/22<\/td>\n<td style=\"width: 9.67283%; text-align: center; height: 24px;\" width=\"64\">19H00<\/td>\n<td style=\"width: 22.4751%; text-align: center; height: 24px;\" width=\"153\">Luxemburgo x Portugal<\/td>\n<td style=\"width: 33.0014%; text-align: center; height: 24px;\" width=\"227\">FQ Europeu<\/td>\n<td style=\"width: 107.125%; text-align: center; height: 24px;\" width=\"127\">Luxemburgo<\/td>\n<\/tr>\n<tr style=\"height: 24px;\">\n<td style=\"width: 14.0825%; text-align: center; height: 24px;\" width=\"95\"><strong>17\/ago\/22<\/strong><\/td>\n<td style=\"width: 9.67283%; text-align: center; height: 24px;\" width=\"64\"><strong>21h00<\/strong><\/td>\n<td style=\"width: 22.4751%; text-align: center; height: 24px;\" width=\"153\"><strong>Portugal x Montenegro<\/strong><\/td>\n<td style=\"width: 33.0014%; text-align: center; height: 24px;\" width=\"227\"><strong>FQ Europeu<\/strong><\/td>\n<td style=\"width: 107.125%; text-align: center; height: 24px;\" width=\"127\"><strong>Mult. Gondomar<\/strong><\/td>\n<\/tr>\n<tr style=\"height: 24px;\">\n<td style=\"width: 14.0825%; text-align: center; height: 24px;\" width=\"95\">21\/ago\/22<\/td>\n<td style=\"width: 9.67283%; text-align: center; height: 24px;\" width=\"64\">15H00<\/td>\n<td style=\"width: 22.4751%; text-align: center; height: 24px;\" width=\"153\">Isl\u00e2ndia x Portugal<\/td>\n<td style=\"width: 33.0014%; text-align: center; height: 24px;\" width=\"227\">FQ Europeu<\/td>\n<td style=\"width: 107.125%; text-align: center; height: 24px;\" width=\"127\">Kopavogur<\/td>\n<\/tr>\n<\/tbody>\n<\/table>\n<p style=\"text-align: left;\">O <strong>Seleccionador Nacional<\/strong> analisa os advers\u00e1rios:<br \/>\n\u201c<em>\u00c9 um grupo em que aparecemos como cabe\u00e7as-de-s\u00e9rie pelo <a href=\"https:\/\/www.cev.eu\/national-team\/rankings\/#men\">Ranking da CEV<\/a>, onde vem logo a seguir Montenegro; apesar de n\u00e3o ter feito uma fase final brilhante, qualificou-se para a fase final do Campeonato da Europeu 2021 em primeiro lugar do seu grupo e \u00e9 uma selec\u00e7\u00e3o constitu\u00edda por atletas experimentados e habituados ao n\u00edvel internacional.<\/em><br \/>\n<em>Mais abaixo no ranking vem o Luxemburgo, que tem como atleta de refer\u00eancia <a href=\"https:\/\/www.legavolley.it\/player\/RYC-KAM-96\">Kamii Rychlicki<\/a>, que joga como oposto no Perugia em It\u00e1lia, e a Isl\u00e2ndia. <\/em><br \/>\n<em>Somos uma Selec\u00e7\u00e3o com ambi\u00e7\u00e3o e valor para conseguir o apuramento e esse \u00e9 um dos nossos objectivos neste ano de 2022, mas antes h\u00e1 muito que fazer, um caminho a percorrer e uma Golden League* para preparar e disputar<\/em>\u201d.<\/p>\n<p>Em 2021, a Selec\u00e7\u00e3o Nacional fez hist\u00f3ria ao qualificar-se para oitavos-de-final do Campeonato da Europa (Est\u00f3nia, Finl\u00e2ndia, Pol\u00f3nia e Rep\u00fablica Checa), competi\u00e7\u00e3o que disputou pela segunda vez consecutiva, depois de dois anos antes ter estado presente no EuroVolley 2019 (B\u00e9lgica\/Eslov\u00e9nia\/Fran\u00e7a\/Holanda).<\/p>\n<p>Mais informa\u00e7\u00f5es em <a href=\"http:\/\/www.cev.eu\">www.cev.eu<\/a><\/p>\n","protected":false},"excerpt":{"rendered":"<p>Tal como em 2020* e 2021, a Selec\u00e7\u00e3o Nacional de Seniores Masculinos, agora sob a batuta de Jo\u00e3o Jos\u00e9, vai disputar a European Golden League \u2013 competi\u00e7\u00e3o em que est\u00e3o [&hellip;]<\/p>\n","protected":false},"author":2,"featured_media":15385,"comment_status":"open","ping_status":"open","sticky":false,"template":"","format":"standard","meta":{"_monsterinsights_skip_tracking":false,"_monsterinsights_sitenote_active":false,"_monsterinsights_sitenote_note":"","_monsterinsights_sitenote_category":0,"footnotes":""},"categories":[8],"tags":[47,59],"class_list":{"0":"post-15694","1":"post","2":"type-post","3":"status-publish","4":"format-standard","5":"has-post-thumbnail","7":"category-voleibol","8":"tag-epoca-2021-2022","9":"tag-european-golden-league-2022","10":"czr-hentry"},"aioseo_notices":[],"_links":{"self":[{"href":"https:\/\/fpvoleibol.pt\/fpv\/wp-json\/wp\/v2\/posts\/15694","targetHints":{"allow":["GET"]}}],"collection":[{"href":"https:\/\/fpvoleibol.pt\/fpv\/wp-json\/wp\/v2\/posts"}],"about":[{"href":"https:\/\/fpvoleibol.pt\/fpv\/wp-json\/wp\/v2\/types\/post"}],"author":[{"embeddable":true,"href":"https:\/\/fpvoleibol.pt\/fpv\/wp-json\/wp\/v2\/users\/2"}],"replies":[{"embeddable":true,"href":"https:\/\/fpvoleibol.pt\/fpv\/wp-json\/wp\/v2\/comments?post=15694"}],"version-history":[{"count":4,"href":"https:\/\/fpvoleibol.pt\/fpv\/wp-json\/wp\/v2\/posts\/15694\/revisions"}],"predecessor-version":[{"id":15698,"href":"https:\/\/fpvoleibol.pt\/fpv\/wp-json\/wp\/v2\/posts\/15694\/revisions\/15698"}],"wp:featuredmedia":[{"embeddable":true,"href":"https:\/\/fpvoleibol.pt\/fpv\/wp-json\/wp\/v2\/media\/15385"}],"wp:attachment":[{"href":"https:\/\/fpvoleibol.pt\/fpv\/wp-json\/wp\/v2\/media?parent=15694"}],"wp:term":[{"taxonomy":"category","embeddable":true,"href":"https:\/\/fpvoleibol.pt\/fpv\/wp-json\/wp\/v2\/categories?post=15694"},{"taxonomy":"post_tag","embeddable":true,"href":"https:\/\/fpvoleibol.pt\/fpv\/wp-json\/wp\/v2\/tags?post=15694"}],"curies":[{"name":"wp","href":"https:\/\/api.w.org\/{rel}","templated":true}]}}