{"id":15675,"date":"2022-05-19T11:02:51","date_gmt":"2022-05-19T11:02:51","guid":{"rendered":"https:\/\/fpvoleibol.pt\/fpv\/?p=15675"},"modified":"2022-06-14T11:40:45","modified_gmt":"2022-06-14T11:40:45","slug":"portugal-defronta-estonia-na-silver-league","status":"publish","type":"post","link":"https:\/\/fpvoleibol.pt\/fpv\/2022\/05\/19\/portugal-defronta-estonia-na-silver-league\/","title":{"rendered":"PORTUGAL DEFRONTA EST\u00d3NIA NA SILVER LEAGUE"},"content":{"rendered":"<p><a href=\"https:\/\/fpvoleibol.pt\/fpv\/wp-content\/uploads\/2022\/05\/ESilverLposter_web_gd.jpg\"><img loading=\"lazy\" decoding=\"async\" class=\"size-full wp-image-15685 aligncenter\" src=\"https:\/\/fpvoleibol.pt\/fpv\/wp-content\/uploads\/2022\/05\/ESilverLposter_web_pq.jpg\" alt=\"\" width=\"960\" height=\"1440\" srcset=\"https:\/\/fpvoleibol.pt\/fpv\/wp-content\/uploads\/2022\/05\/ESilverLposter_web_pq.jpg 960w, https:\/\/fpvoleibol.pt\/fpv\/wp-content\/uploads\/2022\/05\/ESilverLposter_web_pq-200x300.jpg 200w, https:\/\/fpvoleibol.pt\/fpv\/wp-content\/uploads\/2022\/05\/ESilverLposter_web_pq-683x1024.jpg 683w, https:\/\/fpvoleibol.pt\/fpv\/wp-content\/uploads\/2022\/05\/ESilverLposter_web_pq-768x1152.jpg 768w\" sizes=\"auto, (max-width: 960px) 100vw, 960px\" \/><\/a>A <strong>Selec\u00e7\u00e3o Nacional de Seniores Femininos<\/strong>, liderada por <strong>Hugo Silva<\/strong>, come\u00e7a a disputar a <a href=\"https:\/\/www.cev.eu\/national-team\/european-league\/european-silver-league\/women\/#league-round\">European Silver League (ESL)<\/a> na pr\u00f3xima<span style=\"text-decoration: underline;\"> quarta-feira \u2013 21h00, em directo na <a href=\"https:\/\/www.sporttv.pt\/pesquisa\/VOLEIBOL\/\">Sport TV<\/a><\/span> \u2013, com a recep\u00e7\u00e3o \u00e0 Est\u00f3nia, sua advers\u00e1ria na ESL 2021, no <a href=\"http:\/\/www.cm-viana-castelo.pt\/\">Centro Cultural de Viana do Castelo<\/a>.<br \/>\nNa altura, as portuguesas venceram por 3-2 e 3-1 na Pool disputada em Zenica, na B\u00f3snia-Herzegovina.<\/p>\n<p>Agora, ap\u00f3s um est\u00e1gio em Rennes, onde defrontou a Selec\u00e7\u00e3o Francesa \u2013 7.\u00aa classificada no \u00faltimo Europeu \u2013, e n\u00e3o obstante a supremacia gaulesa nos <a href=\"https:\/\/fpvoleibol.pt\/fpv\/2022\/05\/16\/seleccao-ganha-ritmo-para-a-silver-league\/\">resultados<\/a>, a equipa orientada por <strong>Hugo Silva<\/strong> mostra-se motivada.<\/p>\n<p>&#8220;<em>Foram tr\u00eas jogos muito importantes para n\u00f3s pois permitiram dar o ritmo necess\u00e1rio \u00e0 equipa e tomar decis\u00f5es importantes relativamente \u00e0s atletas que se apresentam mais capazes de enfrentar os desafios que a\u00ed v\u00eam.<\/em><br \/>\n<em>Nesta Silver League [Portugal, Est\u00f3nia, Luxemburgo, Eslov\u00e9nia e Su\u00e9cia], o advers\u00e1rio mais dif\u00edcil ser\u00e1 a Su\u00e9cia, mas a minha preocupa\u00e7\u00e3o \u00e9 a nossa Selec\u00e7\u00e3o e \u00e9 com as nossas jogadoras que quero deixar algo de positivo no Voleibol feminino.<\/em><br \/>\n<em>Queremos chegar a qualquer competi\u00e7\u00e3o e ganhar, mas o processo de crescimento vai ser longo e iremos, primeiramente, focar-nos em n\u00f3s pr\u00f3prios, de maneira a formarmos uma selec\u00e7\u00e3o com um modelo de jogo bom e capaz de discutir o resultado com qualquer selec\u00e7\u00e3o<\/em>&#8220;, salienta <strong>Hugo Silva,<\/strong> que durante v\u00e1rios anos foi o respons\u00e1vel t\u00e9cnico pela Selec\u00e7\u00e3o Nacional de Seniores Masculinos e se estreia este ano \u00e0 frente da Selec\u00e7\u00e3o Nacional de Seniores Femininos.<\/p>\n<p>&#8220;<em>Nesta fase inicial, temos de estar mais preocupadas em construir o nosso modelo de jogo, em praticar um Voleibol de bom n\u00edvel, que nos permita jogar de igual para igual para com as outras selec\u00e7\u00f5es. No ano passado conseguimos chegar \u00e0s meias-finais, algo in\u00e9dito, por isso as expectativas s\u00e3o boas. O nosso objectivo \u00e9 estar na final da Silver League e estamos a trabalhar para isso<\/em>&#8220;, salienta <strong>Joana Resende<\/strong>, libero da Selec\u00e7\u00e3o Nacional e bicampe\u00e3 nacional de seniores femininos pela AJM\/FC Porto.<br \/>\n\u201c<em>Continuamos o nosso caminho, sempre com m\u00e1xima dedica\u00e7\u00e3o<\/em>\u201d, sublinha a capit\u00e3 <strong>Marta Hurst<\/strong>.<\/p>\n<p>Em 2021, a Selec\u00e7\u00e3o Nacional fez <em>hist\u00f3ria<\/em> na European Silver League ao apurar-se para a Final Four da prova depois de vencer a Pool B de qualifica\u00e7\u00e3o \u2013 na cidade b\u00f3snia de Zenica \u2013, com cinco vit\u00f3rias e apenas um desaire: Est\u00f3nia (3-2 e 3-1), Let\u00f3nia (3-0 e 3-0) e B\u00f3snia-Herzegovina (0-3 e 3-1), tendo sido esta \u00faltima selec\u00e7\u00e3o a vencer a ESL 2021.<\/p>\n<p>Como a presente edi\u00e7\u00e3o da Silver League apresenta apenas uma pool, os dois primeiros classificados apuram-se para a final, agendada para o dia 2 de Julho, no pa\u00eds do 1.\u00ba classificado na fase preliminar.<br \/>\nO vencedor desta final qualifica-se para a European Golden League 2023.<\/p>\n<p style=\"text-align: center;\">Ver mais informa\u00e7\u00f5es <a href=\"https:\/\/www.cev.eu\/national-team\/european-league\/european-silver-league\/women\/#league-round\">AQUI<\/a><\/p>\n<p><img loading=\"lazy\" decoding=\"async\" class=\"size-full wp-image-15504 aligncenter\" src=\"https:\/\/fpvoleibol.pt\/fpv\/wp-content\/uploads\/2022\/05\/FraxPort_SNSF_Photo_Rallier_d3.jpg\" alt=\"\" width=\"960\" height=\"627\" srcset=\"https:\/\/fpvoleibol.pt\/fpv\/wp-content\/uploads\/2022\/05\/FraxPort_SNSF_Photo_Rallier_d3.jpg 960w, https:\/\/fpvoleibol.pt\/fpv\/wp-content\/uploads\/2022\/05\/FraxPort_SNSF_Photo_Rallier_d3-300x196.jpg 300w, https:\/\/fpvoleibol.pt\/fpv\/wp-content\/uploads\/2022\/05\/FraxPort_SNSF_Photo_Rallier_d3-768x502.jpg 768w\" sizes=\"auto, (max-width: 960px) 100vw, 960px\" \/><\/p>\n<p>Na <strong>European Silver League<\/strong> de femininos, a Selec\u00e7\u00e3o Nacional vai enfrentar, na Pool A, a Est\u00f3nia, sua advers\u00e1ria na edi\u00e7\u00e3o da ESL de 2021, a Su\u00e9cia, que defrontou na fase de qualifica\u00e7\u00e3o para o Campeonato da Europa de 2021, a Eslov\u00e9nia e o Luxemburgo.<\/p>\n<table style=\"width: 99.6354%; height: 216px;\" width=\"0\">\n<tbody>\n<tr style=\"height: 24px;\">\n<td style=\"width: 14.7445%; text-align: center; height: 24px;\" width=\"95\"><strong>DIA<\/strong><\/td>\n<td style=\"width: 10.219%; text-align: center; height: 24px;\" width=\"64\"><strong>HORA<\/strong><\/td>\n<td style=\"width: 22.3358%; text-align: center; height: 24px;\" width=\"153\"><strong>JOGO<\/strong><\/td>\n<td style=\"width: 31.5328%; text-align: center; height: 24px;\" width=\"227\"><strong>COMPETI\u00c7\u00c3O<\/strong><\/td>\n<td style=\"width: 120.223%; text-align: center; height: 24px;\" width=\"127\"><strong>LOCAL<\/strong><\/td>\n<\/tr>\n<tr style=\"height: 24px;\">\n<td style=\"width: 14.7445%; text-align: center; height: 24px;\" width=\"95\">25.05.2022<\/td>\n<td style=\"width: 10.219%; text-align: center; height: 24px;\" width=\"64\">21H00<\/td>\n<td style=\"width: 22.3358%; text-align: center; height: 24px;\" width=\"153\">Portugal x Est\u00f3nia<\/td>\n<td style=\"width: 31.5328%; text-align: center; height: 24px;\" width=\"227\">Silver League<\/td>\n<td style=\"width: 120.223%; text-align: center; height: 24px;\" width=\"127\">Centro Cultural V. Castelo<\/td>\n<\/tr>\n<tr style=\"height: 24px;\">\n<td style=\"width: 14.7445%; text-align: center; height: 24px;\" width=\"95\">01.06.2022<\/td>\n<td style=\"width: 10.219%; text-align: center; height: 24px;\" width=\"64\">18H00<\/td>\n<td style=\"width: 22.3358%; text-align: center; height: 24px;\" width=\"153\">Portugal x Eslov\u00e9nia<\/td>\n<td style=\"width: 31.5328%; text-align: center; height: 24px;\" width=\"227\">Silver League<\/td>\n<td style=\"width: 120.223%; text-align: center; height: 24px;\" width=\"127\">Centro Cultural V. Castelo<\/td>\n<\/tr>\n<tr style=\"height: 24px;\">\n<td style=\"width: 14.7445%; text-align: center; height: 24px;\" width=\"95\">04.06.2022<\/td>\n<td style=\"width: 10.219%; text-align: center; height: 24px;\" width=\"64\">15H00<\/td>\n<td style=\"width: 22.3358%; text-align: center; height: 24px;\" width=\"153\">Su\u00e9cia x Portugal<\/td>\n<td style=\"width: 31.5328%; text-align: center; height: 24px;\" width=\"227\">Silver League<\/td>\n<td style=\"width: 120.223%; text-align: center; height: 24px;\" width=\"127\">Lund (Su\u00e9cia)<\/td>\n<\/tr>\n<tr style=\"height: 24px;\">\n<td style=\"width: 14.7445%; text-align: center; height: 24px;\" width=\"95\">08.06.2022<\/td>\n<td style=\"width: 10.219%; text-align: center; height: 24px;\" width=\"64\">21H00<\/td>\n<td style=\"width: 22.3358%; text-align: center; height: 24px;\" width=\"153\">Portugal x Luxemburgo<\/td>\n<td style=\"width: 31.5328%; text-align: center; height: 24px;\" width=\"227\">Silver League<\/td>\n<td style=\"width: 120.223%; text-align: center; height: 24px;\" width=\"127\">Pav. Desp. Munic.\u00a0 Santo Tirso<\/td>\n<\/tr>\n<tr style=\"height: 24px;\">\n<td style=\"width: 14.7445%; text-align: center; height: 24px;\" width=\"95\">12.06.2022<\/td>\n<td style=\"width: 10.219%; text-align: center; height: 24px;\" width=\"64\">17H00<\/td>\n<td style=\"width: 22.3358%; text-align: center; height: 24px;\" width=\"153\">Luxemburgo x Portugal<\/td>\n<td style=\"width: 31.5328%; text-align: center; height: 24px;\" width=\"227\">Silver League<\/td>\n<td style=\"width: 120.223%; text-align: center; height: 24px;\" width=\"127\">Luxemburgo<\/td>\n<\/tr>\n<tr style=\"height: 24px;\">\n<td style=\"width: 14.7445%; text-align: center; height: 24px;\" width=\"95\">15.06.2022<\/td>\n<td style=\"width: 10.219%; text-align: center; height: 24px;\" width=\"64\">21H00<\/td>\n<td style=\"width: 22.3358%; text-align: center; height: 24px;\" width=\"153\">Portugal x Su\u00e9cia<\/td>\n<td style=\"width: 31.5328%; text-align: center; height: 24px;\" width=\"227\">Silver League<\/td>\n<td style=\"width: 120.223%; text-align: center; height: 24px;\" width=\"127\">Pav. Desp. Munic.\u00a0 Santo Tirso<\/td>\n<\/tr>\n<tr style=\"height: 24px;\">\n<td style=\"width: 14.7445%; text-align: center; height: 24px;\" width=\"95\">18.06.2022<\/td>\n<td style=\"width: 10.219%; text-align: center; height: 24px;\" width=\"64\">19H30<\/td>\n<td style=\"width: 22.3358%; text-align: center; height: 24px;\" width=\"153\">Eslov\u00e9nia x Portugal<\/td>\n<td style=\"width: 31.5328%; text-align: center; height: 24px;\" width=\"227\">Silver League<\/td>\n<td style=\"width: 120.223%; text-align: center; height: 24px;\" width=\"127\">Maribor (Eslov\u00e9nia)<\/td>\n<\/tr>\n<tr style=\"height: 24px;\">\n<td style=\"width: 14.7445%; text-align: center; height: 24px;\" width=\"95\">26.06.2022<\/td>\n<td style=\"width: 10.219%; text-align: center; height: 24px;\" width=\"64\">17H00<\/td>\n<td style=\"width: 22.3358%; text-align: center; height: 24px;\" width=\"153\">Est\u00f3nia x Portugal<\/td>\n<td style=\"width: 31.5328%; text-align: center; height: 24px;\" width=\"227\">Silver League<\/td>\n<td style=\"width: 120.223%; text-align: center; height: 24px;\" width=\"127\">Tartu (Est\u00f3nia)<\/td>\n<\/tr>\n<\/tbody>\n<\/table>\n<p style=\"text-align: center;\">A <span style=\"text-decoration: underline;\">Pool A da ESL arranca no dia 25 de Maio (quarta-feira\/V. Castelo)<\/span>, com o <span style=\"text-decoration: underline;\"><strong>Est\u00f3nia x Portugal<\/strong><\/span>\u00a0e prolonga-se at\u00e9 ao dia 26 de Junho. Ver mais informa\u00e7\u00f5es <a href=\"https:\/\/www.cev.eu\/national-team\/european-league\/european-silver-league\/women\/#league-round\">AQUI<\/a><\/p>\n<p><img loading=\"lazy\" decoding=\"async\" class=\"size-full wp-image-15506 aligncenter\" src=\"https:\/\/fpvoleibol.pt\/fpv\/wp-content\/uploads\/2022\/05\/FraxPort_SNSF_Photo_Rallier_d1.jpg\" alt=\"\" width=\"960\" height=\"571\" srcset=\"https:\/\/fpvoleibol.pt\/fpv\/wp-content\/uploads\/2022\/05\/FraxPort_SNSF_Photo_Rallier_d1.jpg 960w, https:\/\/fpvoleibol.pt\/fpv\/wp-content\/uploads\/2022\/05\/FraxPort_SNSF_Photo_Rallier_d1-300x178.jpg 300w, https:\/\/fpvoleibol.pt\/fpv\/wp-content\/uploads\/2022\/05\/FraxPort_SNSF_Photo_Rallier_d1-768x457.jpg 768w\" sizes=\"auto, (max-width: 960px) 100vw, 960px\" \/><\/p>\n<p>Na <a href=\"https:\/\/www-old.cev.eu\/Competition-Area\/CompetitionView.aspx?ID=1377\"><span style=\"text-decoration: underline;\">Fase de Qualifica\u00e7\u00e3o para o Campeonato da Europa 2023<\/span><\/a>, a <strong>Selec\u00e7\u00e3o Nacional de Seniores Femininos<\/strong>\u00a0vai defrontar, na Pool C, a Ucr\u00e2nia, a Hungria \u2013 respectivamente 12.\u00aa e 16.\u00aa classificadas no EuroVolley 2021 \u2013 e o Chipre.<\/p>\n<p>Os jogos da fase de qualifica\u00e7\u00e3o s\u00e3o disputados entre 15 de Agosto e 15 de Setembro de 2022.<\/p>\n<p>O <strong>Seleccionador Nacional<\/strong>\u00a0analisou a Pool C:<br \/>\n&#8220;<em>Tendo em considera\u00e7\u00e3o a posi\u00e7\u00e3o no <a href=\"https:\/\/www.cev.eu\/national-team\/rankings\/#women\">ranking<\/a> que ocupamos, j\u00e1 sab\u00edamos que \u00edamos encontrar duas selec\u00e7\u00f5es fortes, no caso Ucr\u00e2nia e Hungria, que chegaram aos oitavos-de-final no \u00faltimo Europeu, revelando assim a for\u00e7a e os argumentos destas selec\u00e7\u00f5es.<\/em><br \/>\n<em>Mas n\u00f3s sabemos que para fazer algo hist\u00f3rico temos de ficar \u00e0 frente de alguma destas selec\u00e7\u00f5es e \u00e9 para isso que vamos trabalhar, procurando, acima de tudo, formar um grupo coeso e ambicioso.<\/em><br \/>\n<em>Obviamente, neste grupo destacam-se os embates com a Ucr\u00e2nia, que ter\u00e3o sem d\u00favida um significado especial, n\u00e3o s\u00f3 por ser uma selec\u00e7\u00e3o que no masculino j\u00e1 se cruzou comigo em muitas batalhas, mas principalmente por saber que vamos jogar com um advers\u00e1rio que revela bem a bravura do seu povo e que \u00e9 um exemplo para todos n\u00f3s.<\/em><br \/>\n<em>T\u00eam demonstrado muita coragem enquanto povo, ainda para mais tendo em conta o poderio do seu advers\u00e1rio&#8230; Acho justo e leg\u00edtimo que estas minhas palavras sirvam de uma modesta homenagem ao povo ucraniano, desejando ao mesmo tempo que a paz regresse ao mundo&#8230; e que no fim se apurem a Ucr\u00e2nia e Portugal<\/em>&#8220;.<\/p>\n<p style=\"text-align: center;\"><span style=\"text-decoration: underline;\"><strong>\u00c1rbitros portugueses em ac\u00e7\u00e3o nas Ligas Europeias<\/strong><\/span><\/p>\n<p><strong>Nuno Maia<\/strong><br \/>\nPortugal x Eslov\u00e1quia, da Pool A da European Golden League &#8211; masculinos, no dia 29 de Maio de 2022.<\/p>\n<p><strong>Jos\u00e9 Caramez<\/strong><br \/>\nPortugal x Luxemburgo, da Pool A da European Silver League &#8211; femininos, no dia 8 de Junho de 2022.<\/p>\n<p><strong>Raquel Portela<\/strong><br \/>\nPortugal x Eslov\u00e9nia, da Pool A da European Silver League &#8211; femininos, no dia 1 de Junho de 2022.<\/p>\n<p><strong>Nuno Teixeira<\/strong><br \/>\nPortugal x Est\u00f3nia, da Pool A da European Silver League &#8211; femininos, no dia 25 de Maio de 2022.<br \/>\nPortugal x Su\u00e9cia, da Pool A da European Silver League &#8211; femininos, no dia 15 de Junho de 2022.<\/p>\n<p><strong>Pedro Pinto<br \/>\n<\/strong>Portugal x Turquia, da Pool A da European Golden League &#8211; masculinos, no dia 1 de Junho de 2022.<\/p>\n<p><strong>V\u00edtor Gon\u00e7alves<\/strong><br \/>\nEspanha x Dinamarca, da Pool B da European Golden League &#8211; masculinos, no dia 11 de Junho de 2022.<\/p>\n<p style=\"text-align: center;\"><a href=\"https:\/\/youtu.be\/zqKfGVdQ-wo\"><strong>Viana do Castelo<\/strong><\/a><br \/>\n<a href=\"https:\/\/youtu.be\/zqKfGVdQ-wo\"><strong>Cidade Europeia do Desporto 2023<\/strong><\/a><\/p>\n<p><strong><span style=\"font-size: 8pt;\"><img loading=\"lazy\" decoding=\"async\" class=\"size-full wp-image-15681 aligncenter\" src=\"https:\/\/fpvoleibol.pt\/fpv\/wp-content\/uploads\/2022\/05\/Sub-20_vit_CCVCastelo.jpg\" alt=\"\" width=\"960\" height=\"640\" srcset=\"https:\/\/fpvoleibol.pt\/fpv\/wp-content\/uploads\/2022\/05\/Sub-20_vit_CCVCastelo.jpg 960w, https:\/\/fpvoleibol.pt\/fpv\/wp-content\/uploads\/2022\/05\/Sub-20_vit_CCVCastelo-300x200.jpg 300w, https:\/\/fpvoleibol.pt\/fpv\/wp-content\/uploads\/2022\/05\/Sub-20_vit_CCVCastelo-768x512.jpg 768w\" sizes=\"auto, (max-width: 960px) 100vw, 960px\" \/><\/span><\/strong>Nos \u00faltimos anos, <strong>Viana do Castelo, Cidade Europeia do Desporto 2023<\/strong>, tem sido palco de v\u00e1rias competi\u00e7\u00f5es de Voleibol, sendo ainda local privilegiado de est\u00e1gio das selec\u00e7\u00f5es nacionais.<br \/>\nRecentemente, acolheu a Pool D da 2.\u00aa Ronda de Qualifica\u00e7\u00e3o para o <span style=\"text-decoration: underline;\">Europeu de Sub-20 Masculinos<\/span>, na qual os portugueses, sob a lideran\u00e7a t\u00e9cnica de Nuno Pereira, conseguiram <em>carimbar<\/em>, invictos, a passagem \u00e0 fase final, agendada para 16 a 24 de Setembro de 2022, em It\u00e1lia.<br \/>\nAs finais a 4 da Ta\u00e7a de Portugal de seniores masculinos e femininos tamb\u00e9m tiveram por palco o Centro Cultural de Viana do Castelo.<br \/>\nAntes, tinha sido a vez da Pool E da 2.\u00aa Ronda da Fase de Qualifica\u00e7\u00e3o para o Campeonato da Europa de Sub-17 Masculinos, no Pavilh\u00e3o Municipal de Santa Maria Maior.<br \/>\nEm 2020, o Centro Cultural de V. Castelo recebeu o Torneio Internacional WEVZA de Sub-17 femininos (1.\u00aa Ronda de Qualifica\u00e7\u00e3o para o Europeu) e, em 2018, a Pool F da 2.\u00aa Ronda Europeia de Apuramento para o Campeonato do Mundo 2018, em seniores femininos.<br \/>\nFoi igualmente na Princesa do Lima que a Selec\u00e7\u00e3o Nacional de Seniores Femininos defrontou a sua cong\u00e9nere de Espanha em dois jogos amig\u00e1veis que se inseriram no plano de prepara\u00e7\u00e3o de Portugal para a Golden European League 2018, os Jogos do Mediterr\u00e2neo e para o hist\u00f3rico Campeonato da Europa 2019.<br \/>\nEm Dezembro de 2017, Viana do Castelo acolheu o Torneio Internacional WEVZA de Sub-16 Femininos, transmitido em directo, em exclusivo e na \u00edntegra no site federativo www.volei.tv<br \/>\nO CC vianense foi tamb\u00e9m palco dos jogos de Qualifica\u00e7\u00e3o Europeia para o Campeonato do Mundo de 2017 \u2013 Sub-21 masculinos e Sub-20 femininos.<\/p>\n<p style=\"text-align: center;\"><b><u>Mais informa\u00e7\u00f5es<\/u><\/b> em <a href=\"http:\/\/www.cev.eu\">www.cev.eu<\/a><\/p>\n","protected":false},"excerpt":{"rendered":"<p>A Selec\u00e7\u00e3o Nacional de Seniores Femininos, liderada por Hugo Silva, come\u00e7a a disputar a European Silver League (ESL) na pr\u00f3xima quarta-feira \u2013 21h00, em directo na Sport TV \u2013, com [&hellip;]<\/p>\n","protected":false},"author":2,"featured_media":15320,"comment_status":"open","ping_status":"open","sticky":false,"template":"","format":"standard","meta":{"_monsterinsights_skip_tracking":false,"_monsterinsights_sitenote_active":false,"_monsterinsights_sitenote_note":"","_monsterinsights_sitenote_category":0,"footnotes":""},"categories":[13,8],"tags":[47,40,60],"class_list":{"0":"post-15675","1":"post","2":"type-post","3":"status-publish","4":"format-standard","5":"has-post-thumbnail","7":"category-arbitragem","8":"category-voleibol","9":"tag-epoca-2021-2022","10":"tag-european-silver-league","11":"tag-european-silver-league-2022","12":"czr-hentry"},"aioseo_notices":[],"_links":{"self":[{"href":"https:\/\/fpvoleibol.pt\/fpv\/wp-json\/wp\/v2\/posts\/15675","targetHints":{"allow":["GET"]}}],"collection":[{"href":"https:\/\/fpvoleibol.pt\/fpv\/wp-json\/wp\/v2\/posts"}],"about":[{"href":"https:\/\/fpvoleibol.pt\/fpv\/wp-json\/wp\/v2\/types\/post"}],"author":[{"embeddable":true,"href":"https:\/\/fpvoleibol.pt\/fpv\/wp-json\/wp\/v2\/users\/2"}],"replies":[{"embeddable":true,"href":"https:\/\/fpvoleibol.pt\/fpv\/wp-json\/wp\/v2\/comments?post=15675"}],"version-history":[{"count":14,"href":"https:\/\/fpvoleibol.pt\/fpv\/wp-json\/wp\/v2\/posts\/15675\/revisions"}],"predecessor-version":[{"id":16792,"href":"https:\/\/fpvoleibol.pt\/fpv\/wp-json\/wp\/v2\/posts\/15675\/revisions\/16792"}],"wp:featuredmedia":[{"embeddable":true,"href":"https:\/\/fpvoleibol.pt\/fpv\/wp-json\/wp\/v2\/media\/15320"}],"wp:attachment":[{"href":"https:\/\/fpvoleibol.pt\/fpv\/wp-json\/wp\/v2\/media?parent=15675"}],"wp:term":[{"taxonomy":"category","embeddable":true,"href":"https:\/\/fpvoleibol.pt\/fpv\/wp-json\/wp\/v2\/categories?post=15675"},{"taxonomy":"post_tag","embeddable":true,"href":"https:\/\/fpvoleibol.pt\/fpv\/wp-json\/wp\/v2\/tags?post=15675"}],"curies":[{"name":"wp","href":"https:\/\/api.w.org\/{rel}","templated":true}]}}