{"id":15199,"date":"2022-05-07T21:32:08","date_gmt":"2022-05-07T21:32:08","guid":{"rendered":"https:\/\/fpvoleibol.pt\/fpv\/?p=15199"},"modified":"2022-05-11T13:52:57","modified_gmt":"2022-05-11T13:52:57","slug":"sl-benfica-campeao-nacional","status":"publish","type":"post","link":"https:\/\/fpvoleibol.pt\/fpv\/2022\/05\/07\/sl-benfica-campeao-nacional\/","title":{"rendered":"SL BENFICA CAMPE\u00c3O NACIONAL"},"content":{"rendered":"<p class=\"descricaonoticia\" style=\"text-align: left;\" align=\"justify\"><img loading=\"lazy\" decoding=\"async\" class=\"size-full wp-image-15203 aligncenter\" src=\"https:\/\/fpvoleibol.pt\/fpv\/wp-content\/uploads\/2022\/05\/slb-feste_dd.jpg\" alt=\"\" width=\"960\" height=\"745\" srcset=\"https:\/\/fpvoleibol.pt\/fpv\/wp-content\/uploads\/2022\/05\/slb-feste_dd.jpg 960w, https:\/\/fpvoleibol.pt\/fpv\/wp-content\/uploads\/2022\/05\/slb-feste_dd-300x233.jpg 300w, https:\/\/fpvoleibol.pt\/fpv\/wp-content\/uploads\/2022\/05\/slb-feste_dd-768x596.jpg 768w\" sizes=\"auto, (max-width: 960px) 100vw, 960px\" \/>O <strong>Sport Lisboa e Benfica<\/strong> sagrou-se campe\u00e3o nacional de seniores masculinos pela <a href=\"https:\/\/fpvoleibol.pt\/fpv\/menu-voleibol\/historico-campeoes-nacionais\/\">10.\u00aa vez<\/a> \u2013 terceira consecutiva* \u2013 ao vencer, hoje \u00e0 noite, na Luz, o Sporting Clube de Portugal por <a href=\"https:\/\/fpv-web.dataproject.com\/MatchStatistics.aspx?mID=5813&amp;ID=54&amp;CID=209&amp;PID=88&amp;type=LegList\">3-0 (25-18, 25-17 e 27-25)<\/a> no terceiro jogo do Play-off do\u00a0t\u00edtulo da <a href=\"https:\/\/fpvoleibol.pt\/fpv\/wp-content\/uploads\/2021\/09\/reg_esc_seniores_Ligas.pdf\">Elite<\/a> \u2013 <a href=\"https:\/\/fpvoleibol.pt\/fpv\/wp-content\/uploads\/2021\/09\/reg_esc_seniores_Ligas.pdf\">3.\u00aa Fase<\/a> da <a href=\"https:\/\/fpv-web.dataproject.com\/CompetitionHome.aspx?ID=54\">Liga Una Seguros<\/a>.<br \/>\nAo contabilizarem ambos 18 pontos, Hugo Gaspar e Jos\u00e9 Alvarez, respectivamente os opostos de SL Benfica e Sporting CP, foram os melhores pontuadores do jogo. Ver estat\u00edstica <a href=\"https:\/\/fpv-web.dataproject.com\/MatchStatistics.aspx?mID=5813&amp;ID=54&amp;CID=209&amp;PID=88&amp;type=LegList\">AQUI<\/a><\/p>\n<p class=\"descricaonoticia\" style=\"text-align: left;\" align=\"justify\">As<em> \u00e1guias<\/em> conquistaram assim a <em>dobradinha<\/em>, depois de terem erguido, no dia 20 de Mar\u00e7o, o seu 19.\u00ba trof\u00e9u da Ta\u00e7a de Portugal ao superar (3-1: 20-25, 25-23, 25-18 e 25-22), na final da competi\u00e7\u00e3o, a Associa\u00e7\u00e3o de Jovens da Fonte do Bastardo, no Centro Cultural de Viana do Castelo.<br \/>\nA equipa orientada pelo brasileiro Marcel Matz tamb\u00e9m j\u00e1 tinha erguido a Superta\u00e7a 2020\/2021 ao vencer, por 3-2 (23-25, 25-21, 25-23, 30-32 e 15-12), o Sporting CP no Pavilh\u00e3o Municipal de Santo Tirso, no dia 2 de Outubro de 2021.<\/p>\n<p style=\"text-align: center;\"><span style=\"text-decoration: underline;\"><strong><a href=\"https:\/\/fpvoleibol.pt\/fpv\/wp-content\/uploads\/2021\/09\/reg_esc_seniores_Ligas.pdf\">3.\u00aa FASE \u2013 DIVIS\u00c3O ELITE<\/a>*<\/strong><\/span><\/p>\n<p><strong>Play-Off #3 \u2013 Apuramento do Campe\u00e3o<\/strong><strong>\u00a0<\/strong><\/p>\n<table style=\"width: 98.3889%;\" width=\"0\">\n<tbody>\n<tr>\n<td style=\"width: 19.8414%; text-align: center;\" width=\"73\">Jogo n.\u00ba 2606<\/td>\n<td style=\"width: 31.0619%; text-align: center;\" width=\"184\">Sporting CP x <strong>SL Benfica<\/strong><\/td>\n<td style=\"width: 13.3939%; text-align: center;\" width=\"86\">24.04.2022<\/td>\n<td style=\"width: 9.66243%; text-align: center;\" width=\"61\"><strong>0-3<\/strong><\/td>\n<td style=\"width: 135.666%; text-align: center;\" width=\"211\">Pav. Jo\u00e3o Rocha<\/td>\n<\/tr>\n<tr>\n<td style=\"width: 19.8414%; text-align: center;\" width=\"73\">Jogo n.\u00ba 2607<\/td>\n<td style=\"width: 31.0619%; text-align: center;\" width=\"184\"><strong>SL Benfica<\/strong> x Sporting CP<\/td>\n<td style=\"width: 13.3939%; text-align: center;\" width=\"86\">30.04.2022<\/td>\n<td style=\"width: 9.66243%; text-align: center;\" width=\"61\"><strong>3-1<\/strong><\/td>\n<td style=\"width: 135.666%; text-align: center;\" width=\"211\">Pav. N.\u00ba 2 \u2013 Est\u00e1dio SLB<\/td>\n<\/tr>\n<tr>\n<td style=\"width: 19.8414%; text-align: center;\" width=\"73\">Jogo n.\u00ba 2608<\/td>\n<td style=\"width: 31.0619%; text-align: center;\" width=\"184\"><strong>SL Benfica<\/strong> x Sporting CP<\/td>\n<td style=\"width: 13.3939%; text-align: center;\" width=\"86\">07.05.2022<\/td>\n<td style=\"width: 9.66243%; text-align: center;\" width=\"61\"><strong>3-0<\/strong><\/td>\n<td style=\"width: 135.666%; text-align: center;\" width=\"211\">Pav. N.\u00ba 2 \u2013 Est\u00e1dio SLB<\/td>\n<\/tr>\n<\/tbody>\n<\/table>\n<p class=\"descricaonoticia\" style=\"text-align: left;\" align=\"justify\">Na <a href=\"https:\/\/fpvoleibol.pt\/fpv\/wp-content\/uploads\/2021\/09\/reg_esc_seniores_Ligas.pdf\">Ta\u00e7a Federa\u00e7\u00e3o<\/a> \u2013\u00a0<a href=\"https:\/\/fpvoleibol.pt\/fpv\/wp-content\/uploads\/2021\/09\/reg_esc_seniores_Ligas.pdf\">3.\u00aa Fase<\/a> da <a href=\"https:\/\/fpv-web.dataproject.com\/CompetitionHome.aspx?ID=54\">Liga Una Seguros<\/a>, as equipas de seniores masculinos da Associa\u00e7\u00e3o Acad\u00e9mica de Espinho e da Associa\u00e7\u00e3o de Jovens da Fonte do Bastardo come\u00e7am a disputar o <em>Play-off do T\u00edtulo<\/em> no dia 10, em Espinho.<\/p>\n<p class=\"descricaonoticia\" style=\"text-align: center;\" align=\"justify\"><strong style=\"text-align: center;\"><span style=\"text-decoration: underline;\"><a href=\"https:\/\/fpvoleibol.pt\/fpv\/wp-content\/uploads\/2021\/09\/reg_esc_seniores_Ligas.pdf\">3.\u00aa FASE \u2013 TA\u00c7A FEDERA\u00c7\u00c3O<\/a>*<\/span><\/strong><\/p>\n<p><strong>Play-Off #12 \u2013 Apuramento do Campe\u00e3o<\/strong><strong>\u00a0<\/strong><\/p>\n<table style=\"width: 99.1531%;\" width=\"0\">\n<tbody>\n<tr>\n<td style=\"width: 19.5638%; text-align: center;\" width=\"73\">Jogo n.\u00ba 2668<\/td>\n<td style=\"width: 30.9654%; text-align: center;\" width=\"164\">AA Espinho x AJF Bastardo<\/td>\n<td style=\"width: 12.9208%; text-align: center;\" width=\"93\">10.05.2022<\/td>\n<td style=\"width: 10.072%; text-align: center;\" width=\"57\">19H00<\/td>\n<td style=\"width: 135.892%; text-align: center;\" width=\"229\">Pav. Arq. Jer\u00f3nimo Reis &#8211; Espinho<\/td>\n<\/tr>\n<tr>\n<td style=\"width: 19.5638%; text-align: center;\" width=\"73\">Jogo n.\u00ba 2669<\/td>\n<td style=\"width: 30.9654%; text-align: center;\" width=\"164\">AJF Bastardo x AA Espinho<\/td>\n<td style=\"width: 12.9208%; text-align: center;\" width=\"93\">14.05.2022<\/td>\n<td style=\"width: 10.072%; text-align: center;\" width=\"57\"><strong>19H30 locais<\/strong><\/td>\n<td style=\"width: 135.892%; text-align: center;\" width=\"229\">Compl. Desp. Vitorino Nem\u00e9sio<\/td>\n<\/tr>\n<tr>\n<td style=\"width: 19.5638%; text-align: center;\" width=\"73\"><strong>\u00a0<\/strong><\/td>\n<td style=\"width: 30.9654%; text-align: center;\" width=\"164\"><strong>Se necess\u00e1rio<\/strong><\/td>\n<td style=\"width: 12.9208%; text-align: center;\" width=\"93\"><\/td>\n<td style=\"width: 10.072%; text-align: center;\" width=\"57\"><\/td>\n<td style=\"width: 135.892%; text-align: center;\" width=\"229\"><\/td>\n<\/tr>\n<tr>\n<td style=\"width: 19.5638%; text-align: center;\" width=\"73\">Jogo n.\u00ba 2670<\/td>\n<td style=\"width: 30.9654%; text-align: center;\" width=\"164\">AJF Bastardo x AA Espinho<\/td>\n<td style=\"width: 12.9208%; text-align: center;\" width=\"93\">15.05.2022<\/td>\n<td style=\"width: 10.072%; text-align: center;\" width=\"57\">16H00 locais<\/td>\n<td style=\"width: 135.892%; text-align: center;\" width=\"229\">Compl. Desp. Vitorino Nem\u00e9sio<\/td>\n<\/tr>\n<\/tbody>\n<\/table>\n<p style=\"text-align: center;\" align=\"justify\"><span style=\"text-decoration: underline;\"><strong>Ver plant\u00e9is das equipas <a href=\"https:\/\/fpv-web.dataproject.com\/CompetitionTeamSearch.aspx?ID=54\">aqui<\/a><\/strong><\/span><\/p>\n<p style=\"text-align: center;\" align=\"justify\"><strong>Calend\u00e1rio<\/strong>, resultados, <span style=\"text-decoration: underline;\"><strong>estat\u00edstica<\/strong><\/span> e <em>live streaming<\/em> em <a href=\"https:\/\/fpv-web.dataproject.com\/MainHome.aspx?\">https:\/\/fpv-web.dataproject.com\/MainHome.aspx?<\/a><br \/>\n<strong>Equipas de arbitragem<\/strong> em <a href=\"https:\/\/fpvoleibol.pt\/fpv\/arbitragem\/nomeacoes\/\">https:\/\/fpvoleibol.pt\/fpv\/arbitragem\/nomeacoes\/<\/a><br \/>\n<span style=\"font-size: 8pt;\"><strong>* Na \u00e9poca 2019 \/ 20 n\u00e3o houve atribui\u00e7\u00e3o de t\u00edtulos<\/strong><\/span><\/p>\n","protected":false},"excerpt":{"rendered":"<p>O Sport Lisboa e Benfica sagrou-se campe\u00e3o nacional de seniores masculinos pela 10.\u00aa vez \u2013 terceira consecutiva* \u2013 ao vencer, hoje \u00e0 noite, na Luz, o Sporting Clube de Portugal [&hellip;]<\/p>\n","protected":false},"author":2,"featured_media":15200,"comment_status":"open","ping_status":"open","sticky":false,"template":"","format":"standard","meta":{"_monsterinsights_skip_tracking":false,"_monsterinsights_sitenote_active":false,"_monsterinsights_sitenote_note":"","_monsterinsights_sitenote_category":0,"footnotes":""},"categories":[8],"tags":[47,46],"class_list":{"0":"post-15199","1":"post","2":"type-post","3":"status-publish","4":"format-standard","5":"has-post-thumbnail","7":"category-voleibol","8":"tag-epoca-2021-2022","9":"tag-liga-una-seguros","10":"czr-hentry"},"aioseo_notices":[],"_links":{"self":[{"href":"https:\/\/fpvoleibol.pt\/fpv\/wp-json\/wp\/v2\/posts\/15199","targetHints":{"allow":["GET"]}}],"collection":[{"href":"https:\/\/fpvoleibol.pt\/fpv\/wp-json\/wp\/v2\/posts"}],"about":[{"href":"https:\/\/fpvoleibol.pt\/fpv\/wp-json\/wp\/v2\/types\/post"}],"author":[{"embeddable":true,"href":"https:\/\/fpvoleibol.pt\/fpv\/wp-json\/wp\/v2\/users\/2"}],"replies":[{"embeddable":true,"href":"https:\/\/fpvoleibol.pt\/fpv\/wp-json\/wp\/v2\/comments?post=15199"}],"version-history":[{"count":5,"href":"https:\/\/fpvoleibol.pt\/fpv\/wp-json\/wp\/v2\/posts\/15199\/revisions"}],"predecessor-version":[{"id":15315,"href":"https:\/\/fpvoleibol.pt\/fpv\/wp-json\/wp\/v2\/posts\/15199\/revisions\/15315"}],"wp:featuredmedia":[{"embeddable":true,"href":"https:\/\/fpvoleibol.pt\/fpv\/wp-json\/wp\/v2\/media\/15200"}],"wp:attachment":[{"href":"https:\/\/fpvoleibol.pt\/fpv\/wp-json\/wp\/v2\/media?parent=15199"}],"wp:term":[{"taxonomy":"category","embeddable":true,"href":"https:\/\/fpvoleibol.pt\/fpv\/wp-json\/wp\/v2\/categories?post=15199"},{"taxonomy":"post_tag","embeddable":true,"href":"https:\/\/fpvoleibol.pt\/fpv\/wp-json\/wp\/v2\/tags?post=15199"}],"curies":[{"name":"wp","href":"https:\/\/api.w.org\/{rel}","templated":true}]}}