{"id":15136,"date":"2022-05-05T14:06:19","date_gmt":"2022-05-05T14:06:19","guid":{"rendered":"https:\/\/fpvoleibol.pt\/fpv\/?p=15136"},"modified":"2022-05-05T14:06:19","modified_gmt":"2022-05-05T14:06:19","slug":"hora-das-decisoes-na-liga-lidl","status":"publish","type":"post","link":"https:\/\/fpvoleibol.pt\/fpv\/2022\/05\/05\/hora-das-decisoes-na-liga-lidl\/","title":{"rendered":"HORA DAS DECIS\u00d5ES NA LIGA LIDL"},"content":{"rendered":"<p><img loading=\"lazy\" decoding=\"async\" class=\"size-full wp-image-9830 aligncenter\" src=\"https:\/\/fpvoleibol.pt\/fpv\/wp-content\/uploads\/2021\/09\/noticias_lidl1_d.jpg\" alt=\"\" width=\"960\" height=\"542\" srcset=\"https:\/\/fpvoleibol.pt\/fpv\/wp-content\/uploads\/2021\/09\/noticias_lidl1_d.jpg 960w, https:\/\/fpvoleibol.pt\/fpv\/wp-content\/uploads\/2021\/09\/noticias_lidl1_d-300x169.jpg 300w, https:\/\/fpvoleibol.pt\/fpv\/wp-content\/uploads\/2021\/09\/noticias_lidl1_d-768x434.jpg 768w, https:\/\/fpvoleibol.pt\/fpv\/wp-content\/uploads\/2021\/09\/noticias_lidl1_d-528x297.jpg 528w\" sizes=\"auto, (max-width: 960px) 100vw, 960px\" \/>A <strong>AJM\/FC Porto<\/strong>, campe\u00e3 da <a href=\"https:\/\/fpvoleibol.pt\/fpv\/wp-content\/uploads\/2021\/09\/reg_esc_seniores_Ligas.pdf\">Elite<\/a> em t\u00edtulo, e o <strong>Leix\u00f5es SC<\/strong>, que ergueu o seu 10.\u00ba trof\u00e9u na Ta\u00e7a de Portugal 2022, decidem no domingo quem ser\u00e3o as campe\u00e3s nacionais 2021\/2022.<br \/>\nAs portistas, que venceram os dois primeiros jogos do <em>Play-off decisivo<\/em> da <a href=\"https:\/\/fpvoleibol.pt\/fpv\/wp-content\/uploads\/2021\/09\/reg_esc_seniores_Ligas.pdf\">Elite<\/a> \u2013\u00a0<a href=\"https:\/\/fpvoleibol.pt\/fpv\/wp-content\/uploads\/2021\/09\/reg_esc_seniores_Ligas.pdf\">3.\u00aa Fase<\/a> da <a href=\"https:\/\/fpv-web.dataproject.com\/CompetitionHome.aspx?ID=53\">Liga Lidl<\/a>, voltam a jogar no Drag\u00e3o Arena neste 5.\u00ba e derradeiro jogo.<\/p>\n<p>Esta \u00e9poca, as duas equipas j\u00e1 se defrontaram por nove vezes:<\/p>\n<p><span style=\"text-decoration: underline;\"><strong>3.\u00aa Fase Liga Lidl \u2013 Divis\u00e3o Elite<\/strong><\/span><br \/>\n<strong>Play-Off #3 \u2013 Apuramento do Campe\u00e3o <\/strong><br \/>\n16.04.2022 \u2013 Leix\u00f5es SC x <strong>AJM\/FC Porto<\/strong>, 0-3 \u2013 Nave Il\u00eddio Ramos &#8211; CDC Matosinhos<br \/>\n23.04.2022 \u2013 <strong>AJM\/FC Porto<\/strong> x Leix\u00f5es SC, 3-0 \u2013 Drag\u00e3o Arena<br \/>\n24.04.2022 \u2013 AJM\/FC Porto x <strong>Leix\u00f5es SC<\/strong>, 1-3 \u2013 Drag\u00e3o Arena<br \/>\n01.05.2022 \u2013 <strong>Leix\u00f5es SC<\/strong> x AJM\/FC Porto, 3-0 \u2013 Nave Il\u00eddio Ramos &#8211; CDC Matosinhos<\/p>\n<p><span style=\"text-decoration: underline;\"><strong>2.\u00aa Fase Liga Lidl \u2013 S\u00e9rie A<\/strong><\/span><br \/>\n<strong>5.\u00aa Jornada<\/strong><br \/>\n16.01.2022 \u2013 <strong>AJM\/FC Porto<\/strong> x Leix\u00f5es SC, 3-2 \u2013 Centro Luso Venezolano<br \/>\n9.\u00aa Jornada<br \/>\n16.02.2022 \u2013 <strong>Leix\u00f5es SC<\/strong> x AJM\/FC Porto, 3-2 \u2013 Nave Il\u00eddio Ramos &#8211; CDC Matosinhos<\/p>\n<p><span style=\"text-decoration: underline;\"><strong>1.\u00aa Fase Liga Lidl<\/strong><\/span><br \/>\n<strong>11.\u00aa Jornada<\/strong><br \/>\n21.11.2021 \u2013 Leix\u00f5es SC x <strong>AJM\/FC Porto<\/strong>, 2-3 \u2013 Nave Il\u00eddio Ramos &#8211; CDC Matosinhos<\/p>\n<p><span style=\"text-decoration: underline;\"><strong>Ta\u00e7a de Portugal<\/strong><\/span><br \/>\n<strong>18.03.2022<\/strong><br \/>\n1.\u00aa Meia-final: <strong>Leix\u00f5es SC<\/strong> x AJM\/FC Porto, 3-2 \u2013 CC Viana do Castelo<\/p>\n<p><strong>Superta\u00e7a 2021<\/strong><br \/>\n25.09.2021 \u2013 <strong>AJM\/FC Porto<\/strong> x Leix\u00f5es SC, 3-0 \u2013 Pav. Mun. Santo Tirso<\/p>\n<p style=\"text-align: center;\"><a href=\"https:\/\/fpvoleibol.pt\/fpv\/wp-content\/uploads\/2021\/09\/reg_esc_seniores_Ligas.pdf\"><span style=\"text-decoration: underline;\"><strong>3.\u00aa FASE \u2013 DIVIS\u00c3O ELITE<\/strong><\/span><\/a>*<\/p>\n<p><strong>Play-Off #3 \u2013 Apuramento do Campe\u00e3o<\/strong><strong>\u00a0<\/strong><\/p>\n<table style=\"width: 100.146%; height: 144px;\" width=\"0\">\n<tbody>\n<tr style=\"height: 24px;\">\n<td style=\"width: 14.0209%; text-align: center; height: 24px;\" width=\"73\">Jogo n.\u00ba 2595<\/td>\n<td style=\"width: 41.5178%; text-align: center; height: 24px;\" width=\"184\">Leix\u00f5es SC x <strong>AJM\/FC Porto<\/strong> (<a href=\"https:\/\/www.youtube.com\/watch?v=-ushav-MLzI\">Volei TV<\/a>)<\/td>\n<td style=\"width: 12.7987%; text-align: center; height: 24px;\" width=\"86\">16.04.2022<\/td>\n<td style=\"width: 8.73872%; text-align: center; height: 24px;\" width=\"61\"><span style=\"color: #000000;\">0-3<\/span><\/td>\n<td style=\"width: 128.211%; text-align: center; height: 24px;\" width=\"220\">Nave Il\u00eddio Ramos &#8211; CDC Matosinhos<\/td>\n<\/tr>\n<tr style=\"height: 24px;\">\n<td style=\"width: 14.0209%; text-align: center; height: 24px;\" width=\"73\">Jogo n.\u00ba 2596<\/td>\n<td style=\"width: 41.5178%; text-align: center; height: 24px;\" width=\"184\"><strong>AJM\/FC Porto<\/strong> x Leix\u00f5es SC<\/td>\n<td style=\"width: 12.7987%; text-align: center; height: 24px;\" width=\"86\">23.04.2022<\/td>\n<td style=\"width: 8.73872%; text-align: center; height: 24px;\" width=\"61\">3-0<\/td>\n<td style=\"width: 128.211%; text-align: center; height: 24px;\" width=\"220\">Drag\u00e3o Arena<\/td>\n<\/tr>\n<tr style=\"height: 24px;\">\n<td style=\"width: 14.0209%; text-align: center; height: 24px;\" width=\"73\">Jogo n.\u00ba 2597<\/td>\n<td style=\"width: 41.5178%; text-align: center; height: 24px;\" width=\"184\">AJM\/FC Porto x <strong>Leix\u00f5es SC<\/strong><\/td>\n<td style=\"width: 12.7987%; text-align: center; height: 24px;\" width=\"86\">24.04.2022<\/td>\n<td style=\"width: 8.73872%; text-align: center; height: 24px;\" width=\"61\">1-3<\/td>\n<td style=\"width: 128.211%; text-align: center; height: 24px;\" width=\"220\">Drag\u00e3o Arena<\/td>\n<\/tr>\n<tr style=\"height: 24px;\">\n<td style=\"width: 14.0209%; text-align: center; height: 24px;\" width=\"73\">Jogo n.\u00ba 2598<\/td>\n<td style=\"width: 41.5178%; text-align: center; height: 24px;\" width=\"184\"><strong>Leix\u00f5es SC<\/strong> x AJM\/FC Porto (<a href=\"https:\/\/www.youtube.com\/watch?v=OjSZKTDYZ48\">Volei TV<\/a>)<\/td>\n<td style=\"width: 12.7987%; text-align: center; height: 24px;\" width=\"86\">01.05.2022<\/td>\n<td style=\"width: 8.73872%; text-align: center; height: 24px;\" width=\"61\">3-0<\/td>\n<td style=\"width: 128.211%; text-align: center; height: 24px;\" width=\"220\">Nave Il\u00eddio Ramos &#8211; CDC Matosinhos<\/td>\n<\/tr>\n<tr style=\"height: 24px;\">\n<td style=\"width: 14.0209%; text-align: center; height: 24px;\" width=\"73\">Jogo n.\u00ba 2599<\/td>\n<td style=\"width: 41.5178%; text-align: center; height: 24px;\" width=\"184\">AJM\/FC Porto x Leix\u00f5es SC<\/td>\n<td style=\"width: 12.7987%; text-align: center; height: 24px;\" width=\"86\">08.05.2022<\/td>\n<td style=\"width: 8.73872%; text-align: center; height: 24px;\" width=\"61\">15H00<\/td>\n<td style=\"width: 128.211%; text-align: center; height: 24px;\" width=\"220\">Drag\u00e3o Arena<\/td>\n<\/tr>\n<\/tbody>\n<\/table>\n<p>Na <a href=\"https:\/\/fpvoleibol.pt\/fpv\/wp-content\/uploads\/2021\/09\/reg_esc_seniores_Ligas.pdf\">3.\u00aa Fase<\/a> da <a href=\"https:\/\/fpv-web.dataproject.com\/CompetitionHome.aspx?ID=53\">Liga Lidl<\/a>, as equipas de seniores femininos do Sporting Clube de Portugal e do Vit\u00f3ria Sport Clube come\u00e7am a<em> luta<\/em> pelo t\u00edtulo da <a href=\"https:\/\/fpvoleibol.pt\/fpv\/wp-content\/uploads\/2021\/09\/reg_esc_seniores_Ligas.pdf\">Ta\u00e7a Federa\u00e7\u00e3o<\/a> no domingo, em Guimar\u00e3es.<\/p>\n<p style=\"text-align: center;\"><strong><a href=\"https:\/\/fpvoleibol.pt\/fpv\/wp-content\/uploads\/2021\/09\/reg_esc_seniores_Ligas.pdf\">3.\u00aa FASE \u2013 TA\u00c7A FEDERA\u00c7\u00c3O<\/a>*\u00a0\u00a0<\/strong><\/p>\n<p><strong>Play-Off #12 \u2013 Apuramento Campe\u00e3o<\/strong><strong>\u00a0<\/strong><\/p>\n<table style=\"width: 100.113%;\" width=\"0\">\n<tbody>\n<tr>\n<td style=\"width: 13.8314%; text-align: center;\" width=\"69\">Jogo n.\u00ba 2665<\/td>\n<td style=\"width: 41.689%; text-align: center;\" width=\"176\">Vit\u00f3ria SC x Sporting CP<\/td>\n<td style=\"width: 13.0757%; text-align: center;\" width=\"89\"><strong>07.05.2022<\/strong><\/td>\n<td style=\"width: 8.67226%; text-align: center;\" width=\"62\">16H00<\/td>\n<td style=\"width: 134.042%; text-align: center;\" width=\"208\">Pav. Desp. Unidade Vimaranense<\/td>\n<\/tr>\n<tr>\n<td style=\"width: 13.8314%; text-align: center;\" width=\"69\">Jogo n.\u00ba 2666<\/td>\n<td style=\"width: 41.689%; text-align: center;\" width=\"176\">Sporting CP x Vit\u00f3ria SC<\/td>\n<td style=\"width: 13.0757%; text-align: center;\" width=\"89\">14.05.2022<\/td>\n<td style=\"width: 8.67226%; text-align: center;\" width=\"62\"><strong>15H00<\/strong><\/td>\n<td style=\"width: 134.042%; text-align: center;\" width=\"208\">Pav. Jo\u00e3o Rocha \u2013 Lisboa<\/td>\n<\/tr>\n<tr>\n<td style=\"width: 13.8314%; text-align: center;\" width=\"69\"><strong>\u00a0<\/strong><\/td>\n<td style=\"width: 41.689%; text-align: center;\" width=\"176\"><strong>Se necess\u00e1rio<\/strong><\/td>\n<td style=\"width: 13.0757%; text-align: center;\" width=\"89\"><\/td>\n<td style=\"width: 8.67226%; text-align: center;\" width=\"62\"><\/td>\n<td style=\"width: 134.042%; text-align: center;\" width=\"208\"><\/td>\n<\/tr>\n<tr>\n<td style=\"width: 13.8314%; text-align: center;\" width=\"69\">Jogo n.\u00ba 2667<\/td>\n<td style=\"width: 41.689%; text-align: center;\" width=\"176\">Sporting CP x Vit\u00f3ria SC<\/td>\n<td style=\"width: 13.0757%; text-align: center;\" width=\"89\">15.05.2022<\/td>\n<td style=\"width: 8.67226%; text-align: center;\" width=\"62\">16H00<\/td>\n<td style=\"width: 134.042%; text-align: center;\" width=\"208\">Pav. Jo\u00e3o Rocha &#8211; Lisboa<\/td>\n<\/tr>\n<\/tbody>\n<\/table>\n<p style=\"text-align: center;\" align=\"justify\"><span style=\"text-decoration: underline;\"><strong>Ver plant\u00e9is das equipas <a href=\"https:\/\/fpv-web.dataproject.com\/CompetitionTeamSearch.aspx?ID=53\">aqui<\/a><\/strong><\/span><\/p>\n<p style=\"text-align: center;\" align=\"justify\"><strong>Calend\u00e1rio*<\/strong>, resultados, <span style=\"text-decoration: underline;\"><strong>estat\u00edstica<\/strong><\/span> e <em>live streaming<\/em> em <a href=\"https:\/\/fpv-web.dataproject.com\/MainHome.aspx?\">https:\/\/fpv-web.dataproject.com\/MainHome.aspx?<\/a><br \/>\n<strong>Equipas de arbitragem<\/strong> em <a href=\"https:\/\/fpvoleibol.pt\/fpv\/arbitragem\/nomeacoes\/\">https:\/\/fpvoleibol.pt\/fpv\/arbitragem\/nomeacoes\/<\/a><br \/>\n<span style=\"font-size: 8pt;\"><strong>* <a href=\"https:\/\/portugalvoleibol.com\/classificacao\/\">Dias e\/ou hor\u00e1rios podem sofrer altera\u00e7\u00f5es<\/a><\/strong><\/span><\/p>\n","protected":false},"excerpt":{"rendered":"<p>A AJM\/FC Porto, campe\u00e3 da Elite em t\u00edtulo, e o Leix\u00f5es SC, que ergueu o seu 10.\u00ba trof\u00e9u na Ta\u00e7a de Portugal 2022, decidem no domingo quem ser\u00e3o as campe\u00e3s [&hellip;]<\/p>\n","protected":false},"author":2,"featured_media":15139,"comment_status":"open","ping_status":"open","sticky":false,"template":"","format":"standard","meta":{"_monsterinsights_skip_tracking":false,"_monsterinsights_sitenote_active":false,"_monsterinsights_sitenote_note":"","_monsterinsights_sitenote_category":0,"footnotes":""},"categories":[8],"tags":[47,55],"class_list":{"0":"post-15136","1":"post","2":"type-post","3":"status-publish","4":"format-standard","5":"has-post-thumbnail","7":"category-voleibol","8":"tag-epoca-2021-2022","9":"tag-liga-lidl","10":"czr-hentry"},"aioseo_notices":[],"_links":{"self":[{"href":"https:\/\/fpvoleibol.pt\/fpv\/wp-json\/wp\/v2\/posts\/15136","targetHints":{"allow":["GET"]}}],"collection":[{"href":"https:\/\/fpvoleibol.pt\/fpv\/wp-json\/wp\/v2\/posts"}],"about":[{"href":"https:\/\/fpvoleibol.pt\/fpv\/wp-json\/wp\/v2\/types\/post"}],"author":[{"embeddable":true,"href":"https:\/\/fpvoleibol.pt\/fpv\/wp-json\/wp\/v2\/users\/2"}],"replies":[{"embeddable":true,"href":"https:\/\/fpvoleibol.pt\/fpv\/wp-json\/wp\/v2\/comments?post=15136"}],"version-history":[{"count":4,"href":"https:\/\/fpvoleibol.pt\/fpv\/wp-json\/wp\/v2\/posts\/15136\/revisions"}],"predecessor-version":[{"id":15141,"href":"https:\/\/fpvoleibol.pt\/fpv\/wp-json\/wp\/v2\/posts\/15136\/revisions\/15141"}],"wp:featuredmedia":[{"embeddable":true,"href":"https:\/\/fpvoleibol.pt\/fpv\/wp-json\/wp\/v2\/media\/15139"}],"wp:attachment":[{"href":"https:\/\/fpvoleibol.pt\/fpv\/wp-json\/wp\/v2\/media?parent=15136"}],"wp:term":[{"taxonomy":"category","embeddable":true,"href":"https:\/\/fpvoleibol.pt\/fpv\/wp-json\/wp\/v2\/categories?post=15136"},{"taxonomy":"post_tag","embeddable":true,"href":"https:\/\/fpvoleibol.pt\/fpv\/wp-json\/wp\/v2\/tags?post=15136"}],"curies":[{"name":"wp","href":"https:\/\/api.w.org\/{rel}","templated":true}]}}