{"id":15119,"date":"2022-05-04T17:37:12","date_gmt":"2022-05-04T17:37:12","guid":{"rendered":"https:\/\/fpvoleibol.pt\/fpv\/?p=15119"},"modified":"2022-05-04T17:38:57","modified_gmt":"2022-05-04T17:38:57","slug":"pedrosa-campos-em-accao-nas-areias-de-doha","status":"publish","type":"post","link":"https:\/\/fpvoleibol.pt\/fpv\/2022\/05\/04\/pedrosa-campos-em-accao-nas-areias-de-doha\/","title":{"rendered":"PEDROSA\/CAMPOS EM AC\u00c7\u00c3O NAS AREIAS DE DOHA"},"content":{"rendered":"<p><img loading=\"lazy\" decoding=\"async\" class=\"size-full wp-image-6668 aligncenter\" src=\"https:\/\/fpvoleibol.pt\/fpv\/wp-content\/uploads\/2021\/06\/JOAOPEDROSAPORHUGOCAMPOS_d.jpg\" alt=\"\" width=\"960\" height=\"640\" srcset=\"https:\/\/fpvoleibol.pt\/fpv\/wp-content\/uploads\/2021\/06\/JOAOPEDROSAPORHUGOCAMPOS_d.jpg 960w, https:\/\/fpvoleibol.pt\/fpv\/wp-content\/uploads\/2021\/06\/JOAOPEDROSAPORHUGOCAMPOS_d-300x200.jpg 300w, https:\/\/fpvoleibol.pt\/fpv\/wp-content\/uploads\/2021\/06\/JOAOPEDROSAPORHUGOCAMPOS_d-768x512.jpg 768w\" sizes=\"auto, (max-width: 960px) 100vw, 960px\" \/>A dupla de Voleibol de Praia portuguesa <strong>Jo\u00e3o Pedrosa\/Hugo Campos<\/strong> vai defrontar amanh\u00e3 a dupla da <em>casa <\/em>Assam Ahmed Mahmoud\/Saifeddine Elmajid, 9.\u00aa classificada nos Campeonatos Asi\u00e1ticos de 2021, no primeiro dia de prova do <a href=\"https:\/\/en.volleyballworld.com\/beachvolleyball\/competitions\/beach-pro-tour-2022\/events\/challenge\/doha-qatar\/teams\/men\/qualification\">Challenge Beach Pro Tour de Doha<\/a>.<\/p>\n<p>Na competi\u00e7\u00e3o, que re\u00fane de 5 a 9 de Maio no Catar as melhores duplas mundiais do Voleibol de Praia, a dupla lusa disputa a Fase de Qualifica\u00e7\u00e3o \u2013 devido \u00e0 sua pontua\u00e7\u00e3o no ranking da FIVB \u2013 e ter\u00e1 de derrotar, no m\u00ednimo, dois advers\u00e1rios para atingir o Quadro Principal do Challenge de Doha, que pode ser\u00e1 seguido <a href=\"https:\/\/en.volleyballworld.com\/beachvolleyball\/competitions\/beach-pro-tour-2022\/events\/challenge\/doha-qatar\/teams\/men\/qualification\">AQUI<\/a><\/p>\n<p>O <a href=\"https:\/\/en.volleyballworld.com\/beachvolleyball\/competitions\/beach-pro-tour-2022\/events\/challenge\/doha-qatar\/teams\/men\/qualification\">Challenge Beach Pro Tour de Doha<\/a> \u00e9 o terceiro torneio Challenge na temporada inaugural do <strong><em>Volleyball World Beach Pro Tour<\/em><\/strong> da FIVB e o terceiro em que <strong>Jo\u00e3o Pedrosa<\/strong> e <strong>Hugo Campos <\/strong>v\u00e3o participar, depois de terem disputado o <strong><a href=\"https:\/\/en.volleyballworld.com\/beachvolleyball\/competitions\/beach-pro-tour-2022\/events\/challenge\/tlaxcala-mexico\/\">Challenge de Tlaxcala<\/a><\/strong>, no M\u00e9xico, e o <strong><a href=\"https:\/\/en.volleyballworld.com\/beachvolleyball\/competitions\/beach-pro-tour-2022\/events\/challenge\/itapema-brazil\/\">Challenge Beach Pro Tour de Itapema<\/a><\/strong>, no Brasil.<\/p>\n<p>A jovem dupla apoiada pela FPV e medalhada com a prata na <strong>Beach Volleyball World Tour 1-Star Cortega\u00e7a<\/strong>, realizada em 2021 no Centro de Alto Rendimento de Voleibol de Praia da FPV, em Cortega\u00e7a, \u00e9 acompanhada por <strong>Leonel Gomes<\/strong>, Seleccionador Nacional de masculinos.<\/p>\n<p>Est\u00e1 prevista a participa\u00e7\u00e3o desta dupla lusitana em pelo menos mais dois torneios \u2013 na fase de qualifica\u00e7\u00e3o do <a href=\"https:\/\/en.volleyballworld.com\/beachvolleyball\/competitions\/beach-pro-tour-2022\/events\/future\/madrid-spain-men\/teams\/men\/by-country\">Future de Madrid<\/a>, em Espanha (12 a 15 de Maio), e no Quadro Principal (com <em>wild card<\/em>) do <a href=\"https:\/\/en.volleyballworld.com\/beachvolleyball\/competitions\/beach-pro-tour-2022\/events\/challenge\/kusadasi-turkey\/\">Challenge de Kusadasi<\/a>, na Turquia (19 a 22 de Maio) \u2013, antes de entrar em ac\u00e7\u00e3o no <a href=\"https:\/\/en.volleyballworld.com\/beachvolleyball\/competitions\/beach-pro-tour-2022\/events\/challenge\/espinho-portugal\/\">Challenge de Espinho<\/a> (14 a 17 de Julho)*.<\/p>\n<p style=\"text-align: center;\"><img loading=\"lazy\" decoding=\"async\" class=\"alignnone size-full wp-image-14486\" src=\"https:\/\/fpvoleibol.pt\/fpv\/wp-content\/uploads\/2022\/04\/7sentidospt2.jpg\" alt=\"\" width=\"960\" height=\"642\" srcset=\"https:\/\/fpvoleibol.pt\/fpv\/wp-content\/uploads\/2022\/04\/7sentidospt2.jpg 960w, https:\/\/fpvoleibol.pt\/fpv\/wp-content\/uploads\/2022\/04\/7sentidospt2-300x201.jpg 300w, https:\/\/fpvoleibol.pt\/fpv\/wp-content\/uploads\/2022\/04\/7sentidospt2-768x514.jpg 768w\" sizes=\"auto, (max-width: 960px) 100vw, 960px\" \/><br \/>\n<span style=\"font-size: 8pt;\"><strong>Foto: <a href=\"https:\/\/7sentidos.pt\/2021\/05\/09\/venezuela-veio-vai-e-quer-voltar-a-cortegaca-para-jogar-voleibol-nas-areias-do-bucaquinho\/?fbclid=IwAR09AXX1WBfCIubFVIw6OtU62EDxsMCnrCFEtVkPTxG1iRXolq6M71PTkik\">7sentidos<\/a><\/strong><\/span><\/p>\n<p>Apesar da sua juventude, <strong>Jo\u00e3o Pedrosa <\/strong>e<strong> Hugo Campos<\/strong>, vice-campe\u00f5es nacionais, t\u00eam j\u00e1 um registo significativo nos \u00faltimos anos:<\/p>\n<p><span style=\"text-decoration: underline;\"><strong>2022<br \/>\n<\/strong>Beach Pro Tour (Itapema Challenge\/Brasil)<\/span> &#8211; 33.\u00ba lugar<br \/>\n<span style=\"text-decoration: underline;\">Beach Pro Tour (Tlaxcala Challenge\/M\u00e9xico) &#8211; 33.\u00ba lugar<br \/>\n<\/span><span style=\"text-decoration: underline;\"><strong>2021<br \/>\n<\/strong><\/span>World Tour 2* (Praga\/Rep. Checa) &#8211; 21.\u00ba lugar<span style=\"text-decoration: underline;\"><br \/>\nWorld Tour 1* (Cortega\u00e7a\/Portugal) &#8211; 2.\u00ba lugar<strong><br \/>\n<\/strong><\/span>World Tour 1* (S\u00f3fia 2\/Bulg\u00e1ria) &#8211; 2.\u00ba lugar<br \/>\nWorld Tour 1* (S\u00f3fia 1\/Bulg\u00e1ria) &#8211; 3.\u00ba lugar<br \/>\nEuropeu Sub-22 (Baden\/\u00c1ustria) &#8211; 9.\u00ba lugar<br \/>\nWorld Tour 4* (Ostrava\/Rep. Checa) &#8211; 41.\u00ba lugar<br \/>\n<span style=\"text-decoration: underline;\"><strong>2020<\/strong><\/span><br \/>\nEuropeu Sub-22 (Izmir\/Turquia) &#8211; 17.\u00ba lugar<br \/>\nWorld Tour 1* (Montpellier\/Fran\u00e7a) &#8211; 9.\u00ba lugar<br \/>\n<span style=\"text-decoration: underline;\"><strong>2019<\/strong><\/span><br \/>\nJogos do Mediterr\u00e2neo \u2013 5.\u00ba lugar<br \/>\nWorld Tour 1* (Knokke-Heist\/B\u00e9lgica) \u2013 21.\u00ba lugar<br \/>\nWorld Tour 4* (Espinho\/Portugal) \u2013 25.\u00ba lugar<br \/>\nEuropeu Sub-20 (Gotemburgo\/Su\u00e9cia) \u2013 17.\u00ba lugar<br \/>\n<span style=\"text-decoration: underline;\"><strong>2018<\/strong><\/span><br \/>\nTorneio WEVZA (Quarteira\/Portugal) \u2013 4.\u00ba lugar<br \/>\nEuropeu Sub-20 (Anapa\/R\u00fassia) \u2013 25.\u00ba lugar<br \/>\nEuropeu Sub-18 (Kazan\/R\u00fassia) \u2013 17.\u00ba lugar<br \/>\n<span style=\"text-decoration: underline;\"><strong>2017<\/strong><\/span><br \/>\nCEV Youth Continental Cup &#8211; 3.\u00ba lugar<\/p>\n<p style=\"text-align: center;\">Ver <strong>curr\u00edculo<\/strong> internacional de <a href=\"https:\/\/en.volleyballworld.com\/en\/beachvolleyball\/worldtour\/2021\/msfi2021\/men\/teams\/960755-pedrosa-campos\/joao_pedrosa?id=153921\"><strong>Jo\u00e3o Pedrosa aqui<\/strong> <\/a>e de <a href=\"https:\/\/en.volleyballworld.com\/en\/beachvolleyball\/worldtour\/2021\/msfi2021\/men\/teams\/960755-pedrosa-campos\/hugo_campos?id=164474\"><strong>Hugo Campos aqui<\/strong><\/a><\/p>\n<p>O <strong>\u00e1rbitro portugu\u00eas Rui Carvalho<\/strong> estar\u00e1 igualmente presente na etapa de Doha.<br \/>\nAinda em rela\u00e7\u00e3o \u00e0s provas do <span style=\"text-decoration: underline;\">FIVB Beach Pro Tour<\/span> em 2022,\u00a0<strong>Rui Carvalho<\/strong> arbitrar\u00e1 nas Etapas do FIVB Beach Pro Tour 2022 a disputar em Doha (Catar, 5 a 8 de Maio), Ostrava (Rep. Checa, 25 a 29 de Maio), Espinho (14 a 17 de\u00a0 Julho), Cape Town (\u00c1frica do Sul, 2 a 6 de Novembro) e Rio Janeiro (Brasil, 9 a 13 de Novembro). E ainda nos Campeonatos do Mundo\/Roma 2022 (10 a 19 de Junho) e nos Campeonatos da Europa\/Munique 2022 \u2013 equipa de arbitragem do Voleibol de Praia, de 15 a 21 de Agosto de 2022, na Alemanha.<br \/>\nPor seu turno,\u00a0<strong>Sandra Deveza<\/strong> far\u00e1 parte da equipa de arbitragem nas Etapas do FIVB Beach Pro Tour 2022 a disputar em Gstaad (Su\u00ed\u00e7a, 6 a 10 de Julho) e Espinho (14 a 17 de Julho). E ainda nos Campeonatos da Europa de Sub-22 \u2013 em Vlissingen e Werkendam (Pa\u00edses Baixos), de 9 a 12 de Junho de 2022.<br \/>\nMaria Michelle Ferreira e S\u00e9rgio Pereira v\u00e3o integrar a equipa de arbitragem do <span style=\"text-decoration: underline;\">FIVB Beach Pro Tour Challenge de Espinho<\/span> (14 a 17 de Julho).<\/p>\n<p>*Recorde-se que a Federa\u00e7\u00e3o Internacional de Voleibol (FIVB) e a Confedera\u00e7\u00e3o Europeia de Voleibol (CEV) confirmaram a realiza\u00e7\u00e3o em Portugal \u2013 em Espinho e Cortega\u00e7a \u2013 de duas etapas do Volleyball World Beach Pro Tour em 2022: o <strong>Beach Pro Tour Challenge de Espinho<\/strong>, de 14 a 17 de Julho, e o <strong>Beach Pro Tour Future em Cortega\u00e7a<\/strong>, nos dias 11 a 14 de Agosto de 2022.<\/p>\n","protected":false},"excerpt":{"rendered":"<p>A dupla de Voleibol de Praia portuguesa Jo\u00e3o Pedrosa\/Hugo Campos vai defrontar amanh\u00e3 a dupla da casa Assam Ahmed Mahmoud\/Saifeddine Elmajid, 9.\u00aa classificada nos Campeonatos Asi\u00e1ticos de 2021, no primeiro [&hellip;]<\/p>\n","protected":false},"author":2,"featured_media":6236,"comment_status":"open","ping_status":"open","sticky":false,"template":"","format":"standard","meta":{"_monsterinsights_skip_tracking":false,"_monsterinsights_sitenote_active":false,"_monsterinsights_sitenote_note":"","_monsterinsights_sitenote_category":0,"footnotes":""},"categories":[9],"tags":[47,42],"class_list":{"0":"post-15119","1":"post","2":"type-post","3":"status-publish","4":"format-standard","5":"has-post-thumbnail","7":"category-voleibol-de-praia","8":"tag-epoca-2021-2022","9":"tag-world-tour","10":"czr-hentry"},"aioseo_notices":[],"_links":{"self":[{"href":"https:\/\/fpvoleibol.pt\/fpv\/wp-json\/wp\/v2\/posts\/15119","targetHints":{"allow":["GET"]}}],"collection":[{"href":"https:\/\/fpvoleibol.pt\/fpv\/wp-json\/wp\/v2\/posts"}],"about":[{"href":"https:\/\/fpvoleibol.pt\/fpv\/wp-json\/wp\/v2\/types\/post"}],"author":[{"embeddable":true,"href":"https:\/\/fpvoleibol.pt\/fpv\/wp-json\/wp\/v2\/users\/2"}],"replies":[{"embeddable":true,"href":"https:\/\/fpvoleibol.pt\/fpv\/wp-json\/wp\/v2\/comments?post=15119"}],"version-history":[{"count":5,"href":"https:\/\/fpvoleibol.pt\/fpv\/wp-json\/wp\/v2\/posts\/15119\/revisions"}],"predecessor-version":[{"id":15124,"href":"https:\/\/fpvoleibol.pt\/fpv\/wp-json\/wp\/v2\/posts\/15119\/revisions\/15124"}],"wp:featuredmedia":[{"embeddable":true,"href":"https:\/\/fpvoleibol.pt\/fpv\/wp-json\/wp\/v2\/media\/6236"}],"wp:attachment":[{"href":"https:\/\/fpvoleibol.pt\/fpv\/wp-json\/wp\/v2\/media?parent=15119"}],"wp:term":[{"taxonomy":"category","embeddable":true,"href":"https:\/\/fpvoleibol.pt\/fpv\/wp-json\/wp\/v2\/categories?post=15119"},{"taxonomy":"post_tag","embeddable":true,"href":"https:\/\/fpvoleibol.pt\/fpv\/wp-json\/wp\/v2\/tags?post=15119"}],"curies":[{"name":"wp","href":"https:\/\/api.w.org\/{rel}","templated":true}]}}