{"id":14967,"date":"2022-04-22T19:48:52","date_gmt":"2022-04-22T19:48:52","guid":{"rendered":"https:\/\/fpvoleibol.pt\/fpv\/?p=14967"},"modified":"2022-04-22T19:48:52","modified_gmt":"2022-04-22T19:48:52","slug":"europeus-de-sub-17-e-sub-18","status":"publish","type":"post","link":"https:\/\/fpvoleibol.pt\/fpv\/2022\/04\/22\/europeus-de-sub-17-e-sub-18\/","title":{"rendered":"EUROPEUS DE SUB-17 E SUB-18"},"content":{"rendered":"<p><span style=\"font-family: arial, helvetica, sans-serif; font-size: 12pt;\"><span style=\"font-family: georgia, palatino, serif;\"><img loading=\"lazy\" decoding=\"async\" class=\"size-full wp-image-14972 aligncenter\" src=\"https:\/\/fpvoleibol.pt\/fpv\/wp-content\/uploads\/2022\/04\/porxgreu17.jpg\" alt=\"\" width=\"960\" height=\"570\" srcset=\"https:\/\/fpvoleibol.pt\/fpv\/wp-content\/uploads\/2022\/04\/porxgreu17.jpg 960w, https:\/\/fpvoleibol.pt\/fpv\/wp-content\/uploads\/2022\/04\/porxgreu17-300x178.jpg 300w, https:\/\/fpvoleibol.pt\/fpv\/wp-content\/uploads\/2022\/04\/porxgreu17-768x456.jpg 768w\" sizes=\"auto, (max-width: 960px) 100vw, 960px\" \/>A <\/span><\/span><span style=\"font-family: georgia, palatino, serif;\"><span style=\"font-size: 12pt;\"><a style=\"color: #c39b19;\" href=\"https:\/\/fpvoleibol.pt\/fpv\/2022\/01\/09\/2-a-fase-do-europeu-sub-17-em-abril\/\"><strong>Selec\u00e7\u00e3o Nacional de Sub-17 Femininos<\/strong><\/a> defronta amanh\u00e3 os Pa\u00edses Baixos, pa\u00eds anfitri\u00e3o \u2013 de <a href=\"https:\/\/www.cev.eu\/national-team\/age-group-championships\/u17w\/#2nd-round\">22 a 24 de Abril<\/a> \u2013 d<\/span><span style=\"font-size: 12pt;\">a <a href=\"https:\/\/www.cev.eu\/national-team\/age-group-championships\/u17w\/#2nd-round\">Pool D<\/a>* na <strong>2.\u00aa Ronda de<\/strong> <b>Qualifica\u00e7\u00e3o para o Campeonato da Europa<\/b> da categoria.<\/span><\/span><\/p>\n<p><span style=\"font-family: georgia, palatino, serif;\"><span style=\"font-size: 12pt;\">Na cidade de Arnhem, a <\/span><span style=\"font-size: 12pt;\">selec\u00e7\u00e3o orientada por <strong>Rui Pedro Silva <\/strong><\/span><span style=\"font-size: 12pt;\">defronta, sucessivamente, a Gr\u00e9cia (<a href=\"https:\/\/www-old.cev.eu\/Competition-Area\/MatchStatistics.aspx?ID=61251\">2-3<\/a>), os Pa\u00edses Baixos e a Ge\u00f3rgia. Ver resultados <a href=\"https:\/\/www.cev.eu\/national-team\/age-group-championships\/u17w\/#2nd-round\">AQUI<\/a><\/span><\/span><\/p>\n<p>Nos jogos de hoje, as portuguesas bateram-se at\u00e9 ao fim com as gregas, s\u00f3 cedendo no quinto set: <a href=\"https:\/\/www-old.cev.eu\/Competition-Area\/MatchStatistics.aspx?ID=61251\">2-3 (22-25, 25-21, 15-25, 25-21 e 12-15)<\/a>.\u00a0 Maria Leonor Coelho, com 13 pontos, foi a melhor pontuadora do jogo.<br \/>\nPor seu turno, os Pa\u00edses Baixos venceram pela margem m\u00e1xima (3-0: 25-13, 25-16 e 25-16) a Ge\u00f3rgia.<\/p>\n<p>*Teodemiro Carvalho, Secret\u00e1rio-Geral da FPV, \u00e9 o Supervisor CEV na Pool B de Qualifica\u00e7\u00e3o para o Campeonato da Europa de Sub-17 Femininos, S\u00f3fia, na Bulg\u00e1ria.<\/p>\n<p style=\"text-align: left;\"><span style=\"text-decoration: underline;\"><strong>Calend\u00e1rio de jogos (horas locais)<\/strong><\/span><br \/>\n<strong>National Sportcentre Papendal\/Multihal<\/strong><\/p>\n<p style=\"text-align: left;\"><strong><span style=\"text-decoration: underline;\">22.abril.2022<\/span><br \/>\n<\/strong><strong>16h00<\/strong> \u2013 Ge\u00f3rgia x Pa\u00edses Baixos<br \/>\n<strong>19h00<\/strong> \u2013 Gr\u00e9cia x PORTUGAL<\/p>\n<p style=\"text-align: left;\"><span style=\"text-decoration: underline;\"><strong>23.abril.2022<\/strong><\/span><br \/>\n<strong>16h00<\/strong> \u2013 Pa\u00edses Baixos x PORTUGAL<br \/>\n<strong>19h00<\/strong> \u2013 Ge\u00f3rgia x Gr\u00e9cia<\/p>\n<p style=\"text-align: left;\"><span style=\"text-decoration: underline;\"><strong>24.abril.2022<\/strong><\/span><br \/>\n<strong>16h00<\/strong> \u2013 Pa\u00edses Baixos x Gr\u00e9cia<br \/>\n<strong>19h00<\/strong> \u2013 PORTUGAL x Ge\u00f3rgia<\/p>\n<p style=\"text-align: center;\"><span style=\"text-decoration: underline; font-family: georgia, palatino, serif; font-size: 12pt;\"><strong>Comitiva para <span style=\"font-size: 12pt;\">Arnhem<\/span><\/strong><\/span><\/p>\n<p style=\"text-align: center;\"><span style=\"font-family: georgia, palatino, serif; font-size: 12pt;\"><b>AA Jos\u00e9 Moreira<\/b><br \/>\nMaria Jo\u00e3o Peres<br \/>\nMariana Marques<\/span><\/p>\n<p style=\"text-align: center;\"><span style=\"font-family: georgia, palatino, serif;\"><strong>Ala Nun&#8217;\u00c1lvares de Gondomar<\/strong><\/span><br \/>\n<span style=\"font-family: georgia, palatino, serif;\">Ana Garrido<\/span><\/p>\n<p style=\"text-align: center;\"><span style=\"font-family: georgia, palatino, serif;\"><strong>Boavista FC<\/strong><\/span><br \/>\n<span style=\"font-family: georgia, palatino, serif;\">Rita Ben\u00eddio<\/span><\/p>\n<p style=\"text-align: center;\"><span style=\"font-family: georgia, palatino, serif;\"><strong>Cast\u00ealo da Maia GC<\/strong><\/span><br \/>\n<span style=\"font-family: georgia, palatino, serif;\">In\u00eas Sol Campos<\/span><br \/>\n<span style=\"font-family: georgia, palatino, serif;\">Luna Nunes<\/span><\/p>\n<p style=\"text-align: center;\"><span style=\"font-family: georgia, palatino, serif;\"><strong>Cascais Volley4All<\/strong><\/span><br \/>\n<span style=\"font-family: georgia, palatino, serif;\">Matilde Ferreira<\/span><\/p>\n<p style=\"text-align: center;\"><span style=\"font-family: georgia, palatino, serif;\"><strong>CVA Madeira Torres<\/strong><\/span><br \/>\n<span style=\"font-family: georgia, palatino, serif;\">Marta Aleixo<\/span><\/p>\n<p style=\"text-align: center;\"><span style=\"font-family: georgia, palatino, serif;\"><strong>Frei Gil VC<\/strong><\/span><br \/>\n<span style=\"font-family: georgia, palatino, serif;\">Lara Lobo Carvalho<\/span><\/p>\n<p style=\"text-align: center;\"><span style=\"font-family: georgia, palatino, serif;\"><strong>Leix\u00f5es SC<\/strong><\/span><br \/>\n<span style=\"font-family: georgia, palatino, serif;\">Beatriz Cerveira<\/span><\/p>\n<p style=\"text-align: center;\"><span style=\"font-family: georgia, palatino, serif;\"><strong>SC Braga<\/strong><\/span><br \/>\n<span style=\"font-family: georgia, palatino, serif;\">Maria Leonor Coelho<\/span><\/p>\n<p style=\"text-align: center;\"><span style=\"font-family: georgia, palatino, serif;\"><strong>SC Espinho<\/strong><\/span><br \/>\n<span style=\"font-family: georgia, palatino, serif;\">Martina Ribeiro<\/span><\/p>\n<p style=\"text-align: center;\"><strong>Team Manager<\/strong>: Arnaldo Rocha<br \/>\n<strong>Treinador Principal<\/strong>: Rui Pedro Silva<br \/>\n<strong>Treinadora Adjunta<\/strong>: Ana Beatriz Santos<br \/>\n<strong>Treinador Adjunto<\/strong>: Guilherme Monteiro<br \/>\n<strong>Fisioterapeuta<\/strong>: Ana Carolina Costa<\/p>\n<p><img loading=\"lazy\" decoding=\"async\" class=\"size-full wp-image-14971 aligncenter\" src=\"https:\/\/fpvoleibol.pt\/fpv\/wp-content\/uploads\/2022\/04\/u18porxisr_d.jpg\" alt=\"\" width=\"960\" height=\"640\" srcset=\"https:\/\/fpvoleibol.pt\/fpv\/wp-content\/uploads\/2022\/04\/u18porxisr_d.jpg 960w, https:\/\/fpvoleibol.pt\/fpv\/wp-content\/uploads\/2022\/04\/u18porxisr_d-300x200.jpg 300w, https:\/\/fpvoleibol.pt\/fpv\/wp-content\/uploads\/2022\/04\/u18porxisr_d-768x512.jpg 768w\" sizes=\"auto, (max-width: 960px) 100vw, 960px\" \/><\/p>\n<p>Em masculinos, a<span style=\"font-family: Arial,sans-serif;\"><span style=\"font-family: georgia, palatino, serif;\">\u00a0<a href=\"https:\/\/fpvoleibol.pt\/fpv\/2022\/01\/09\/europeu-de-sub-18-masculinos-2\/\"><strong>Selec\u00e7\u00e3o Nacional de Sub-18 Masculinos<\/strong><\/a><\/span><\/span><span style=\"font-family: georgia, palatino, serif;\">, orientada por <strong>Nuno Pereira<\/strong>, defronta amanh\u00e3\u00a0 a sua cong\u00e9nere romena no \u00faltimo dia de competi\u00e7\u00e3o da <strong>Pool E da 2.\u00aa Ronda de<\/strong> <b>Qualifica\u00e7\u00e3o para o Campeonato da Europa<\/b> da categoria, a decorrer at\u00e9 s\u00e1bado no Wingate Institute de Netanya, em Israel<b>.<\/b><\/span><\/p>\n<p><span style=\"font-family: georgia, palatino, serif;\">Nos jogos de hoje, a Rep\u00fablica Checa venceu a Rom\u00e9nia por 3-1 (28-26, 25-22, 20-25 e 25-17) e Israel derrotou Portugal por <a href=\"https:\/\/www-old.cev.eu\/Competition-Area\/MatchStatistics.aspx?ID=61185\">3-0 (25-11, 25-16 e 25-12)<\/a>. <\/span><\/p>\n<p><span style=\"font-family: georgia, palatino, serif;\">Ver resultados e classifica\u00e7\u00e3o <a href=\"https:\/\/www.cev.eu\/national-team\/age-group-championships\/u18m\/#2nd-round\">AQUI<\/a><\/span><\/p>\n<p style=\"font-weight: 400; text-align: center;\"><span style=\"text-decoration: underline;\"><strong>Comitiva para Israel<\/strong><\/span><\/p>\n<p><strong>AA Espinho<br \/>\n<\/strong>Jorge Marques<\/p>\n<p><strong>AA S. Mamede<br \/>\n<\/strong>Manuel Catarino<br \/>\nMiguel Morais Pereira<\/p>\n<p><strong>Esmoriz GC<br \/>\n<\/strong>Gustavo Sousa<br \/>\nPedro Morais Santos<br \/>\nRafael Pinto<\/p>\n<p><strong>GC S. Tirso<br \/>\n<\/strong>Diogo Fevereiro<\/p>\n<p><strong>GC Vilacondense<br \/>\n<\/strong>Miguel Marques<\/p>\n<p><strong>Leix\u00f5es SC<br \/>\n<\/strong>Tiago Gra\u00e7a<\/p>\n<p><strong>SC Espinho<br \/>\n<\/strong>Miguel Pedrosa<\/p>\n<p><strong>VC Viana<br \/>\n<\/strong>Jo\u00e3o Salgueiro<br \/>\nJos\u00e9 Rafael Oliveira<\/p>\n<p><strong>Team Manager<\/strong>: Manuel Silva.<br \/>\n<strong>Treinador Principal<\/strong>: Nuno Pereira.<br \/>\n<strong>Treinador Adjunto<\/strong>: Leandro Antunes.<br \/>\n<strong>Scouter<\/strong>: Diogo Rosa.<br \/>\n<strong>Fisioterapeuta<\/strong>: F\u00e1bio Goncalves.<\/p>\n<p style=\"text-align: center;\"><span style=\"font-family: georgia, palatino, serif; font-size: 12pt;\">Mais informa\u00e7\u00f5es na <a href=\"https:\/\/www.cev.eu\/\">CEV<\/a> e <a href=\"http:\/\/www.wevza.com\">WEVZA<\/a><\/span><\/p>\n","protected":false},"excerpt":{"rendered":"<p>A Selec\u00e7\u00e3o Nacional de Sub-17 Femininos defronta amanh\u00e3 os Pa\u00edses Baixos, pa\u00eds anfitri\u00e3o \u2013 de 22 a 24 de Abril \u2013 da Pool D* na 2.\u00aa Ronda de Qualifica\u00e7\u00e3o para [&hellip;]<\/p>\n","protected":false},"author":2,"featured_media":14970,"comment_status":"open","ping_status":"open","sticky":false,"template":"","format":"standard","meta":{"_monsterinsights_skip_tracking":false,"_monsterinsights_sitenote_active":false,"_monsterinsights_sitenote_note":"","_monsterinsights_sitenote_category":0,"footnotes":""},"categories":[8],"tags":[47,34,61],"class_list":{"0":"post-14967","1":"post","2":"type-post","3":"status-publish","4":"format-standard","5":"has-post-thumbnail","7":"category-voleibol","8":"tag-epoca-2021-2022","9":"tag-sub-17","10":"tag-sub-18","11":"czr-hentry"},"aioseo_notices":[],"_links":{"self":[{"href":"https:\/\/fpvoleibol.pt\/fpv\/wp-json\/wp\/v2\/posts\/14967","targetHints":{"allow":["GET"]}}],"collection":[{"href":"https:\/\/fpvoleibol.pt\/fpv\/wp-json\/wp\/v2\/posts"}],"about":[{"href":"https:\/\/fpvoleibol.pt\/fpv\/wp-json\/wp\/v2\/types\/post"}],"author":[{"embeddable":true,"href":"https:\/\/fpvoleibol.pt\/fpv\/wp-json\/wp\/v2\/users\/2"}],"replies":[{"embeddable":true,"href":"https:\/\/fpvoleibol.pt\/fpv\/wp-json\/wp\/v2\/comments?post=14967"}],"version-history":[{"count":7,"href":"https:\/\/fpvoleibol.pt\/fpv\/wp-json\/wp\/v2\/posts\/14967\/revisions"}],"predecessor-version":[{"id":14977,"href":"https:\/\/fpvoleibol.pt\/fpv\/wp-json\/wp\/v2\/posts\/14967\/revisions\/14977"}],"wp:featuredmedia":[{"embeddable":true,"href":"https:\/\/fpvoleibol.pt\/fpv\/wp-json\/wp\/v2\/media\/14970"}],"wp:attachment":[{"href":"https:\/\/fpvoleibol.pt\/fpv\/wp-json\/wp\/v2\/media?parent=14967"}],"wp:term":[{"taxonomy":"category","embeddable":true,"href":"https:\/\/fpvoleibol.pt\/fpv\/wp-json\/wp\/v2\/categories?post=14967"},{"taxonomy":"post_tag","embeddable":true,"href":"https:\/\/fpvoleibol.pt\/fpv\/wp-json\/wp\/v2\/tags?post=14967"}],"curies":[{"name":"wp","href":"https:\/\/api.w.org\/{rel}","templated":true}]}}