{"id":14844,"date":"2022-04-19T16:40:22","date_gmt":"2022-04-19T16:40:22","guid":{"rendered":"https:\/\/fpvoleibol.pt\/fpv\/?p=14844"},"modified":"2022-04-19T16:40:22","modified_gmt":"2022-04-19T16:40:22","slug":"curso-de-treinadores-grau-ii-no-porto","status":"publish","type":"post","link":"https:\/\/fpvoleibol.pt\/fpv\/2022\/04\/19\/curso-de-treinadores-grau-ii-no-porto\/","title":{"rendered":"CURSO DE TREINADORES \u2013 GRAU II NO PORTO"},"content":{"rendered":"<p><img loading=\"lazy\" decoding=\"async\" class=\"size-full wp-image-14392 aligncenter\" src=\"https:\/\/fpvoleibol.pt\/fpv\/wp-content\/uploads\/2022\/03\/formacao_voleibol_d.jpg\" alt=\"\" width=\"960\" height=\"541\" srcset=\"https:\/\/fpvoleibol.pt\/fpv\/wp-content\/uploads\/2022\/03\/formacao_voleibol_d.jpg 960w, https:\/\/fpvoleibol.pt\/fpv\/wp-content\/uploads\/2022\/03\/formacao_voleibol_d-300x169.jpg 300w, https:\/\/fpvoleibol.pt\/fpv\/wp-content\/uploads\/2022\/03\/formacao_voleibol_d-768x433.jpg 768w, https:\/\/fpvoleibol.pt\/fpv\/wp-content\/uploads\/2022\/03\/formacao_voleibol_d-528x297.jpg 528w\" sizes=\"auto, (max-width: 960px) 100vw, 960px\" \/>No \u00e2mbito do <strong>Programa Nacional de Forma\u00e7\u00e3o de Treinadores<\/strong>, a Federa\u00e7\u00e3o Portuguesa de Voleibol (FPV) vai realizar, de <span style=\"text-decoration: underline;\">18 de Maio a 26 de Junho<\/span>, mais um curso para treinadores, no caso concreto um <strong>Curso de Treinadores de Grau II<\/strong> na \u00c1rea Metropolitana do Porto, Zona Norte e com abertura \u00e0 Zona Centro\/Coimbra, cujo per\u00edodo de inscri\u00e7\u00e3o se encontra aberto at\u00e9 ao dia 30 de Abril (s\u00e1bado).<\/p>\n<p>Ainda devido \u00e0 Covid-19, o curso realizar-se-\u00e1 em duas partes distintas:<br \/>\n. A 1.\u00aa parte ser\u00e1 te\u00f3rica (com um limite de 30 participantes por curso) e efectuada na totalidade por videoconfer\u00eancia, atrav\u00e9s da plataforma Zoom;<br \/>\n. A 2.\u00aa parte, a realizar no Porto, ser\u00e1 pr\u00e1tica, presencial e de avalia\u00e7\u00e3o.<\/p>\n<p>Os locais de realiza\u00e7\u00e3o da parte pr\u00e1tica ser\u00e3o a <a href=\"https:\/\/sigarra.up.pt\/fadeup\/pt\/web_page.inicial\">Faculdade de Desporto da Universidade do Porto (FADEUP)<\/a> e a <a href=\"https:\/\/aecarolinamichaelis.pt\/aecm3\/index.php\/orgaos\/escolas2\/escola-secundaria-carolina-michaelis\">Escola Secund\u00e1ria Carolina Michaelis<\/a> (ver hor\u00e1rio).<\/p>\n<p><img loading=\"lazy\" decoding=\"async\" class=\"size-full wp-image-14845 aligncenter\" src=\"https:\/\/fpvoleibol.pt\/fpv\/wp-content\/uploads\/2022\/04\/cursograuii.jpg\" alt=\"\" width=\"960\" height=\"315\" srcset=\"https:\/\/fpvoleibol.pt\/fpv\/wp-content\/uploads\/2022\/04\/cursograuii.jpg 960w, https:\/\/fpvoleibol.pt\/fpv\/wp-content\/uploads\/2022\/04\/cursograuii-300x98.jpg 300w, https:\/\/fpvoleibol.pt\/fpv\/wp-content\/uploads\/2022\/04\/cursograuii-768x252.jpg 768w\" sizes=\"auto, (max-width: 960px) 100vw, 960px\" \/><\/p>\n<p style=\"text-align: center;\">O <span style=\"text-decoration: underline;\">programa do curso e toda a informa\u00e7\u00e3o necess\u00e1ria para formular a inscri\u00e7\u00e3o<\/span> podem ser consultados em<a href=\"https:\/\/fpvoleibol.pt\/fpv\/formacao\/cursos-de-voleibol-2022\"> https:\/\/fpvoleibol.pt\/fpv\/formacao\/cursos-de-voleibol-2022<\/a><\/p>\n<p><a href=\"https:\/\/fpvoleibol.pt\/fpv\/formacao\/cursos-de-voleibol-2022\"><img loading=\"lazy\" decoding=\"async\" class=\"size-full wp-image-8853 aligncenter\" src=\"https:\/\/fpvoleibol.pt\/fpv\/wp-content\/uploads\/2021\/08\/curso_voleibol2021_d.jpg\" alt=\"\" width=\"960\" height=\"540\" srcset=\"https:\/\/fpvoleibol.pt\/fpv\/wp-content\/uploads\/2021\/08\/curso_voleibol2021_d.jpg 960w, https:\/\/fpvoleibol.pt\/fpv\/wp-content\/uploads\/2021\/08\/curso_voleibol2021_d-300x169.jpg 300w, https:\/\/fpvoleibol.pt\/fpv\/wp-content\/uploads\/2021\/08\/curso_voleibol2021_d-768x432.jpg 768w, https:\/\/fpvoleibol.pt\/fpv\/wp-content\/uploads\/2021\/08\/curso_voleibol2021_d-528x297.jpg 528w\" sizes=\"auto, (max-width: 960px) 100vw, 960px\" \/><\/a><\/p>\n","protected":false},"excerpt":{"rendered":"<p>No \u00e2mbito do Programa Nacional de Forma\u00e7\u00e3o de Treinadores, a Federa\u00e7\u00e3o Portuguesa de Voleibol (FPV) vai realizar, de 18 de Maio a 26 de Junho, mais um curso para treinadores, [&hellip;]<\/p>\n","protected":false},"author":2,"featured_media":14381,"comment_status":"open","ping_status":"open","sticky":false,"template":"","format":"standard","meta":{"_monsterinsights_skip_tracking":false,"_monsterinsights_sitenote_active":false,"_monsterinsights_sitenote_note":"","_monsterinsights_sitenote_category":0,"footnotes":""},"categories":[11,8],"tags":[47],"class_list":{"0":"post-14844","1":"post","2":"type-post","3":"status-publish","4":"format-standard","5":"has-post-thumbnail","7":"category-formacao","8":"category-voleibol","9":"tag-epoca-2021-2022","10":"czr-hentry"},"aioseo_notices":[],"_links":{"self":[{"href":"https:\/\/fpvoleibol.pt\/fpv\/wp-json\/wp\/v2\/posts\/14844","targetHints":{"allow":["GET"]}}],"collection":[{"href":"https:\/\/fpvoleibol.pt\/fpv\/wp-json\/wp\/v2\/posts"}],"about":[{"href":"https:\/\/fpvoleibol.pt\/fpv\/wp-json\/wp\/v2\/types\/post"}],"author":[{"embeddable":true,"href":"https:\/\/fpvoleibol.pt\/fpv\/wp-json\/wp\/v2\/users\/2"}],"replies":[{"embeddable":true,"href":"https:\/\/fpvoleibol.pt\/fpv\/wp-json\/wp\/v2\/comments?post=14844"}],"version-history":[{"count":3,"href":"https:\/\/fpvoleibol.pt\/fpv\/wp-json\/wp\/v2\/posts\/14844\/revisions"}],"predecessor-version":[{"id":23741,"href":"https:\/\/fpvoleibol.pt\/fpv\/wp-json\/wp\/v2\/posts\/14844\/revisions\/23741"}],"wp:featuredmedia":[{"embeddable":true,"href":"https:\/\/fpvoleibol.pt\/fpv\/wp-json\/wp\/v2\/media\/14381"}],"wp:attachment":[{"href":"https:\/\/fpvoleibol.pt\/fpv\/wp-json\/wp\/v2\/media?parent=14844"}],"wp:term":[{"taxonomy":"category","embeddable":true,"href":"https:\/\/fpvoleibol.pt\/fpv\/wp-json\/wp\/v2\/categories?post=14844"},{"taxonomy":"post_tag","embeddable":true,"href":"https:\/\/fpvoleibol.pt\/fpv\/wp-json\/wp\/v2\/tags?post=14844"}],"curies":[{"name":"wp","href":"https:\/\/api.w.org\/{rel}","templated":true}]}}