{"id":14831,"date":"2022-04-19T15:51:52","date_gmt":"2022-04-19T15:51:52","guid":{"rendered":"https:\/\/fpvoleibol.pt\/fpv\/?p=14831"},"modified":"2022-04-20T09:24:22","modified_gmt":"2022-04-20T09:24:22","slug":"portugueses-no-mundo-51","status":"publish","type":"post","link":"https:\/\/fpvoleibol.pt\/fpv\/2022\/04\/19\/portugueses-no-mundo-51\/","title":{"rendered":"PORTUGUESES NO MUNDO"},"content":{"rendered":"<p style=\"text-align: center;\"><img loading=\"lazy\" decoding=\"async\" class=\"size-full wp-image-14838 aligncenter\" src=\"https:\/\/fpvoleibol.pt\/fpv\/wp-content\/uploads\/2022\/04\/Lou_snazaire_d.jpg\" alt=\"\" width=\"960\" height=\"551\" srcset=\"https:\/\/fpvoleibol.pt\/fpv\/wp-content\/uploads\/2022\/04\/Lou_snazaire_d.jpg 960w, https:\/\/fpvoleibol.pt\/fpv\/wp-content\/uploads\/2022\/04\/Lou_snazaire_d-300x172.jpg 300w, https:\/\/fpvoleibol.pt\/fpv\/wp-content\/uploads\/2022\/04\/Lou_snazaire_d-768x441.jpg 768w\" sizes=\"auto, (max-width: 960px) 100vw, 960px\" \/><strong><span style=\"font-size: 8pt;\">Foto: <a href=\"https:\/\/www.facebook.com\/snvba\/\">SNVBA<\/a><\/span><\/strong><\/p>\n<p style=\"text-align: left;\">O <span style=\"text-decoration: underline;\">Saint-Nazaire VB Atlantique<\/span>, de <strong>Louren\u00e7o Martins<\/strong>, come\u00e7a amanh\u00e3 a disputar em <em>casa<\/em> o Playoff das meias-finais da <strong><a href=\"https:\/\/www.lnv.fr\/competitions\/ligue-b-masculine\">Ligue B<\/a><\/strong> francesa com o Saint-Jen D&#8217; Illac. O segundo jogo est\u00e1 agendado para o pr\u00f3ximo domingo.<br \/>\nNos quartos-de-final, a equipa do zona 4 portugu\u00eas superou, com aparente facilidade (duplo 3-0), o Rennes, enquanto o Saint-Jen D&#8217; Illac s\u00f3 venceu pela margem m\u00ednima (3-2) o jogo de desempate com o Fr\u00e9jus.<br \/>\nA outra meia-final est\u00e1 agendada para as mesmas datas e op\u00f5e o Grand Nancy e o Saint-Quentin.<br \/>\nPor seu turno, o <span style=\"text-decoration: underline;\">AS Cannes<\/span>, de <strong>Filip Cveticanin<\/strong>, que terminou em 13.\u00ba e \u00faltimo lugar a fase regular da <a href=\"https:\/\/www.lnv.fr\">Ligue A<\/a>, perdeu (<a href=\"https:\/\/datavolley.lnv.fr\/2021\/DataVolley\/Men\/DAZ007-2022.pdf\">1-3: 17-25, 18-25, 26-24 e 20-25<\/a>) no recinto do Cambrai e, como\u00a0a classifica\u00e7\u00e3o comporta pontos da fase regular, continua a ocupar a \u00faltima posi\u00e7\u00e3o nos Play-offs de manuten\u00e7\u00e3o no escal\u00e3o principal.<\/p>\n<p>Na Pol\u00f3nia, o <span style=\"text-decoration: underline;\">Aluron CMC Warta Zawiercie<\/span>, de <strong>Miguel Tavares Rodrigues<\/strong>, que ficou no 4.\u00ba lugar na fase regular da <a style=\"color: #c39b19;\" href=\"https:\/\/www.plusliga.pl\/table.html\">PlusLiga<\/a>, eliminou (duplo 3-1) o Asseco Resovia Rzeszow, 5.\u00ba classificado na fase regular, nos Playoffs dos quartos-de-final da competi\u00e7\u00e3o e vai agora enfrentar o Grupa Azoty ZAKSA Kedzierzyn-Kozle, campe\u00e3o (europeu) em t\u00edtulo, nas meias-finais.<br \/>\nIgualmente na Pol\u00f3nia, mas na <a href=\"https:\/\/www.tauron1liga.pl\/\">Tauron 1.Liga<\/a>, o <span style=\"text-decoration: underline;\">Chemeko-System Gwardia Wroclaw<\/span>, de <strong>Marco Ferreira<\/strong>, vai discutir com o KPS Siedlce o 5.\u00ba lugar final no campeonato.<br \/>\nOs jogos est\u00e3o agendados para os dias 21 (fora) e 24 de Abril (casa). Em caso de empate em vit\u00f3rias, ser\u00e1 disputado um <em>Golden Set<\/em>.<\/p>\n<p style=\"text-align: left;\">Em It\u00e1lia, o Tenaglia Altino Volley, de <strong>J\u00falia Kavalenka<\/strong>, perdeu na 5.\u00aa jornada da <a href=\"https:\/\/www.legavolleyfemminile.it\/?page_id=320&amp;anno=2021&amp;idcamp=710274\">Pool A2 Salvezza<\/a> (Manuten\u00e7\u00e3o), fora, por <a href=\"https:\/\/www.legavolleyfemminile.it\/?page_id=47322&amp;idgara=745146\">2-3 (25-21, 21-25, 21-25, 25-19 e 13-15)<\/a>, com o EGEA PVT Modica.<br \/>\nA oposta portuguesa cotou-se mais uma vez como a melhor pontuadora do jogo ao contabilizar <span style=\"text-decoration: underline;\">27 pontos (24 ataques e 3 blocos)<\/span>.<br \/>\nNo dia 23 de Abril, o Altino Volley visita o Club Italia Crai.<\/p>\n<p style=\"text-align: center;\"><img loading=\"lazy\" decoding=\"async\" class=\"alignnone size-full wp-image-14839\" src=\"https:\/\/fpvoleibol.pt\/fpv\/wp-content\/uploads\/2022\/04\/Altino_Volley-Federica_Roselli_d.jpg\" alt=\"\" width=\"960\" height=\"638\" srcset=\"https:\/\/fpvoleibol.pt\/fpv\/wp-content\/uploads\/2022\/04\/Altino_Volley-Federica_Roselli_d.jpg 960w, https:\/\/fpvoleibol.pt\/fpv\/wp-content\/uploads\/2022\/04\/Altino_Volley-Federica_Roselli_d-300x199.jpg 300w, https:\/\/fpvoleibol.pt\/fpv\/wp-content\/uploads\/2022\/04\/Altino_Volley-Federica_Roselli_d-768x510.jpg 768w\" sizes=\"auto, (max-width: 960px) 100vw, 960px\" \/><br \/>\n<strong><span style=\"font-size: 8pt;\">Foto: Altino_Volley\/<a href=\"https:\/\/www.facebook.com\/federicarosellifotografa\">Federica_Roselli<\/a><\/span><\/strong><\/p>\n<p class=\"auto-style1\" style=\"text-align: center;\"><span style=\"text-decoration: underline;\">Atletas \/ t\u00e9cnicos que actuam no estrangeiro e\/ou com<b> *inscri\u00e7\u00e3o iniciada em 2021\/2022<\/b>:<\/span><\/p>\n<p><a href=\"http:\/\/www.wooricardwibee.com\/main\/main.asp\" target=\"_blank\" rel=\"noopener noreferrer\">Woori Card Wibee (Coreia do Sul)<\/a> \u2013 Alexandre Ferreira<br \/>\n<a href=\"http:\/\/www.plusliga.pl\/en\/teams\/id\/30288.html\" target=\"_blank\" rel=\"noopener noreferrer\">Aluron Warta Zawiercie (Pol\u00f3nia)<\/a> \u2013 Miguel Tavares Rodrigues<br \/>\n<a href=\"https:\/\/www.facebook.com\/gwardiawroc\">Chemeko\u2013System Gwardia Wroclaw (Pol\u00f3nia)<\/a> \u2013 Marco Ferreira<br \/>\n<a href=\"https:\/\/www.usc-muenster.de\/\">USC Munster (Alemanha)<\/a> \u2013 Marta Hurst<br \/>\n<a href=\"https:\/\/www.ascannesvolley.com\/\">AS Cannes (Fran\u00e7a)<\/a> \u2013 Filip Cveticanin<br \/>\n<a href=\"http:\/\/www.snvba.net\/\" target=\"_blank\" rel=\"noopener noreferrer\">Saint-Nazaire VB Atlantique (Fran\u00e7a)<\/a> \u2013 Louren\u00e7o Martins<br \/>\n<a href=\"https:\/\/www.facebook.com\/altinovolley\/\">Tenaglia Altino Volley (It\u00e1lia)<\/a> \u2013 J\u00falia Kavalenka<br \/>\n<a href=\"https:\/\/www.facebook.com\/voleititanii\/\">AV Olimpia Titanii Bucuresti (Rom\u00e9nia)<\/a>\u00a0\u2013 Jos\u00e9 Pedro Gomes<br \/>\n<a href=\"https:\/\/www.boucvolley.com\/\">Beauvais Oise UC (Fran\u00e7a)<\/a> &#8211; Jos\u00e9 Vieira<br \/>\n<a href=\"https:\/\/www.netzhoppers.org\/\">Netzhoppers KW-Bestensee (Alemanha)<\/a> \u2013 Jos\u00e9 Jardim<br \/>\n<a href=\"https:\/\/www.istres-volley.fr\/equipe-premiere\/lequipe\/\" target=\"_blank\" rel=\"noopener noreferrer\">Istres Ouest-Provence Volley-Ball (Fran\u00e7a)<\/a>\u00a0\u2013 Beatriz Santos<br \/>\n<a href=\"http:\/\/www.szegedvolley.com\/\">Szegedi R\u00f6plabda Sportegyes\u00fclet (Hungria)<\/a> \u2013 In\u00eas Pereira<br \/>\n<a href=\"https:\/\/www.facebook.com\/CUSCagliariOfficial\/\">ASD Cus Cagliari (It\u00e1lia)<\/a> \u2013 In\u00eas Neves Baptista<br \/>\n<a href=\"https:\/\/www.facebook.com\/MgarrVolleyballClub\/\">Mgarr Volleyball Club (Malta)<\/a> \u2013 Beatriz Reis da Silva<br \/>\n<a href=\"https:\/\/scorenco.com\/volley\/clubs\/ent-sport-meylan-la-tronche\/equipes\/ent-sport-meylan-la-tronche\/\">Ent Sport Meylan La Tronche (Fran\u00e7a)<\/a> \u2013 S\u00e9rgio Filipe Miranda<br \/>\n<a href=\"https:\/\/www.facebook.com\/asberckvolleyball\/\">AS Berck Volley-ball (Fran\u00e7a)<\/a> \u2013 Ana Rita Lisboa<br \/>\n<a href=\"https:\/\/amvb-amiens.fr\/\" target=\"_blank\" rel=\"noopener noreferrer\">Amiens M\u00e9tropole Volley-Ball (Fran\u00e7a)<\/a>\u00a0\u2013 Andr\u00e9 Mata<br \/>\n<a href=\"http:\/\/www.le-volleys.de\/regionalliga-ost.html\" target=\"_blank\" rel=\"noopener noreferrer\">LE Volleys (Alemanha, Regionalliga)<\/a>\u00a0\u2013 Matilde Silveira<br \/>\n<a href=\"https:\/\/www.facebook.com\/ecovolleyofficiel\" target=\"_blank\" rel=\"noopener noreferrer\">Etudiant Club Orleanais (Fran\u00e7a)<\/a>\u00a0\u2013 Joana Gonzalez<br \/>\n<a href=\"https:\/\/southamptonvolleyball.co.uk\/\">Southampton Volleyball Clube (Inglaterra)<\/a> \u2013 Ema Sofia Carneiro<br \/>\n<a href=\"https:\/\/southamptonvolleyball.co.uk\/\">Southampton Volleyball Clube (Inglaterra)<\/a> \u2013 Maria Lima Antunes<br \/>\n<a href=\"http:\/\/www.volleyballengland.org\/competitions\/national_volleyball_league\/league_tables?comp=VE1&amp;season=VE36637368&amp;division=VE48686060\" target=\"_blank\" rel=\"noopener noreferrer\">Durham Palatinates Women (Inglaterra)<\/a>\u00a0\u2013 Susana Veiga<br \/>\n<a href=\"https:\/\/readingaces.wordpress.com\/\">Reading Aces (Inglaterra)<\/a> \u2013 Paulina Lemos<br \/>\n<a href=\"http:\/\/www.darkstarvolleyball.com\/our-teams\/male-player\/\">Darkstar Derbyshire (Inglaterra)<\/a> \u2013 Marcelo Goulart<br \/>\n<a href=\"https:\/\/www.volleyclubs.be\/capciwb\/\">CAPCI WB (B\u00e9lgica)<\/a> \u2013 Jo\u00e3o Andr\u00e9<br \/>\n<a href=\"https:\/\/www.facebook.com\/clubvoleiboltorredembarra\/\">CEVOL Torreembarra (Espanha)<\/a> \u2013 Daniel Carvalho<br \/>\n<a href=\"https:\/\/www.facebook.com\/ssovbc\/\">VBC Servette Star-Onex (Su\u00ed\u00e7a)<\/a> \u2013 Rui Santos<br \/>\n<a href=\"https:\/\/www.facebook.com\/Annemasse-Volley-282348375455806\/\">Annemasse Voley 74 (Fran\u00e7a)<\/a> \u2013 Cris\u00e1lida Borges<br \/>\n<a href=\"https:\/\/www.facebook.com\/VBPNiort\">VB Pexinois Niort (Fran\u00e7a)<\/a> \u2013 Vict\u00f3ria Soares<br \/>\n<a href=\"https:\/\/www.facebook.com\/AlCaudryVolleyBall\">AL Caudry VB (Fran\u00e7a)<\/a> \u2013 Alexandre Dinis Vieira<\/p>\n<p><strong>(&#8230;)<\/strong><\/p>\n<p><a href=\"https:\/\/fpvoleibol.pt\/fpv\/2021\/10\/21\/portugueses-no-mundo-26\/\"><span class=\"auto-style7\"><strong>Treinadores<\/strong><\/span><\/a>:<br \/>\n<a href=\"https:\/\/www.voleibolalcobendas.com\/\">Feel Volley Alcobendas (Espanha)<\/a> \u2013 Jo\u00e3o David<br \/>\n<a href=\"https:\/\/www.istres-volley.fr\/equipe-premiere\/lequipe\/\" target=\"_blank\" rel=\"noopener noreferrer\">Istres Ouest-Provence Volley-Ball (Fran\u00e7a)<\/a> \u2013 Andr\u00e9 S\u00e1<br \/>\n<a href=\"https:\/\/www.istres-volley.fr\/equipe-premiere\/lequipe\/\" target=\"_blank\" rel=\"noopener noreferrer\">Istres Ouest-Provence Volley-Ball (Fran\u00e7a)<\/a> \u2013 Jo\u00e3o Scheltinga<br \/>\n<a href=\"https:\/\/www.facebook.com\/ZESARVFM\/\">Volleyball Franches-Montagnes (Su\u00ed\u00e7a)<\/a> &#8211; Eduardo Faustino<br \/>\n<a href=\"https:\/\/www.lnv.fr\/lam\/equipes\/tourcoing-181\">Tourcoing Lille MV (Fran\u00e7a)<\/a> \u2013 David Sousa<br \/>\n<a href=\"https:\/\/www.facebook.com\/Club-Voleibol-Sayre-Mayser-Gran-Canaria-174626499227342\/\">CV Sayre Mayser Gran Canaria (Espanha)<\/a> \u2013 R\u00faben Fevereiro<br \/>\n<a href=\"https:\/\/www.volleya.ch\/\">Raiffeisen Volleya Obwalden NLB<\/a> \u2013 Filipe Carrasco Soares<br \/>\n<a href=\"https:\/\/www.svenskalag.se\/DegerforsvolleyOrion\">Degerfors Volley Orion (Su\u00e9cia)<\/a> \u2013 Ivan Nunes<br \/>\n<a href=\"https:\/\/www.facebook.com\/Blue-volei-clube-1752350595073998\/\" target=\"_blank\" rel=\"noopener noreferrer\">Blue Volei Clube (Angola)<\/a>\u00a0\u2013 Andr\u00e9 Pereira<br \/>\n<a href=\"https:\/\/www.lindemansaalst.be\/\">Lindemans Aalst (B\u00e9lgica)<\/a>\u00a0\u2013 Idner Martins<br \/>\n<a href=\"https:\/\/www.facebook.com\/Cork-Volleyball-Academy-100484505416947\/\">Cork Volleyball Academy (Irlanda)<\/a> \u2013 Ant\u00f3nio Barros<\/p>\n<p style=\"text-align: center;\"><span style=\"text-decoration: underline;\"><strong>\u00c1rbitros portugueses em ac\u00e7\u00e3o nas competi\u00e7\u00f5es internacionais<\/strong><\/span><\/p>\n<p style=\"text-align: center;\"><span style=\"text-decoration: underline;\"><strong>Voleibol Indoor<\/strong><\/span><\/p>\n<p><strong>Ricardo Ferreira<\/strong><br \/>\nPortugal x Dinamarca, da Pool A da European Golden League &#8211; masculinos, no dia 12 de Junho de 2022.<br \/>\nMundiais Universit\u00e1rios (Chengdu 2021 FISU World University Games), agendados para 26 de Junho a 7 de Julho de 2022, na China.<\/p>\n<p><strong>Nuno Maia<\/strong><br \/>\nPortugal x Eslov\u00e1quia, da Pool A da European Golden League &#8211; masculinos, no dia 29 de Maio de 2022.<\/p>\n<p><strong>Jos\u00e9 Caramez<\/strong><br \/>\nPortugal x Luxemburgo, da Pool A da European Silver League &#8211; femininos, no dia 8 de Junho de 2022.<\/p>\n<p><strong>Raquel Portela<\/strong><br \/>\nPortugal x Eslov\u00e9nia, da Pool A da European Silver League &#8211; femininos, no dia 1 de Junho de 2022.<br \/>\nMundiais Universit\u00e1rios (Chengdu 2021 FISU World University Games), agendados para 26 de Junho a 7 de Julho de 2022, na China.<\/p>\n<p><strong>Nuno Teixeira<\/strong><br \/>\nPortugal x Est\u00f3nia, da Pool A da European Silver League &#8211; femininos, no dia 25 de Maio de 2022.<br \/>\nPortugal x Su\u00e9cia, da Pool A da European Silver League &#8211; femininos, no dia 15 de Junho de 2022.<\/p>\n<p><strong>Pedro Pinto<br \/>\n<\/strong>Portugal x Turquia, da Pool A da European Golden League &#8211; masculinos, no dia 1 de Junho de 2022.<\/p>\n<p><strong>V\u00edtor Gon\u00e7alves<\/strong><br \/>\nEspanha x Dinamarca, da Pool B da European Golden League &#8211; masculinos, no dia 11 de Junho de 2022.<\/p>\n<p style=\"text-align: center;\"><span style=\"text-decoration: underline;\"><strong>Voleibol de Praia<\/strong><\/span><\/p>\n<p><strong>Rui Carvalho<\/strong> \u2013 Etapas do <span style=\"text-decoration: underline;\">FIVB Beach Pro Tour 2022<\/span> a disputar em Doha (Catar, 5 a 8 de Maio), Ostrava (Rep. Checa, 25 a 29 de Maio), Espinho (14 a 17 de\u00a0 Julho), Cape Town (\u00c1frica do Sul, 2 a 6 de Novembro) e Rio Janeiro (Brasil, 9 a 13 de Novembro).<br \/>\n<span style=\"text-decoration: underline;\">Campeonatos da Europa\/Munique 2022<\/span> \u2013 equipa de arbitragem do Voleibol de Praia, de 15 a 21 de Agosto de 2022, na Alemanha.<\/p>\n<p><strong>Sandra Deveza<\/strong> \u2013 Etapas do <span style=\"text-decoration: underline;\">FIVB Beach Pro Tour 2022 <\/span>a disputar em Kousadasi (Turquia, 19 a 22 Maio), Gstaad (Su\u00ed\u00e7a, 6 a 10 de Julho) e Espinho (14 a 17 de Julho).<br \/>\nCampeonato da Europa de Sub-22 \u2013 em Vlissingen e Werkendam (Pa\u00edses Baixos), de 9 a 12 de Junho de 2022.<\/p>\n<p>Mais informa\u00e7\u00f5es em <a href=\"http:\/\/www.cev.eu\">www.cev.eu<\/a><\/p>\n","protected":false},"excerpt":{"rendered":"<p>Foto: SNVBA O Saint-Nazaire VB Atlantique, de Louren\u00e7o Martins, come\u00e7a amanh\u00e3 a disputar em casa o Playoff das meias-finais da Ligue B francesa com o Saint-Jen D&#8217; Illac. O segundo [&hellip;]<\/p>\n","protected":false},"author":2,"featured_media":10415,"comment_status":"open","ping_status":"open","sticky":false,"template":"","format":"standard","meta":{"_monsterinsights_skip_tracking":false,"_monsterinsights_sitenote_active":false,"_monsterinsights_sitenote_note":"","_monsterinsights_sitenote_category":0,"footnotes":""},"categories":[13,8,9],"tags":[47,52],"class_list":{"0":"post-14831","1":"post","2":"type-post","3":"status-publish","4":"format-standard","5":"has-post-thumbnail","7":"category-arbitragem","8":"category-voleibol","9":"category-voleibol-de-praia","10":"tag-epoca-2021-2022","11":"tag-portugueses-no-mundo","12":"czr-hentry"},"aioseo_notices":[],"_links":{"self":[{"href":"https:\/\/fpvoleibol.pt\/fpv\/wp-json\/wp\/v2\/posts\/14831","targetHints":{"allow":["GET"]}}],"collection":[{"href":"https:\/\/fpvoleibol.pt\/fpv\/wp-json\/wp\/v2\/posts"}],"about":[{"href":"https:\/\/fpvoleibol.pt\/fpv\/wp-json\/wp\/v2\/types\/post"}],"author":[{"embeddable":true,"href":"https:\/\/fpvoleibol.pt\/fpv\/wp-json\/wp\/v2\/users\/2"}],"replies":[{"embeddable":true,"href":"https:\/\/fpvoleibol.pt\/fpv\/wp-json\/wp\/v2\/comments?post=14831"}],"version-history":[{"count":9,"href":"https:\/\/fpvoleibol.pt\/fpv\/wp-json\/wp\/v2\/posts\/14831\/revisions"}],"predecessor-version":[{"id":14852,"href":"https:\/\/fpvoleibol.pt\/fpv\/wp-json\/wp\/v2\/posts\/14831\/revisions\/14852"}],"wp:featuredmedia":[{"embeddable":true,"href":"https:\/\/fpvoleibol.pt\/fpv\/wp-json\/wp\/v2\/media\/10415"}],"wp:attachment":[{"href":"https:\/\/fpvoleibol.pt\/fpv\/wp-json\/wp\/v2\/media?parent=14831"}],"wp:term":[{"taxonomy":"category","embeddable":true,"href":"https:\/\/fpvoleibol.pt\/fpv\/wp-json\/wp\/v2\/categories?post=14831"},{"taxonomy":"post_tag","embeddable":true,"href":"https:\/\/fpvoleibol.pt\/fpv\/wp-json\/wp\/v2\/tags?post=14831"}],"curies":[{"name":"wp","href":"https:\/\/api.w.org\/{rel}","templated":true}]}}