{"id":14809,"date":"2022-04-19T14:00:28","date_gmt":"2022-04-19T14:00:28","guid":{"rendered":"https:\/\/fpvoleibol.pt\/fpv\/?p=14809"},"modified":"2022-04-22T17:25:49","modified_gmt":"2022-04-22T17:25:49","slug":"liga-lidl-em-fase-decisiva","status":"publish","type":"post","link":"https:\/\/fpvoleibol.pt\/fpv\/2022\/04\/19\/liga-lidl-em-fase-decisiva\/","title":{"rendered":"LIGA LIDL EM FASE DECISIVA"},"content":{"rendered":"<p><img loading=\"lazy\" decoding=\"async\" class=\"size-full wp-image-9830 aligncenter\" src=\"https:\/\/fpvoleibol.pt\/fpv\/wp-content\/uploads\/2021\/09\/noticias_lidl1_d.jpg\" alt=\"\" width=\"960\" height=\"542\" srcset=\"https:\/\/fpvoleibol.pt\/fpv\/wp-content\/uploads\/2021\/09\/noticias_lidl1_d.jpg 960w, https:\/\/fpvoleibol.pt\/fpv\/wp-content\/uploads\/2021\/09\/noticias_lidl1_d-300x169.jpg 300w, https:\/\/fpvoleibol.pt\/fpv\/wp-content\/uploads\/2021\/09\/noticias_lidl1_d-768x434.jpg 768w, https:\/\/fpvoleibol.pt\/fpv\/wp-content\/uploads\/2021\/09\/noticias_lidl1_d-528x297.jpg 528w\" sizes=\"auto, (max-width: 960px) 100vw, 960px\" \/>A AJM\/FC Porto, campe\u00e3 da <a href=\"https:\/\/fpvoleibol.pt\/fpv\/wp-content\/uploads\/2021\/09\/reg_esc_seniores_Ligas.pdf\">Elite<\/a> em t\u00edtulo, e o Leix\u00f5es SC, que ergueu o seu 10.\u00ba trof\u00e9u na Ta\u00e7a de Portugal 2022, retomam no fim-de-semana a luta pelo t\u00edtulo de campe\u00e3s nacionais 2021\/2022. As portistas, que venceram o 1.\u00ba jogo do <em>Play-off decisivo<\/em>\u00a0da <a href=\"https:\/\/fpvoleibol.pt\/fpv\/wp-content\/uploads\/2021\/09\/reg_esc_seniores_Ligas.pdf\">3.\u00aa Fase<\/a> da <a href=\"https:\/\/fpv-web.dataproject.com\/CompetitionHome.aspx?ID=53\">Liga Lidl<\/a>, disputam agora em <em>casa<\/em> o 2.\u00ba e o 3.\u00ba jogo.<\/p>\n<p>Na<a href=\"https:\/\/fpvoleibol.pt\/fpv\/wp-content\/uploads\/2021\/09\/reg_esc_seniores_Ligas.pdf\"> Ta\u00e7a Federa\u00e7\u00e3o<\/a>, os <em>velhos rivais<\/em> SL Benfica e Sporting CP defrontam-se <span style=\"text-decoration: underline;\">amanh\u00e3<\/span> no primeiro jogo do Play-off que definir\u00e1 um dos finalistas da Ta\u00e7a FPV.<br \/>\nPorto V\u00f3lei 2014\/Academia de Voleibol Col\u00e9gio Efanor e Vit\u00f3ria SC decidem quem ser\u00e1 o outro finalista, com o 1.\u00ba jogo dos Play-offs entre estas duas equipas a realizar-se no domingo em Guimar\u00e3es.<\/p>\n<p style=\"text-align: center;\"><a href=\"https:\/\/fpvoleibol.pt\/fpv\/wp-content\/uploads\/2021\/09\/reg_esc_seniores_Ligas.pdf\"><span style=\"text-decoration: underline;\"><strong>3.\u00aa FASE \u2013 DIVIS\u00c3O ELITE<\/strong><\/span><\/a>*<\/p>\n<p><strong>Play-Off #3 \u2013 Apuramento do Campe\u00e3o<\/strong><strong>\u00a0<\/strong><\/p>\n<table style=\"width: 100.146%; height: 144px;\" width=\"0\">\n<tbody>\n<tr style=\"height: 24px;\">\n<td style=\"width: 14.0209%; text-align: center; height: 24px;\" width=\"73\">Jogo n.\u00ba 2595<\/td>\n<td style=\"width: 41.5178%; text-align: center; height: 24px;\" width=\"184\">Leix\u00f5es SC x <strong>AJM\/FC Porto<\/strong> (<a href=\"https:\/\/www.youtube.com\/watch?v=-ushav-MLzI\">Volei TV<\/a>)<\/td>\n<td style=\"width: 12.7987%; text-align: center; height: 24px;\" width=\"86\">16.04.2022<\/td>\n<td style=\"width: 8.73872%; text-align: center; height: 24px;\" width=\"61\"><span style=\"color: #000000;\">0-3<\/span><\/td>\n<td style=\"width: 128.211%; text-align: center; height: 24px;\" width=\"220\">Nave Il\u00eddio Ramos &#8211; CDC Matosinhos<\/td>\n<\/tr>\n<tr style=\"height: 24px;\">\n<td style=\"width: 14.0209%; text-align: center; height: 24px;\" width=\"73\">Jogo n.\u00ba 2596<\/td>\n<td style=\"width: 41.5178%; text-align: center; height: 24px;\" width=\"184\">AJM\/FC Porto x Leix\u00f5es SC<\/td>\n<td style=\"width: 12.7987%; text-align: center; height: 24px;\" width=\"86\">23.04.2022<\/td>\n<td style=\"width: 8.73872%; text-align: center; height: 24px;\" width=\"61\">15H00<\/td>\n<td style=\"width: 128.211%; text-align: center; height: 24px;\" width=\"220\">Drag\u00e3o Arena<\/td>\n<\/tr>\n<tr style=\"height: 24px;\">\n<td style=\"width: 14.0209%; text-align: center; height: 24px;\" width=\"73\">Jogo n.\u00ba 2597<\/td>\n<td style=\"width: 41.5178%; text-align: center; height: 24px;\" width=\"184\">AJM\/FC Porto x Leix\u00f5es SC<\/td>\n<td style=\"width: 12.7987%; text-align: center; height: 24px;\" width=\"86\">24.04.2022<\/td>\n<td style=\"width: 8.73872%; text-align: center; height: 24px;\" width=\"61\">18H00<\/td>\n<td style=\"width: 128.211%; text-align: center; height: 24px;\" width=\"220\">Drag\u00e3o Arena<\/td>\n<\/tr>\n<tr style=\"height: 24px;\">\n<td style=\"width: 14.0209%; text-align: center; height: 24px;\" width=\"73\"><strong>\u00a0<\/strong><\/td>\n<td style=\"width: 41.5178%; text-align: center; height: 24px;\" width=\"184\"><strong>Se necess\u00e1rio<\/strong><\/td>\n<td style=\"width: 12.7987%; text-align: center; height: 24px;\" width=\"86\"><\/td>\n<td style=\"width: 8.73872%; text-align: center; height: 24px;\" width=\"61\"><\/td>\n<td style=\"width: 128.211%; text-align: center; height: 24px;\" width=\"220\"><\/td>\n<\/tr>\n<tr style=\"height: 24px;\">\n<td style=\"width: 14.0209%; text-align: center; height: 24px;\" width=\"73\">Jogo n.\u00ba 2598<\/td>\n<td style=\"width: 41.5178%; text-align: center; height: 24px;\" width=\"184\">Leix\u00f5es SC x AJM\/FC Porto<\/td>\n<td style=\"width: 12.7987%; text-align: center; height: 24px;\" width=\"86\">01.05.2022<\/td>\n<td style=\"width: 8.73872%; text-align: center; height: 24px;\" width=\"61\">18H00<\/td>\n<td style=\"width: 128.211%; text-align: center; height: 24px;\" width=\"220\">Nave Il\u00eddio Ramos &#8211; CDC Matosinhos<\/td>\n<\/tr>\n<tr style=\"height: 24px;\">\n<td style=\"width: 14.0209%; text-align: center; height: 24px;\" width=\"73\">Jogo n.\u00ba 2599<\/td>\n<td style=\"width: 41.5178%; text-align: center; height: 24px;\" width=\"184\">AJM\/FC Porto x Leix\u00f5es SC<\/td>\n<td style=\"width: 12.7987%; text-align: center; height: 24px;\" width=\"86\">08.05.2022<\/td>\n<td style=\"width: 8.73872%; text-align: center; height: 24px;\" width=\"61\">15H00<\/td>\n<td style=\"width: 128.211%; text-align: center; height: 24px;\" width=\"220\">Drag\u00e3o Arena<\/td>\n<\/tr>\n<\/tbody>\n<\/table>\n<p style=\"text-align: center;\"><strong><a href=\"https:\/\/fpvoleibol.pt\/fpv\/wp-content\/uploads\/2021\/09\/reg_esc_seniores_Ligas.pdf\">3.\u00aa FASE \u2013 TA\u00c7A FEDERA\u00c7\u00c3O<\/a>*\u00a0\u00a0<\/strong><\/p>\n<p><strong>Play-Off #4 (Derrotado #1 \/ Derrotado #<\/strong><strong>2)<\/strong><strong>\u00a0<\/strong><\/p>\n<table style=\"width: 100.069%;\" width=\"0\">\n<tbody>\n<tr>\n<td style=\"width: 13.9748%; text-align: center;\" width=\"73\">Jogo n.\u00ba 2600<\/td>\n<td style=\"width: 41.6157%; text-align: center;\" width=\"169\">SL Benfica x Sporting CP<\/td>\n<td style=\"width: 13.2273%; text-align: center;\" width=\"85\">20.04.2022<\/td>\n<td style=\"width: 8.54404%; text-align: center;\" width=\"57\">20H30<\/td>\n<td style=\"width: 133.597%; text-align: center;\" width=\"236\">Pav. N.\u00ba 2 \u2013 Est\u00e1dio SLB<\/td>\n<\/tr>\n<tr>\n<td style=\"width: 13.9748%; text-align: center;\" width=\"73\">Jogo n.\u00ba 2601<\/td>\n<td style=\"width: 41.6157%; text-align: center;\" width=\"169\">Sporting CP x SL Benfica<\/td>\n<td style=\"width: 13.2273%; text-align: center;\" width=\"85\">24.04.2022<\/td>\n<td style=\"width: 8.54404%; text-align: center;\" width=\"57\"><strong>21H00<\/strong><\/td>\n<td style=\"width: 133.597%; text-align: center;\" width=\"236\">Pav. Jo\u00e3o Rocha &#8211; Lisboa<\/td>\n<\/tr>\n<tr>\n<td style=\"width: 13.9748%; text-align: center;\" width=\"73\"><strong>\u00a0<\/strong><\/td>\n<td style=\"width: 41.6157%; text-align: center;\" width=\"169\"><strong>Se necess\u00e1rio<\/strong><\/td>\n<td style=\"width: 13.2273%; text-align: center;\" width=\"85\"><\/td>\n<td style=\"width: 8.54404%; text-align: center;\" width=\"57\"><\/td>\n<td style=\"width: 133.597%; text-align: center;\" width=\"236\"><\/td>\n<\/tr>\n<tr>\n<td style=\"width: 13.9748%; text-align: center;\" width=\"73\">Jogo n.\u00ba 2602<\/td>\n<td style=\"width: 41.6157%; text-align: center;\" width=\"169\">Sporting CP x SL Benfica<\/td>\n<td style=\"width: 13.2273%; text-align: center;\" width=\"85\">30.04.2022<\/td>\n<td style=\"width: 8.54404%; text-align: center;\" width=\"57\">15H00<\/td>\n<td style=\"width: 133.597%; text-align: center;\" width=\"236\">Pav. Jo\u00e3o Rocha &#8211; Lisboa<\/td>\n<\/tr>\n<\/tbody>\n<\/table>\n<p><strong>Play-Off #11 (Vencedor #9 \/ Vencedor #10)<\/strong><strong>\u00a0<\/strong><\/p>\n<table style=\"width: 100.107%;\" width=\"0\">\n<tbody>\n<tr>\n<td style=\"width: 13.6393%; text-align: center;\" width=\"69\">Jogo n.\u00ba 2603<\/td>\n<td style=\"width: 41.9404%; text-align: center;\" width=\"176\">Vit\u00f3ria SC x PV 2014\/AC. Vol. Col\u00e9gio Efanor<\/td>\n<td style=\"width: 13.3816%; text-align: center;\" width=\"89\">24.04.2022<\/td>\n<td style=\"width: 8.4541%; text-align: center;\" width=\"62\">16H00<\/td>\n<td style=\"width: 142.74%; text-align: center;\" width=\"192\">Pav. Desp. Unid. Vimaranense<\/td>\n<\/tr>\n<tr>\n<td style=\"width: 13.6393%; text-align: center;\" width=\"69\">Jogo n.\u00ba 2604<\/td>\n<td style=\"width: 41.9404%; text-align: center;\" width=\"176\">PV 2014\/AC. Vol. Col\u00e9gio Efanor x\u00a0Vit\u00f3ria SC<\/td>\n<td style=\"width: 13.3816%; text-align: center;\" width=\"89\">30.04.2022<\/td>\n<td style=\"width: 8.4541%; text-align: center;\" width=\"62\">17H00<\/td>\n<td style=\"width: 142.74%; text-align: center;\" width=\"192\">Pav. Col\u00e9gio Efanor<\/td>\n<\/tr>\n<tr>\n<td style=\"width: 13.6393%; text-align: center;\" width=\"69\"><strong>\u00a0<\/strong><\/td>\n<td style=\"width: 41.9404%; text-align: center;\" width=\"176\"><strong>Se necess\u00e1rio<\/strong><\/td>\n<td style=\"width: 13.3816%; text-align: center;\" width=\"89\"><\/td>\n<td style=\"width: 8.4541%; text-align: center;\" width=\"62\"><\/td>\n<td style=\"width: 142.74%; text-align: center;\" width=\"192\"><\/td>\n<\/tr>\n<tr>\n<td style=\"width: 13.6393%; text-align: center;\" width=\"69\">Jogo n.\u00ba 2605<\/td>\n<td style=\"width: 41.9404%; text-align: center;\" width=\"176\">PV 2014\/AC. Vol. Col\u00e9gio Efanor x Vit\u00f3ria SC<\/td>\n<td style=\"width: 13.3816%; text-align: center;\" width=\"89\">01.05.2022<\/td>\n<td style=\"width: 8.4541%; text-align: center;\" width=\"62\">17H00<\/td>\n<td style=\"width: 142.74%; text-align: center;\" width=\"192\">Pav. Col\u00e9gio Efanor<\/td>\n<\/tr>\n<\/tbody>\n<\/table>\n<p>&nbsp;<\/p>\n<p style=\"text-align: center;\" align=\"justify\"><span style=\"text-decoration: underline;\"><strong>Ver plant\u00e9is das equipas <a href=\"https:\/\/fpv-web.dataproject.com\/CompetitionTeamSearch.aspx?ID=53\">aqui<\/a><\/strong><\/span><\/p>\n<p style=\"text-align: center;\" align=\"justify\"><strong>Calend\u00e1rio*<\/strong>, resultados, <span style=\"text-decoration: underline;\"><strong>estat\u00edstica<\/strong><\/span> e <em>live streaming<\/em> em <a href=\"https:\/\/fpv-web.dataproject.com\/MainHome.aspx?\">https:\/\/fpv-web.dataproject.com\/MainHome.aspx?<\/a><br \/>\n<strong>Equipas de arbitragem<\/strong> em <a href=\"https:\/\/fpvoleibol.pt\/fpv\/arbitragem\/nomeacoes\/\">https:\/\/fpvoleibol.pt\/fpv\/arbitragem\/nomeacoes\/<\/a><br \/>\n<span style=\"font-size: 8pt;\"><strong>* <a href=\"https:\/\/portugalvoleibol.com\/classificacao\/\">Dias e\/ou hor\u00e1rios podem sofrer altera\u00e7\u00f5es<\/a><\/strong><\/span><\/p>\n","protected":false},"excerpt":{"rendered":"<p>A AJM\/FC Porto, campe\u00e3 da Elite em t\u00edtulo, e o Leix\u00f5es SC, que ergueu o seu 10.\u00ba trof\u00e9u na Ta\u00e7a de Portugal 2022, retomam no fim-de-semana a luta pelo t\u00edtulo [&hellip;]<\/p>\n","protected":false},"author":2,"featured_media":10033,"comment_status":"open","ping_status":"open","sticky":false,"template":"","format":"standard","meta":{"_monsterinsights_skip_tracking":false,"_monsterinsights_sitenote_active":false,"_monsterinsights_sitenote_note":"","_monsterinsights_sitenote_category":0,"footnotes":""},"categories":[8],"tags":[47,55],"class_list":{"0":"post-14809","1":"post","2":"type-post","3":"status-publish","4":"format-standard","5":"has-post-thumbnail","7":"category-voleibol","8":"tag-epoca-2021-2022","9":"tag-liga-lidl","10":"czr-hentry"},"aioseo_notices":[],"_links":{"self":[{"href":"https:\/\/fpvoleibol.pt\/fpv\/wp-json\/wp\/v2\/posts\/14809","targetHints":{"allow":["GET"]}}],"collection":[{"href":"https:\/\/fpvoleibol.pt\/fpv\/wp-json\/wp\/v2\/posts"}],"about":[{"href":"https:\/\/fpvoleibol.pt\/fpv\/wp-json\/wp\/v2\/types\/post"}],"author":[{"embeddable":true,"href":"https:\/\/fpvoleibol.pt\/fpv\/wp-json\/wp\/v2\/users\/2"}],"replies":[{"embeddable":true,"href":"https:\/\/fpvoleibol.pt\/fpv\/wp-json\/wp\/v2\/comments?post=14809"}],"version-history":[{"count":8,"href":"https:\/\/fpvoleibol.pt\/fpv\/wp-json\/wp\/v2\/posts\/14809\/revisions"}],"predecessor-version":[{"id":14965,"href":"https:\/\/fpvoleibol.pt\/fpv\/wp-json\/wp\/v2\/posts\/14809\/revisions\/14965"}],"wp:featuredmedia":[{"embeddable":true,"href":"https:\/\/fpvoleibol.pt\/fpv\/wp-json\/wp\/v2\/media\/10033"}],"wp:attachment":[{"href":"https:\/\/fpvoleibol.pt\/fpv\/wp-json\/wp\/v2\/media?parent=14809"}],"wp:term":[{"taxonomy":"category","embeddable":true,"href":"https:\/\/fpvoleibol.pt\/fpv\/wp-json\/wp\/v2\/categories?post=14809"},{"taxonomy":"post_tag","embeddable":true,"href":"https:\/\/fpvoleibol.pt\/fpv\/wp-json\/wp\/v2\/tags?post=14809"}],"curies":[{"name":"wp","href":"https:\/\/api.w.org\/{rel}","templated":true}]}}