{"id":14799,"date":"2022-04-19T10:30:39","date_gmt":"2022-04-19T10:30:39","guid":{"rendered":"https:\/\/fpvoleibol.pt\/fpv\/?p=14799"},"modified":"2022-04-19T10:30:39","modified_gmt":"2022-04-19T10:30:39","slug":"centros-da-guarda-apuram-para-regional-de-gira-volei","status":"publish","type":"post","link":"https:\/\/fpvoleibol.pt\/fpv\/2022\/04\/19\/centros-da-guarda-apuram-para-regional-de-gira-volei\/","title":{"rendered":"CENTROS DA GUARDA APURAM PARA REGIONAL DE GIRA-VOLEI"},"content":{"rendered":"<p><img loading=\"lazy\" decoding=\"async\" class=\"size-full wp-image-14801 aligncenter\" src=\"https:\/\/fpvoleibol.pt\/fpv\/wp-content\/uploads\/2022\/04\/GV_2022_Guarda-1.jpg\" alt=\"\" width=\"960\" height=\"479\" srcset=\"https:\/\/fpvoleibol.pt\/fpv\/wp-content\/uploads\/2022\/04\/GV_2022_Guarda-1.jpg 960w, https:\/\/fpvoleibol.pt\/fpv\/wp-content\/uploads\/2022\/04\/GV_2022_Guarda-1-300x150.jpg 300w, https:\/\/fpvoleibol.pt\/fpv\/wp-content\/uploads\/2022\/04\/GV_2022_Guarda-1-768x383.jpg 768w\" sizes=\"auto, (max-width: 960px) 100vw, 960px\" \/>O final do segundo per\u00edodo foi aproveitado por muitos Centros de Gira-Volei da <a href=\"https:\/\/www.facebook.com\/groups\/168263193208149\/\"><strong>Associa\u00e7\u00e3o de Voleibol da Guarda (AVG)<\/strong><\/a>\u00a0para realizarem as suas competi\u00e7\u00f5es escolares, com vista ao apuramento das duplas que os v\u00e3o representar na Final Regional da AVG, agendada para o dia 11 de Maio no Parque Urbano do Rio Diz, na cidade da Guarda.<\/p>\n<p>Foi o caso dos Centros Gira-Volei das Escolas: Guilherme Correia de Carvalho &#8211; Seia, Secund\u00e1ria da S\u00e9 &#8211; Guarda, Secund\u00e1ria de Fornos de Algodres, Secund\u00e1ria de Almeida, B\u00e1sica de Vilar Formoso e Secund\u00e1ria de Vila Velha de R\u00f3d\u00e3o.<\/p>\n<p>Os restantes torneios de apuramento ser\u00e3o realizados no in\u00edcio do terceiro per\u00edodo escolar.<\/p>\n<p><img loading=\"lazy\" decoding=\"async\" class=\"size-full wp-image-14803 aligncenter\" src=\"https:\/\/fpvoleibol.pt\/fpv\/wp-content\/uploads\/2022\/04\/GV_2022_Seia-1.jpg\" alt=\"\" width=\"960\" height=\"570\" srcset=\"https:\/\/fpvoleibol.pt\/fpv\/wp-content\/uploads\/2022\/04\/GV_2022_Seia-1.jpg 960w, https:\/\/fpvoleibol.pt\/fpv\/wp-content\/uploads\/2022\/04\/GV_2022_Seia-1-300x178.jpg 300w, https:\/\/fpvoleibol.pt\/fpv\/wp-content\/uploads\/2022\/04\/GV_2022_Seia-1-768x456.jpg 768w\" sizes=\"auto, (max-width: 960px) 100vw, 960px\" \/><\/p>\n<p style=\"text-align: center;\">Mais informa\u00e7\u00f5es: <a href=\"https:\/\/www.facebook.com\/groups\/168263193208149\/\">AV Guarda<\/a><\/p>\n","protected":false},"excerpt":{"rendered":"<p>O final do segundo per\u00edodo foi aproveitado por muitos Centros de Gira-Volei da Associa\u00e7\u00e3o de Voleibol da Guarda (AVG)\u00a0para realizarem as suas competi\u00e7\u00f5es escolares, com vista ao apuramento das duplas [&hellip;]<\/p>\n","protected":false},"author":2,"featured_media":14802,"comment_status":"open","ping_status":"open","sticky":false,"template":"","format":"standard","meta":{"_monsterinsights_skip_tracking":false,"_monsterinsights_sitenote_active":false,"_monsterinsights_sitenote_note":"","_monsterinsights_sitenote_category":0,"footnotes":""},"categories":[12],"tags":[47],"class_list":{"0":"post-14799","1":"post","2":"type-post","3":"status-publish","4":"format-standard","5":"has-post-thumbnail","7":"category-gira-volei","8":"tag-epoca-2021-2022","9":"czr-hentry"},"aioseo_notices":[],"_links":{"self":[{"href":"https:\/\/fpvoleibol.pt\/fpv\/wp-json\/wp\/v2\/posts\/14799","targetHints":{"allow":["GET"]}}],"collection":[{"href":"https:\/\/fpvoleibol.pt\/fpv\/wp-json\/wp\/v2\/posts"}],"about":[{"href":"https:\/\/fpvoleibol.pt\/fpv\/wp-json\/wp\/v2\/types\/post"}],"author":[{"embeddable":true,"href":"https:\/\/fpvoleibol.pt\/fpv\/wp-json\/wp\/v2\/users\/2"}],"replies":[{"embeddable":true,"href":"https:\/\/fpvoleibol.pt\/fpv\/wp-json\/wp\/v2\/comments?post=14799"}],"version-history":[{"count":2,"href":"https:\/\/fpvoleibol.pt\/fpv\/wp-json\/wp\/v2\/posts\/14799\/revisions"}],"predecessor-version":[{"id":14804,"href":"https:\/\/fpvoleibol.pt\/fpv\/wp-json\/wp\/v2\/posts\/14799\/revisions\/14804"}],"wp:featuredmedia":[{"embeddable":true,"href":"https:\/\/fpvoleibol.pt\/fpv\/wp-json\/wp\/v2\/media\/14802"}],"wp:attachment":[{"href":"https:\/\/fpvoleibol.pt\/fpv\/wp-json\/wp\/v2\/media?parent=14799"}],"wp:term":[{"taxonomy":"category","embeddable":true,"href":"https:\/\/fpvoleibol.pt\/fpv\/wp-json\/wp\/v2\/categories?post=14799"},{"taxonomy":"post_tag","embeddable":true,"href":"https:\/\/fpvoleibol.pt\/fpv\/wp-json\/wp\/v2\/tags?post=14799"}],"curies":[{"name":"wp","href":"https:\/\/api.w.org\/{rel}","templated":true}]}}