{"id":14781,"date":"2022-04-19T10:08:41","date_gmt":"2022-04-19T10:08:41","guid":{"rendered":"https:\/\/fpvoleibol.pt\/fpv\/?p=14781"},"modified":"2022-04-19T12:59:40","modified_gmt":"2022-04-19T12:59:40","slug":"sub-18-masculinos-rumam-a-israel","status":"publish","type":"post","link":"https:\/\/fpvoleibol.pt\/fpv\/2022\/04\/19\/sub-18-masculinos-rumam-a-israel\/","title":{"rendered":"SUB-18 MASCULINOS RUMAM A ISRAEL"},"content":{"rendered":"<p><span style=\"font-family: Arial,sans-serif;\"><span style=\"font-family: georgia, palatino, serif;\"> <img loading=\"lazy\" decoding=\"async\" class=\"size-full wp-image-14791 aligncenter\" src=\"https:\/\/fpvoleibol.pt\/fpv\/wp-content\/uploads\/2022\/04\/Portugal_Sub18masc-2021_d.jpg\" alt=\"\" width=\"950\" height=\"564\" srcset=\"https:\/\/fpvoleibol.pt\/fpv\/wp-content\/uploads\/2022\/04\/Portugal_Sub18masc-2021_d.jpg 950w, https:\/\/fpvoleibol.pt\/fpv\/wp-content\/uploads\/2022\/04\/Portugal_Sub18masc-2021_d-300x178.jpg 300w, https:\/\/fpvoleibol.pt\/fpv\/wp-content\/uploads\/2022\/04\/Portugal_Sub18masc-2021_d-768x456.jpg 768w\" sizes=\"auto, (max-width: 950px) 100vw, 950px\" \/>A <a href=\"https:\/\/fpvoleibol.pt\/fpv\/2022\/01\/09\/europeu-de-sub-18-masculinos-2\/\"><strong>Selec\u00e7\u00e3o Nacional de Sub-18 Masculinos<\/strong><\/a><\/span><\/span><span style=\"font-family: georgia, palatino, serif;\">, orientada por <strong>Nuno Pereira<\/strong>, viaja <span style=\"text-decoration: underline;\">hoje<\/span> para Tel Aviv, em Israel, pa\u00eds onde vai disputar a <strong>Pool E da 2.\u00aa Ronda de<\/strong> <b>Qualifica\u00e7\u00e3o para o Campeonato da Europa<\/b> da categoria<b>.<\/b><\/span><\/p>\n<p><span style=\"font-family: georgia, palatino, serif;\">Na <strong>Pool E da <\/strong> <strong>2.\u00aa Ronda de<\/strong> <b>Qualifica\u00e7\u00e3o para o Campeonato da Europa de Sub-18<\/b>, que se realiza de <a href=\"https:\/\/www.cev.eu\/national-team\/age-group-championships\/u18m\/#2nd-round\">21 a 23 de Abril de 2022<\/a> na localidade israelita de Netanya (Wingate Institute), Portugal vai defrontar as selec\u00e7\u00f5es da Rep\u00fablica Checa, de Israel e da Rom\u00e9nia. Ver resultados <a href=\"https:\/\/www.cev.eu\/national-team\/age-group-championships\/u18m\/#2nd-round\">AQUI<\/a><\/span><\/p>\n<p>O derradeiro est\u00e1gio, realizado <span style=\"font-family: georgia, palatino, serif;\">na Escola Secund\u00e1ria Carolina Michaelis, no Porto, foi considerado pelo Seleccionador Nacional como &#8220;<em>muito positivo, porque melhoramos muito na organiza\u00e7\u00e3o do nosso side-out e no servi\u00e7o. Para al\u00e9m disso, foi um momento que serviu para consolidar o esp\u00edrito de grupo. Na competi\u00e7\u00e3o apresentar-nos-emos como um grupo forte e coeso<\/em>&#8220;.<\/span><\/p>\n<p>\u00ab<em>Hard work beats talent if talent doesn&#8217;t work hard<\/em>\u00bb, \u00e9 o lema escolhido por este grupo de jovens ambiciosos e trabalhadores, como salienta <strong>Nuno Pereira<\/strong>:<br \/>\n&#8220;<em>As expectativas da Selec\u00e7\u00e3o Nacional de Sub-18 relativamente \u00e0 participa\u00e7\u00e3o na Pool s\u00e3o altas, porque temos trabalhado muito e bem. O grupo est\u00e1 motivado para encarar mais este desafio. \u00c9 verdade que com o recente apuramento da Selec\u00e7\u00e3o de Sub-20 para o Campeonato da Europa [rubricado em Viana do Castelo] os atletas ficaram muito mais motivados e isso notou-se ao longo do est\u00e1gio de prepara\u00e7\u00e3o.<\/em><br \/>\n<em>Agora, em rela\u00e7\u00e3o aos advers\u00e1rios que iremos encontrar, estes s\u00e3o muito fortes, mas n\u00f3s tamb\u00e9m teremos uma palavra a dizer neste apuramento. No que diz respeito \u00e0 Rep\u00fablica Checa, sendo este o nosso primeiro advers\u00e1rio, aquilo que j\u00e1 fomos observando permite-nos perceber que esta selec\u00e7\u00e3o \u00e9 muito forte fisicamente, apresenta um servi\u00e7o agressivo e consistente e uma excelente\u00a0 organiza\u00e7\u00e3o do bloco\/defesa.<\/em><br \/>\n<em>Israel \u00e9 uma selec\u00e7\u00e3o que se vale pelo seu todo e, a jogar em casa, tem grandes aspira\u00e7\u00f5es \u00e0 qualifica\u00e7\u00e3o. Recentemente, no apuramento dos Sub-20, em Viana do Castelo, Israel apresentou quatro atletas desta gera\u00e7\u00e3o, dos quais dois eram titulares indiscut\u00edveis.<\/em><br \/>\n<em>No que concerne \u00e0 Rom\u00e9nia, \u00e9 uma selec\u00e7\u00e3o muito forte fisicamente, no entanto, parece-me que \u00e9 um pouco menos organizada que Israel e Rep\u00fablica Checa<\/em>&#8220;.<\/p>\n<p><img loading=\"lazy\" decoding=\"async\" class=\"size-full wp-image-14817 aligncenter\" src=\"https:\/\/fpvoleibol.pt\/fpv\/wp-content\/uploads\/2022\/04\/sub18mas_2022_isarel.jpg\" alt=\"\" width=\"960\" height=\"559\" srcset=\"https:\/\/fpvoleibol.pt\/fpv\/wp-content\/uploads\/2022\/04\/sub18mas_2022_isarel.jpg 960w, https:\/\/fpvoleibol.pt\/fpv\/wp-content\/uploads\/2022\/04\/sub18mas_2022_isarel-300x175.jpg 300w, https:\/\/fpvoleibol.pt\/fpv\/wp-content\/uploads\/2022\/04\/sub18mas_2022_isarel-768x447.jpg 768w\" sizes=\"auto, (max-width: 960px) 100vw, 960px\" \/><\/p>\n<p style=\"font-weight: 400; text-align: center;\"><span style=\"text-decoration: underline;\"><strong>Comitiva para <span style=\"font-family: georgia, palatino, serif;\">Netanya<\/span><\/strong><\/span><\/p>\n<p><strong>AA Espinho<br \/>\n<\/strong>Jorge Marques<\/p>\n<p><strong>AA S. Mamede<br \/>\n<\/strong>Manuel Catarino<br \/>\nMiguel Morais Pereira<\/p>\n<p><strong>Esmoriz GC<br \/>\n<\/strong>Gustavo Sousa<br \/>\nPedro Morais Santos<br \/>\nRafael Pinto<\/p>\n<p><strong>GC S. Tirso<br \/>\n<\/strong>Diogo Fevereiro<\/p>\n<p><strong>GC Vilacondense<br \/>\n<\/strong>Miguel Marques<\/p>\n<p><strong>Leix\u00f5es SC<br \/>\n<\/strong>Tiago Gra\u00e7a<\/p>\n<p><strong>SC Espinho<br \/>\n<\/strong>Miguel Pedrosa<\/p>\n<p><strong>VC Viana<br \/>\n<\/strong>Jo\u00e3o Salgueiro<br \/>\nJos\u00e9 Rafael Oliveira<\/p>\n<p><strong>Team Manager<\/strong>: Manuel Silva.<br \/>\n<strong>Treinador Principal<\/strong>: Nuno Pereira.<br \/>\n<strong>Treinador Adjunto<\/strong>: Leandro Antunes.<br \/>\n<strong>Scouter<\/strong>: Diogo Rosa.<br \/>\n<strong>Fisioterapeuta<\/strong>: F\u00e1bio Goncalves.<\/p>\n<p style=\"text-align: center;\"><span style=\"text-decoration: underline;\"><strong>Itiner\u00e1rio da viagem (horas locais)<\/strong><\/span><br \/>\n<strong>19.abril.2022<\/strong><br \/>\nVoo Iberia IB3093: Porto\/Madrid (Espanha) \u2013 12h30\/14h50<br \/>\nVoo Iberia IB3316: Madrid\/Tel Aviv (Israel) \u2013 16h55\/22h45<br \/>\n<span style=\"text-decoration: underline;\"><strong>Regresso (horas locais)<\/strong><\/span><br \/>\n24.abril.2022<br \/>\nVoo Iberia IB3317: Tel Aviv\/Madrid \u2013 5h30\/9h55<br \/>\nVoo Iberia IB3092: Madrid\/Porto \u2013 11h35\/11h50<\/p>\n<p style=\"text-align: center;\"><img loading=\"lazy\" decoding=\"async\" class=\"alignnone size-full wp-image-14673\" src=\"https:\/\/fpvoleibol.pt\/fpv\/wp-content\/uploads\/2022\/04\/convocados_forma_FPV.jpg\" alt=\"\" width=\"960\" height=\"570\" srcset=\"https:\/\/fpvoleibol.pt\/fpv\/wp-content\/uploads\/2022\/04\/convocados_forma_FPV.jpg 960w, https:\/\/fpvoleibol.pt\/fpv\/wp-content\/uploads\/2022\/04\/convocados_forma_FPV-300x178.jpg 300w, https:\/\/fpvoleibol.pt\/fpv\/wp-content\/uploads\/2022\/04\/convocados_forma_FPV-768x456.jpg 768w\" sizes=\"auto, (max-width: 960px) 100vw, 960px\" \/><\/p>\n<p style=\"text-align: center;\">Est\u00e3o j\u00e1 apuradas para a <span style=\"text-decoration: underline;\">Final do Europeu de Sub-18 Masculinos<\/span>: Bulg\u00e1ria (BVA), Pol\u00f3nia (EEVZA), Eslov\u00e9nia (MEVZA), Finl\u00e2ndia (NEVZA) e B\u00e9lgica (WEVZA*).<\/p>\n<p>Apurados para a <span style=\"text-decoration: underline;\">2.\u00aa Ronda (20)<\/span>: Turquia, S\u00e9rvia, Gr\u00e9cia e Rom\u00e9nia (BVA), R\u00fassia, Ucr\u00e2nia, Bielorr\u00fassia, Let\u00f3nia e Est\u00f3nia (EEVZA), \u00c1ustria, Rep\u00fablica Checa, Israel, Cro\u00e1cia e Eslov\u00e1quia (MEVZA), Dinamarca (NEVZA) e Fran\u00e7a, Alemanha, It\u00e1lia, PORTUGAL e Espanha (WEVZA).<\/p>\n<p>* Mais conhecida pela sigla WEVZA, a <strong>Western European Volleyball Zonal Association (<\/strong><strong>Associa\u00e7\u00e3o Zonal de Voleibol do Oeste Europeu) <\/strong>foi constitu\u00edda no dia 26 de Setembro de 2013, integra oito pa\u00edses \u2013 Portugal, Espanha, Alemanha, B\u00e9lgica, It\u00e1lia, Holanda, Fran\u00e7a e Su\u00ed\u00e7a \u2013 e tem actualmente como Presidente o portugu\u00eas Vicente Ara\u00fajo, Presidente da FPV, e como Vice-Presidentes o franc\u00eas Eric Tanguy, Presidente da Federa\u00e7\u00e3o Francesa, e o belga Claude Kriescher, representante da Federa\u00e7\u00e3o Belga.<\/p>\n<p class=\"auto-style2\" style=\"text-align: left;\" align=\"justify\">O objectivo primordial desta associa\u00e7\u00e3o zonal \u00e9 fortalecer e fomentar a organiza\u00e7\u00e3o de actividades desportivas, tanto de Voleibol como de Voleibol de Praia, com especial \u00eanfase nas categorias de forma\u00e7\u00e3o.<\/p>\n<p class=\"auto-style2\" align=\"justify\">A Confedera\u00e7\u00e3o Europeia de Voleibol (CEV) conta com seis associa\u00e7\u00f5es zonais: a WEVZA (Europa Ocidental), a BVA (Balc\u00e3s), a EEVZA (Europa de Leste), a MEVZA (Europa Central), a NEVZA (Europa do Norte) e ainda a SCD (Divis\u00e3o dos Pequenos Pa\u00edses), da qual fazem parte Andorra, Chipre, Ilhas Faro\u00e9, Gibraltar, Gronel\u00e2ndia, Isl\u00e2ndia, Irlanda, Liechtenstein, Luxemburgo, Malta, M\u00f3naco, Irlanda do Norte, San Marino, Esc\u00f3cia e Pa\u00eds de Gales.<\/p>\n<p style=\"text-align: center;\">Mais informa\u00e7\u00f5es na <a href=\"https:\/\/www.cev.eu\/\">CEV<\/a> e <a href=\"http:\/\/www.wevza.com\">WEVZA<\/a><\/p>\n","protected":false},"excerpt":{"rendered":"<p>A Selec\u00e7\u00e3o Nacional de Sub-18 Masculinos, orientada por Nuno Pereira, viaja hoje para Tel Aviv, em Israel, pa\u00eds onde vai disputar a Pool E da 2.\u00aa Ronda de Qualifica\u00e7\u00e3o para [&hellip;]<\/p>\n","protected":false},"author":2,"featured_media":14818,"comment_status":"open","ping_status":"open","sticky":false,"template":"","format":"standard","meta":{"_monsterinsights_skip_tracking":false,"_monsterinsights_sitenote_active":false,"_monsterinsights_sitenote_note":"","_monsterinsights_sitenote_category":0,"footnotes":""},"categories":[8],"tags":[47],"class_list":{"0":"post-14781","1":"post","2":"type-post","3":"status-publish","4":"format-standard","5":"has-post-thumbnail","7":"category-voleibol","8":"tag-epoca-2021-2022","9":"czr-hentry"},"aioseo_notices":[],"_links":{"self":[{"href":"https:\/\/fpvoleibol.pt\/fpv\/wp-json\/wp\/v2\/posts\/14781","targetHints":{"allow":["GET"]}}],"collection":[{"href":"https:\/\/fpvoleibol.pt\/fpv\/wp-json\/wp\/v2\/posts"}],"about":[{"href":"https:\/\/fpvoleibol.pt\/fpv\/wp-json\/wp\/v2\/types\/post"}],"author":[{"embeddable":true,"href":"https:\/\/fpvoleibol.pt\/fpv\/wp-json\/wp\/v2\/users\/2"}],"replies":[{"embeddable":true,"href":"https:\/\/fpvoleibol.pt\/fpv\/wp-json\/wp\/v2\/comments?post=14781"}],"version-history":[{"count":10,"href":"https:\/\/fpvoleibol.pt\/fpv\/wp-json\/wp\/v2\/posts\/14781\/revisions"}],"predecessor-version":[{"id":14820,"href":"https:\/\/fpvoleibol.pt\/fpv\/wp-json\/wp\/v2\/posts\/14781\/revisions\/14820"}],"wp:featuredmedia":[{"embeddable":true,"href":"https:\/\/fpvoleibol.pt\/fpv\/wp-json\/wp\/v2\/media\/14818"}],"wp:attachment":[{"href":"https:\/\/fpvoleibol.pt\/fpv\/wp-json\/wp\/v2\/media?parent=14781"}],"wp:term":[{"taxonomy":"category","embeddable":true,"href":"https:\/\/fpvoleibol.pt\/fpv\/wp-json\/wp\/v2\/categories?post=14781"},{"taxonomy":"post_tag","embeddable":true,"href":"https:\/\/fpvoleibol.pt\/fpv\/wp-json\/wp\/v2\/tags?post=14781"}],"curies":[{"name":"wp","href":"https:\/\/api.w.org\/{rel}","templated":true}]}}