{"id":14691,"date":"2022-04-11T15:19:14","date_gmt":"2022-04-11T15:19:14","guid":{"rendered":"https:\/\/fpvoleibol.pt\/fpv\/?p=14691"},"modified":"2022-04-11T17:00:50","modified_gmt":"2022-04-11T17:00:50","slug":"portugueses-no-mundo-50","status":"publish","type":"post","link":"https:\/\/fpvoleibol.pt\/fpv\/2022\/04\/11\/portugueses-no-mundo-50\/","title":{"rendered":"PORTUGUESES NO MUNDO"},"content":{"rendered":"<p><img loading=\"lazy\" decoding=\"async\" class=\"size-full wp-image-11069 aligncenter\" src=\"https:\/\/fpvoleibol.pt\/fpv\/wp-content\/uploads\/2021\/11\/bandeira_por_mundo_d.jpg\" alt=\"\" width=\"960\" height=\"536\" srcset=\"https:\/\/fpvoleibol.pt\/fpv\/wp-content\/uploads\/2021\/11\/bandeira_por_mundo_d.jpg 960w, https:\/\/fpvoleibol.pt\/fpv\/wp-content\/uploads\/2021\/11\/bandeira_por_mundo_d-300x168.jpg 300w, https:\/\/fpvoleibol.pt\/fpv\/wp-content\/uploads\/2021\/11\/bandeira_por_mundo_d-768x429.jpg 768w\" sizes=\"auto, (max-width: 960px) 100vw, 960px\" \/>Em Fran\u00e7a, o <span style=\"text-decoration: underline;\">Saint-Nazaire VB Atlantique<\/span>, de <strong>Louren\u00e7o Martins<\/strong>,\u00a0come\u00e7ou bem o Playoff dos quartos-de-final da <strong><a href=\"https:\/\/www.lnv.fr\/competitions\/ligue-b-masculine\">Ligue B<\/a><\/strong> francesa ao receber e vencer, pela margem m\u00e1xima (<a href=\"https:\/\/www.lnv.fr\/competitions\/ligue-b-masculine\">3-0: 26-24, 25-17 e 25-17<\/a>), o Rennes. O Zona 4 da Selec\u00e7\u00e3o Nacional\u00a0foi o terceiro melhor pontuador da sua equipa, com 10 pontos (9 ataques e 1 bloco).<br \/>\nO segundo jogo do Playoff, disputado \u00e0 melhor de tr\u00eas jogos, realiza-se na quarta-feira no recinto do advers\u00e1rio.<br \/>\nQuem passar esta eliminat\u00f3ria ir\u00e1 enfrentar nas meias-finais o vencedor do Saint-Jen D&#8217; Illac x Fr\u00e9jus.<br \/>\nPor seu turno, o <span style=\"text-decoration: underline;\">AS Cannes<\/span>, de <strong>Filip Cveticanin<\/strong>, que terminou em 13.\u00ba e \u00faltimo lugar a fase regular da <a href=\"https:\/\/www.lnv.fr\">Ligue A<\/a>, venceu (<a href=\"https:\/\/www.lnv.fr\/competitions\/ligue-a-masculine\">3-2: 19-25, 20-25, 29-27, 25-22 e 15-13<\/a>) no recinto do Plessis-Robinson, no primeiro jogo dos playoffs de manuten\u00e7\u00e3o. Contudo, na classifica\u00e7\u00e3o, que comporta pontos da fase regular, o Cannes continua a ocupar a \u00faltima posi\u00e7\u00e3o.<br \/>\nNesta fase, o AS Cannes ter\u00e1 de defrontar tamb\u00e9m as equipas do Poitiers (13 de Abril), Toulouse, Nantes Rez\u00e9 e Cambrai.<\/p>\n<p>Na Pol\u00f3nia, o <span style=\"text-decoration: underline;\">Aluron CMC Warta Zawiercie<\/span>, de <strong>Miguel Tavares Rodrigues<\/strong>, que ficou no 4.\u00ba lugar na fase regular da <a style=\"color: #c39b19;\" href=\"https:\/\/www.plusliga.pl\/table.html\">PlusLiga<\/a>, come\u00e7a amanh\u00e3 a disputar os Playoffs dos quartos-de-final da competi\u00e7\u00e3o frente ao Asseco Resovia Rzeszow, 5.\u00ba classificado na fase regular.<br \/>\nIgualmente na Pol\u00f3nia, mas na <a href=\"https:\/\/www.tauron1liga.pl\/\">Tauron 1.Liga<\/a>, o <span style=\"text-decoration: underline;\">Chemeko-System Gwardia Wroclaw<\/span>, de <strong>Marco Ferreira<\/strong>, perdeu (<a href=\"https:\/\/www.tauron1liga.pl\/games\/id\/1101978.html\">0-3: 18-25, 23-25 e 26-28<\/a>) em casa com o Polski Cukier Avia Swidnik, advers\u00e1rio que visita na quarta-feira nos Playoffs dos quartos-de-final.<\/p>\n<p style=\"text-align: left;\">Em It\u00e1lia, o Tenaglia Altino Volley, de <strong>J\u00falia Kavalenka<\/strong>, perdeu na 4.\u00aa jornada da <a href=\"https:\/\/www.legavolleyfemminile.it\/?page_id=320&amp;anno=2021&amp;idcamp=710274\">Pool A2 Salvezza<\/a> (Manuten\u00e7\u00e3o), em casa, por <a href=\"https:\/\/www.legavolleyfemminile.it\/?page_id=47322&amp;idgara=745141\">0-3 (23-25, 18-25 e 26-28)<\/a>, com o Rizzotti Design Pallavolo Sicilia Catania. N\u00e3o obstante, a oposta portuguesa cotou-se mais uma vez como a melhor pontuadora da sua equipa e a segunda do jogo ao contabilizar <span style=\"text-decoration: underline;\">22 pontos<\/span>.<br \/>\nNo dia 17 de Abril, o Altino Volley recebe o EGEA PVT Modica.<\/p>\n<p>Na EuroMillions Volley League, da B\u00e9lgica, Idner Martins \u00e9 o novo treinador do <a href=\"https:\/\/www.lindemansaalst.be\/\">Lindemans Aalst<\/a>.<br \/>\nAos 43 anos, o antigo jogador da Selec\u00e7\u00e3o Nacional, inicia mais uma etapa na sua carreira de treinador, que come\u00e7ou h\u00e1 muito pouco tempo mas que j\u00e1 compreende v\u00e1rios pa\u00edses: TV Rottenburg II (Alemanha), \u00d6rkelljunga Volley (Su\u00e9cia) \u2013 onde foi distinguido pelo trabalho realizado \u2013, Police SC Volleyball Club (Catar) e, agora, Lindemans Aalst (B\u00e9lgica).<br \/>\nComo jogador, Idner Martins teve uma carreira longa, de 26 anos de dura\u00e7\u00e3o, tendo representado <a href=\"https:\/\/volleybox.net\/pt\/idner-martins-p77071\/clubs\">23 clubes em 12 pa\u00edses diferentes<\/a>, um dos quais Portugal, onde esteve ao servi\u00e7o do Esmoriz GC.<br \/>\nSegundo Idner Martins, &#8220;<em>como treinador, a minha paix\u00e3o \u00e9 permitir que jovens talentos se desenvolvam e atinjam o seu potencial desportivo m\u00e1ximo com for\u00e7a mental e <\/em><em>com um bom n\u00edvel t\u00e9cnico<\/em>.\u201d<\/p>\n<p class=\"auto-style1\" style=\"text-align: center;\"><span style=\"text-decoration: underline;\">Atletas \/ t\u00e9cnicos que actuam no estrangeiro e\/ou com<b> *inscri\u00e7\u00e3o iniciada em 2021\/2022<\/b>:<\/span><\/p>\n<p><a href=\"http:\/\/www.wooricardwibee.com\/main\/main.asp\" target=\"_blank\" rel=\"noopener noreferrer\">Woori Card Wibee (Coreia do Sul)<\/a> \u2013 Alexandre Ferreira<br \/>\n<a href=\"http:\/\/www.plusliga.pl\/en\/teams\/id\/30288.html\" target=\"_blank\" rel=\"noopener noreferrer\">Aluron Warta Zawiercie (Pol\u00f3nia)<\/a> \u2013 Miguel Tavares Rodrigues<br \/>\n<a href=\"https:\/\/www.facebook.com\/gwardiawroc\">Chemeko\u2013System Gwardia Wroclaw (Pol\u00f3nia)<\/a> \u2013 Marco Ferreira<br \/>\n<a href=\"https:\/\/www.usc-muenster.de\/\">USC Munster (Alemanha)<\/a> \u2013 Marta Hurst<br \/>\n<a href=\"https:\/\/www.ascannesvolley.com\/\">AS Cannes (Fran\u00e7a)<\/a> \u2013 Filip Cveticanin<br \/>\n<a href=\"http:\/\/www.snvba.net\/\" target=\"_blank\" rel=\"noopener noreferrer\">Saint-Nazaire VB Atlantique (Fran\u00e7a)<\/a> \u2013 Louren\u00e7o Martins<br \/>\n<a href=\"https:\/\/www.facebook.com\/altinovolley\/\">Tenaglia Altino Volley (It\u00e1lia)<\/a> \u2013 J\u00falia Kavalenka<br \/>\n<a href=\"https:\/\/www.facebook.com\/voleititanii\/\">AV Olimpia Titanii Bucuresti (Rom\u00e9nia)<\/a>\u00a0\u2013 Jos\u00e9 Pedro Gomes<br \/>\n<a href=\"https:\/\/www.boucvolley.com\/\">Beauvais Oise UC (Fran\u00e7a)<\/a> &#8211; Jos\u00e9 Vieira<br \/>\n<a href=\"https:\/\/www.netzhoppers.org\/\">Netzhoppers KW-Bestensee (Alemanha)<\/a> \u2013 Jos\u00e9 Jardim<br \/>\n<a href=\"https:\/\/www.istres-volley.fr\/equipe-premiere\/lequipe\/\" target=\"_blank\" rel=\"noopener noreferrer\">Istres Ouest-Provence Volley-Ball (Fran\u00e7a)<\/a>\u00a0\u2013 Beatriz Santos<br \/>\n<a href=\"http:\/\/www.szegedvolley.com\/\">Szegedi R\u00f6plabda Sportegyes\u00fclet (Hungria)<\/a> \u2013 In\u00eas Pereira<br \/>\n<a href=\"https:\/\/www.facebook.com\/CUSCagliariOfficial\/\">ASD Cus Cagliari (It\u00e1lia)<\/a> \u2013 In\u00eas Neves Baptista<br \/>\n<a href=\"https:\/\/www.facebook.com\/MgarrVolleyballClub\/\">Mgarr Volleyball Club (Malta)<\/a> \u2013 Beatriz Reis da Silva<br \/>\n<a href=\"https:\/\/scorenco.com\/volley\/clubs\/ent-sport-meylan-la-tronche\/equipes\/ent-sport-meylan-la-tronche\/\">Ent Sport Meylan La Tronche (Fran\u00e7a)<\/a> \u2013 S\u00e9rgio Filipe Miranda<br \/>\n<a href=\"https:\/\/www.facebook.com\/asberckvolleyball\/\">AS Berck Volley-ball (Fran\u00e7a)<\/a> \u2013 Ana Rita Lisboa<br \/>\n<a href=\"https:\/\/amvb-amiens.fr\/\" target=\"_blank\" rel=\"noopener noreferrer\">Amiens M\u00e9tropole Volley-Ball (Fran\u00e7a)<\/a>\u00a0\u2013 Andr\u00e9 Mata<br \/>\n<a href=\"http:\/\/www.le-volleys.de\/regionalliga-ost.html\" target=\"_blank\" rel=\"noopener noreferrer\">LE Volleys (Alemanha, Regionalliga)<\/a>\u00a0\u2013 Matilde Silveira<br \/>\n<a href=\"https:\/\/www.facebook.com\/ecovolleyofficiel\" target=\"_blank\" rel=\"noopener noreferrer\">Etudiant Club Orleanais (Fran\u00e7a)<\/a>\u00a0\u2013 Joana Gonzalez<br \/>\n<a href=\"https:\/\/southamptonvolleyball.co.uk\/\">Southampton Volleyball Clube (Inglaterra)<\/a> \u2013 Ema Sofia Carneiro<br \/>\n<a href=\"https:\/\/southamptonvolleyball.co.uk\/\">Southampton Volleyball Clube (Inglaterra)<\/a> \u2013 Maria Lima Antunes<br \/>\n<a href=\"http:\/\/www.volleyballengland.org\/competitions\/national_volleyball_league\/league_tables?comp=VE1&amp;season=VE36637368&amp;division=VE48686060\" target=\"_blank\" rel=\"noopener noreferrer\">Durham Palatinates Women (Inglaterra)<\/a>\u00a0\u2013 Susana Veiga<br \/>\n<a href=\"https:\/\/readingaces.wordpress.com\/\">Reading Aces (Inglaterra)<\/a> \u2013 Paulina Lemos<br \/>\n<a href=\"http:\/\/www.darkstarvolleyball.com\/our-teams\/male-player\/\">Darkstar Derbyshire (Inglaterra)<\/a> \u2013 Marcelo Goulart<br \/>\n<a href=\"https:\/\/www.volleyclubs.be\/capciwb\/\">CAPCI WB (B\u00e9lgica)<\/a> \u2013 Jo\u00e3o Andr\u00e9<br \/>\n<a href=\"https:\/\/www.facebook.com\/clubvoleiboltorredembarra\/\">CEVOL Torreembarra (Espanha)<\/a> \u2013 Daniel Carvalho<br \/>\n<a href=\"https:\/\/www.facebook.com\/ssovbc\/\">VBC Servette Star-Onex (Su\u00ed\u00e7a)<\/a> \u2013 Rui Santos<br \/>\n<a href=\"https:\/\/www.facebook.com\/Annemasse-Volley-282348375455806\/\">Annemasse Voley 74 (Fran\u00e7a)<\/a> \u2013 Cris\u00e1lida Borges<br \/>\n<a href=\"https:\/\/www.facebook.com\/VBPNiort\">VB Pexinois Niort (Fran\u00e7a)<\/a> \u2013 Vict\u00f3ria Soares<br \/>\n<a href=\"https:\/\/www.facebook.com\/AlCaudryVolleyBall\">AL Caudry VB (Fran\u00e7a)<\/a> \u2013 Alexandre Dinis Vieira<\/p>\n<p><strong>(&#8230;)<\/strong><\/p>\n<p><a href=\"https:\/\/fpvoleibol.pt\/fpv\/2021\/10\/21\/portugueses-no-mundo-26\/\"><span class=\"auto-style7\"><strong>Treinadores<\/strong><\/span><\/a>:<br \/>\n<a href=\"https:\/\/www.voleibolalcobendas.com\/\">Feel Volley Alcobendas (Espanha)<\/a> \u2013 Jo\u00e3o David<br \/>\n<a href=\"https:\/\/www.istres-volley.fr\/equipe-premiere\/lequipe\/\" target=\"_blank\" rel=\"noopener noreferrer\">Istres Ouest-Provence Volley-Ball (Fran\u00e7a)<\/a> \u2013 Andr\u00e9 S\u00e1<br \/>\n<a href=\"https:\/\/www.istres-volley.fr\/equipe-premiere\/lequipe\/\" target=\"_blank\" rel=\"noopener noreferrer\">Istres Ouest-Provence Volley-Ball (Fran\u00e7a)<\/a> \u2013 Jo\u00e3o Scheltinga<br \/>\n<a href=\"https:\/\/www.facebook.com\/ZESARVFM\/\">Volleyball Franches-Montagnes (Su\u00ed\u00e7a)<\/a> &#8211; Eduardo Faustino<br \/>\n<a href=\"https:\/\/www.lnv.fr\/lam\/equipes\/tourcoing-181\">Tourcoing Lille MV (Fran\u00e7a)<\/a> \u2013 David Sousa<br \/>\n<a href=\"https:\/\/www.facebook.com\/Club-Voleibol-Sayre-Mayser-Gran-Canaria-174626499227342\/\">CV Sayre Mayser Gran Canaria (Espanha)<\/a> \u2013 R\u00faben Fevereiro<br \/>\n<a href=\"https:\/\/www.volleya.ch\/\">Raiffeisen Volleya Obwalden NLB<\/a> \u2013 Filipe Carrasco Soares<br \/>\n<a href=\"https:\/\/www.svenskalag.se\/DegerforsvolleyOrion\">Degerfors Volley Orion (Su\u00e9cia)<\/a> \u2013 Ivan Nunes<br \/>\n<a href=\"https:\/\/www.facebook.com\/Blue-volei-clube-1752350595073998\/\" target=\"_blank\" rel=\"noopener noreferrer\">Blue Volei Clube (Angola)<\/a>\u00a0\u2013 Andr\u00e9 Pereira<br \/>\n<a href=\"https:\/\/www.lindemansaalst.be\/\">Lindemans Aalst (B\u00e9lgica)<\/a>\u00a0\u2013 Idner Martins<\/p>\n<p style=\"text-align: center;\"><span style=\"text-decoration: underline;\"><strong>\u00c1rbitros portugueses em ac\u00e7\u00e3o nas competi\u00e7\u00f5es internacionais<\/strong><\/span><\/p>\n<p style=\"text-align: center;\"><span style=\"text-decoration: underline;\"><strong>Voleibol Indoor<\/strong><\/span><\/p>\n<p><strong>Ricardo Ferreira<\/strong><br \/>\nPortugal x Dinamarca, da Pool A da European Golden League &#8211; masculinos, no dia 12 de Junho de 2022.<br \/>\nMundiais Universit\u00e1rios (Chengdu 2021 FISU World University Games), agendados para 26 de Junho a 7 de Julho de 2022, na China.<\/p>\n<p><strong>Nuno Maia<\/strong><br \/>\nPortugal x Eslov\u00e1quia, da Pool A da European Golden League &#8211; masculinos, no dia 29 de Maio de 2022.<\/p>\n<p><strong>Jos\u00e9 Caramez<\/strong><br \/>\nPortugal x Luxemburgo, da Pool A da European Silver League &#8211; femininos, no dia 8 de Junho de 2022.<\/p>\n<p><strong>Raquel Portela<\/strong><br \/>\nPortugal x Eslov\u00e9nia, da Pool A da European Silver League &#8211; femininos, no dia 1 de Junho de 2022.<br \/>\nMundiais Universit\u00e1rios (Chengdu 2021 FISU World University Games), agendados para 26 de Junho a 7 de Julho de 2022, na China.<\/p>\n<p><strong>Nuno Teixeira<\/strong><br \/>\nPortugal x Est\u00f3nia, da Pool A da European Silver League &#8211; femininos, no dia 25 de Maio de 2022.<br \/>\nPortugal x Su\u00e9cia, da Pool A da European Silver League &#8211; femininos, no dia 15 de Junho de 2022.<\/p>\n<p><strong>Pedro Pinto<br \/>\n<\/strong>Portugal x Turquia, da Pool A da European Golden League &#8211; masculinos, no dia 1 de Junho de 2022.<\/p>\n<p style=\"text-align: center;\"><span style=\"text-decoration: underline;\"><strong>Voleibol de Praia<\/strong><\/span><\/p>\n<p><strong>Rui Carvalho<\/strong> \u2013 Etapas do <span style=\"text-decoration: underline;\">FIVB Beach Pro Tour 2022<\/span> a disputar em Itapema (Brasil, 14 a 17 de Abril), Doha (Catar, 5 a 8 de Maio), Ostrava (Rep. Checa, 25 a 29 de Maio), Espinho (14 a 17 de\u00a0 Julho), Cape Town (\u00c1frica do Sul, 2 a 6 de Novembro) e Rio Janeiro (Brasil, 9 a 13 de Novembro).<br \/>\n<span style=\"text-decoration: underline;\">Campeonatos da Europa\/Munique 2022<\/span> \u2013 equipa de arbitragem do Voleibol de Praia, de 15 a 21 de Agosto de 2022, na Alemanha.<\/p>\n<p><strong>Sandra Deveza<\/strong> \u2013 Etapas do <span style=\"text-decoration: underline;\">FIVB Beach Pro Tour 2022 <\/span>a disputar em Kousadasi (Turquia, 19 a 22 Maio), Gstaad (Su\u00ed\u00e7a, 6 a 10 de Julho) e Espinho (14 a 17 de Julho).<br \/>\nCampeonato da Europa de Sub-22 \u2013 em Vlissingen e Werkendam (Pa\u00edses Baixos), de 9 a 12 de Junho de 2022.<\/p>\n<p>Mais informa\u00e7\u00f5es em <a href=\"http:\/\/www.cev.eu\">www.cev.eu<\/a><\/p>\n","protected":false},"excerpt":{"rendered":"<p>Em Fran\u00e7a, o Saint-Nazaire VB Atlantique, de Louren\u00e7o Martins,\u00a0come\u00e7ou bem o Playoff dos quartos-de-final da Ligue B francesa ao receber e vencer, pela margem m\u00e1xima (3-0: 26-24, 25-17 e 25-17), [&hellip;]<\/p>\n","protected":false},"author":2,"featured_media":12111,"comment_status":"open","ping_status":"open","sticky":false,"template":"","format":"standard","meta":{"_monsterinsights_skip_tracking":false,"_monsterinsights_sitenote_active":false,"_monsterinsights_sitenote_note":"","_monsterinsights_sitenote_category":0,"footnotes":""},"categories":[13,8],"tags":[47,52],"class_list":{"0":"post-14691","1":"post","2":"type-post","3":"status-publish","4":"format-standard","5":"has-post-thumbnail","7":"category-arbitragem","8":"category-voleibol","9":"tag-epoca-2021-2022","10":"tag-portugueses-no-mundo","11":"czr-hentry"},"aioseo_notices":[],"_links":{"self":[{"href":"https:\/\/fpvoleibol.pt\/fpv\/wp-json\/wp\/v2\/posts\/14691","targetHints":{"allow":["GET"]}}],"collection":[{"href":"https:\/\/fpvoleibol.pt\/fpv\/wp-json\/wp\/v2\/posts"}],"about":[{"href":"https:\/\/fpvoleibol.pt\/fpv\/wp-json\/wp\/v2\/types\/post"}],"author":[{"embeddable":true,"href":"https:\/\/fpvoleibol.pt\/fpv\/wp-json\/wp\/v2\/users\/2"}],"replies":[{"embeddable":true,"href":"https:\/\/fpvoleibol.pt\/fpv\/wp-json\/wp\/v2\/comments?post=14691"}],"version-history":[{"count":3,"href":"https:\/\/fpvoleibol.pt\/fpv\/wp-json\/wp\/v2\/posts\/14691\/revisions"}],"predecessor-version":[{"id":14694,"href":"https:\/\/fpvoleibol.pt\/fpv\/wp-json\/wp\/v2\/posts\/14691\/revisions\/14694"}],"wp:featuredmedia":[{"embeddable":true,"href":"https:\/\/fpvoleibol.pt\/fpv\/wp-json\/wp\/v2\/media\/12111"}],"wp:attachment":[{"href":"https:\/\/fpvoleibol.pt\/fpv\/wp-json\/wp\/v2\/media?parent=14691"}],"wp:term":[{"taxonomy":"category","embeddable":true,"href":"https:\/\/fpvoleibol.pt\/fpv\/wp-json\/wp\/v2\/categories?post=14691"},{"taxonomy":"post_tag","embeddable":true,"href":"https:\/\/fpvoleibol.pt\/fpv\/wp-json\/wp\/v2\/tags?post=14691"}],"curies":[{"name":"wp","href":"https:\/\/api.w.org\/{rel}","templated":true}]}}