{"id":14689,"date":"2022-04-11T15:21:25","date_gmt":"2022-04-11T15:21:25","guid":{"rendered":"https:\/\/fpvoleibol.pt\/fpv\/?p=14689"},"modified":"2022-05-06T15:57:49","modified_gmt":"2022-05-06T15:57:49","slug":"fpv-celebra-protocolo-com-municipio-de-viana-do-castelo","status":"publish","type":"post","link":"https:\/\/fpvoleibol.pt\/fpv\/2022\/04\/11\/fpv-celebra-protocolo-com-municipio-de-viana-do-castelo\/","title":{"rendered":"FPV CELEBRA PROTOCOLO COM MUNIC\u00cdPIO DE VIANA DO CASTELO"},"content":{"rendered":"<p><img loading=\"lazy\" decoding=\"async\" class=\"size-full wp-image-14664 aligncenter\" src=\"https:\/\/fpvoleibol.pt\/fpv\/wp-content\/uploads\/2022\/04\/proto_fpv_cmvc_d.jpg\" alt=\"\" width=\"960\" height=\"570\" srcset=\"https:\/\/fpvoleibol.pt\/fpv\/wp-content\/uploads\/2022\/04\/proto_fpv_cmvc_d.jpg 960w, https:\/\/fpvoleibol.pt\/fpv\/wp-content\/uploads\/2022\/04\/proto_fpv_cmvc_d-300x178.jpg 300w, https:\/\/fpvoleibol.pt\/fpv\/wp-content\/uploads\/2022\/04\/proto_fpv_cmvc_d-768x456.jpg 768w\" sizes=\"auto, (max-width: 960px) 100vw, 960px\" \/>A <strong>C\u00e2mara Municipal de Viana do Castelo (CMVC)<\/strong> e a <strong>Federa\u00e7\u00e3o Portuguesa de Voleibol (FPV)<\/strong> celebraram um protocolo de coopera\u00e7\u00e3o que abrange v\u00e1rias iniciativas e actividades do Voleibol e das suas variantes no decurso dos anos 2022 e 2023.<\/p>\n<p>O Protocolo foi assinado por <strong>Lu\u00eds Nobre<\/strong> e <strong>Vicente Ara\u00fajo<\/strong>, respectivamente <strong>Presidente da CMVC <\/strong>e <strong>Presidente da FPV<\/strong>, nas instala\u00e7\u00f5es da autarquia e no decorrer da Pool D de Qualifica\u00e7\u00e3o para o Campeonato da Europa de Sub-20 Masculinos, disputada no Centro Cultural vianense e na qual a <a href=\"https:\/\/fpvoleibol.pt\/fpv\/2022\/04\/10\/sub-20-invictos-e-imperiais-apuram-se-para-o-europeu\/\">Selec\u00e7\u00e3o Nacional se apurou para a fase final<\/a> contando todos os jogos por vit\u00f3rias.<\/p>\n<p><strong>Este ano<\/strong>, a Federa\u00e7\u00e3o Portuguesa de Voleibol j\u00e1 organizou no Centro Cultural de Viana do Castelo a Final Four da Ta\u00e7a de Portugal \u2013 Femininos (18 e 19 de Mar\u00e7o), a Final Four da Ta\u00e7a de Portugal \u2013 Masculinos (19 e 20 de Mar\u00e7o) e a 2.\u00aa Ronda de Qualifica\u00e7\u00e3o para o Campeonato da Europa 2022 de Sub-20 Masculinos (8 a 10 de Abril).<\/p>\n<p>Est\u00e1 ainda prevista a realiza\u00e7\u00e3o na <em>Princesa do Lima<\/em> de jogos da European Golden League 2022 (Selec\u00e7\u00e3o de Seniores Masculinos), a disputar nos dias <strong>29 de Maio<\/strong> (com a Eslov\u00e1quia) e <strong>1 de Junho<\/strong> (Turquia), no Centro Cultural de Viana do Castelo, bem como de est\u00e1gios de prepara\u00e7\u00e3o para a competi\u00e7\u00e3o.<\/p>\n<p>Nos dias 25 de Maio e 1 de Junho ser\u00e1 a vez da Selec\u00e7\u00e3o Nacional de Seniores Femininos actuar no Centro Cultural, respectivamente frente \u00e0 Est\u00f3nia e Eslov\u00e9nia, em jogos a contar para a European Silver League.<\/p>\n<p><strong>Para 2023<\/strong>, ano em que Viana do Castelo se assumir\u00e1 como Cidade Europeia do Desporto, o protocolo prev\u00ea a realiza\u00e7\u00e3o de v\u00e1rios eventos:<\/p>\n<p>. <span style=\"text-decoration: underline;\">Final Four da Ta\u00e7a de Portugal 2023 &#8211; Femininos<\/span>, a realizar no Centro Cultural de Viana do Castelo, em data a definir;<\/p>\n<p>. <span style=\"text-decoration: underline;\">Final Four da Ta\u00e7a de Portugal 2023 &#8211; Masculinos<\/span>, a realizar no Centro Cultural de Viana do Castelo, em data a definir;<\/p>\n<p>. <span style=\"text-decoration: underline;\">Torneio da WEVZA de Sub-19 Masculinos<\/span>, a disputar entre os meses de Junho e Julho do pr\u00f3ximo ano, no Centro Cultural de Viana do Castelo pelas selec\u00e7\u00f5es de Portugal, Alemanha, Su\u00ed\u00e7a, Espanha, Fran\u00e7a, B\u00e9lgica, It\u00e1lia e Holanda.<\/p>\n<p><span style=\"text-decoration: underline;\">Para al\u00e9m disso, est\u00e3o ainda previstos<\/span>:<\/p>\n<p>. <strong>Est\u00e1gios<\/strong> da Selec\u00e7\u00e3o Nacional de Seniores Masculinos:<\/p>\n<p>\u2013 De prepara\u00e7\u00e3o para a European Golden League, a realizar entre Maio e Junho de 2023;<\/p>\n<p>\u2013 De prepara\u00e7\u00e3o para a Fase Final do Campeonato da Europa, a realizar entre Julho e Agosto de 2023.<\/p>\n<p>. <strong>Jogos<\/strong> da European Golden League 2023 (Seniores Masculinos);<\/p>\n<p>. <strong>Jogos<\/strong> da European Golden\/Silver League 2023 (Seniores Femininos).<\/p>\n<p>Est\u00e1 ainda por protocolar a fase final \u2013 Encontro Nacional \u2013 do Gira-Volei em 2023.<\/p>\n","protected":false},"excerpt":{"rendered":"<p>A C\u00e2mara Municipal de Viana do Castelo (CMVC) e a Federa\u00e7\u00e3o Portuguesa de Voleibol (FPV) celebraram um protocolo de coopera\u00e7\u00e3o que abrange v\u00e1rias iniciativas e actividades do Voleibol e das [&hellip;]<\/p>\n","protected":false},"author":2,"featured_media":14665,"comment_status":"open","ping_status":"open","sticky":false,"template":"","format":"standard","meta":{"_monsterinsights_skip_tracking":false,"_monsterinsights_sitenote_active":false,"_monsterinsights_sitenote_note":"","_monsterinsights_sitenote_category":0,"footnotes":""},"categories":[12,14,8],"tags":[47,59,60],"class_list":{"0":"post-14689","1":"post","2":"type-post","3":"status-publish","4":"format-standard","5":"has-post-thumbnail","7":"category-gira-volei","8":"category-institucional","9":"category-voleibol","10":"tag-epoca-2021-2022","11":"tag-european-golden-league-2022","12":"tag-european-silver-league-2022","13":"czr-hentry"},"aioseo_notices":[],"_links":{"self":[{"href":"https:\/\/fpvoleibol.pt\/fpv\/wp-json\/wp\/v2\/posts\/14689","targetHints":{"allow":["GET"]}}],"collection":[{"href":"https:\/\/fpvoleibol.pt\/fpv\/wp-json\/wp\/v2\/posts"}],"about":[{"href":"https:\/\/fpvoleibol.pt\/fpv\/wp-json\/wp\/v2\/types\/post"}],"author":[{"embeddable":true,"href":"https:\/\/fpvoleibol.pt\/fpv\/wp-json\/wp\/v2\/users\/2"}],"replies":[{"embeddable":true,"href":"https:\/\/fpvoleibol.pt\/fpv\/wp-json\/wp\/v2\/comments?post=14689"}],"version-history":[{"count":2,"href":"https:\/\/fpvoleibol.pt\/fpv\/wp-json\/wp\/v2\/posts\/14689\/revisions"}],"predecessor-version":[{"id":14695,"href":"https:\/\/fpvoleibol.pt\/fpv\/wp-json\/wp\/v2\/posts\/14689\/revisions\/14695"}],"wp:featuredmedia":[{"embeddable":true,"href":"https:\/\/fpvoleibol.pt\/fpv\/wp-json\/wp\/v2\/media\/14665"}],"wp:attachment":[{"href":"https:\/\/fpvoleibol.pt\/fpv\/wp-json\/wp\/v2\/media?parent=14689"}],"wp:term":[{"taxonomy":"category","embeddable":true,"href":"https:\/\/fpvoleibol.pt\/fpv\/wp-json\/wp\/v2\/categories?post=14689"},{"taxonomy":"post_tag","embeddable":true,"href":"https:\/\/fpvoleibol.pt\/fpv\/wp-json\/wp\/v2\/tags?post=14689"}],"curies":[{"name":"wp","href":"https:\/\/api.w.org\/{rel}","templated":true}]}}