{"id":14667,"date":"2022-04-11T11:24:11","date_gmt":"2022-04-11T11:24:11","guid":{"rendered":"https:\/\/fpvoleibol.pt\/fpv\/?p=14667"},"modified":"2022-04-11T11:24:11","modified_gmt":"2022-04-11T11:24:11","slug":"sub-18-masculinos-em-estagio","status":"publish","type":"post","link":"https:\/\/fpvoleibol.pt\/fpv\/2022\/04\/11\/sub-18-masculinos-em-estagio\/","title":{"rendered":"SUB-18 MASCULINOS EM EST\u00c1GIO"},"content":{"rendered":"<p><span style=\"font-family: Arial,sans-serif;\"><img loading=\"lazy\" decoding=\"async\" class=\"size-full wp-image-14671 aligncenter\" src=\"https:\/\/fpvoleibol.pt\/fpv\/wp-content\/uploads\/2022\/04\/Nuno_PereiraNP_FPV.jpg\" alt=\"\" width=\"960\" height=\"569\" srcset=\"https:\/\/fpvoleibol.pt\/fpv\/wp-content\/uploads\/2022\/04\/Nuno_PereiraNP_FPV.jpg 960w, https:\/\/fpvoleibol.pt\/fpv\/wp-content\/uploads\/2022\/04\/Nuno_PereiraNP_FPV-300x178.jpg 300w, https:\/\/fpvoleibol.pt\/fpv\/wp-content\/uploads\/2022\/04\/Nuno_PereiraNP_FPV-768x455.jpg 768w\" sizes=\"auto, (max-width: 960px) 100vw, 960px\" \/><span style=\"font-family: georgia, palatino, serif;\">A <a href=\"https:\/\/fpvoleibol.pt\/fpv\/2022\/01\/09\/europeu-de-sub-18-masculinos-2\/\"><strong>Selec\u00e7\u00e3o Nacional de Sub-18 Masculinos<\/strong><\/a><\/span><\/span><span style=\"font-family: georgia, palatino, serif;\">, orientada por <strong>Nuno Pereira<\/strong>, inicia hoje na Escola Secund\u00e1ria Carolina Michaelis, no Porto, um est\u00e1gio que visa preparar a participa\u00e7\u00e3o na <strong>Pool E da 2.\u00aa Ronda de<\/strong> <b>Qualifica\u00e7\u00e3o para o Campeonato da Europa<\/b> da categoria<b>.<\/b><\/span><\/p>\n<p><span style=\"font-family: georgia, palatino, serif;\">A <strong>Pool E da <\/strong> <strong>2.\u00aa Ronda de<\/strong> <b>Qualifica\u00e7\u00e3o para o Campeonato da Europa de Sub-18 <\/b>realiza-se de <a href=\"https:\/\/www.cev.eu\/national-team\/age-group-championships\/u18m\/#2nd-round\">21 a 23 de Abril de 2022<\/a> em Israel e Portugal vai defrontar, sucessivamente, as selec\u00e7\u00f5es da Rep\u00fablica Checa, de Israel e da Rom\u00e9nia.\u00a0<\/span><\/p>\n<p style=\"font-weight: 400; text-align: center;\"><span style=\"text-decoration: underline;\"><strong>Convocados para o est\u00e1gio<\/strong><\/span><\/p>\n<p><strong>AA Espinho<br \/>\n<\/strong>Jorge Marques<\/p>\n<p><strong>AA S. Mamede<br \/>\n<\/strong>Guilherme Ferreira<br \/>\nManuel Catarino<br \/>\nMiguel Morais Pereira<\/p>\n<p><strong>CA Madalena<br \/>\n<\/strong>Jo\u00e3o M\u00e1ximo Fran\u00e7a<\/p>\n<p><strong>Esmoriz GC<br \/>\n<\/strong>Gustavo Sousa<br \/>\nPedro Morais Santos<br \/>\nRafael Pinto<\/p>\n<p><strong>GC S. Tirso<br \/>\n<\/strong>Diogo Fevereiro<\/p>\n<p><strong>GC Vilacondense<br \/>\n<\/strong>Miguel Marques<br \/>\nPedro Ferreira<\/p>\n<p><strong>Latino Coelho<br \/>\n<\/strong>Rafael Esperan\u00e7o<\/p>\n<p><strong>Leix\u00f5es SC<br \/>\n<\/strong>Andr\u00e9 Leal<br \/>\nTiago Gra\u00e7a<\/p>\n<p><strong>SC Espinho<br \/>\n<\/strong>Miguel Pedrosa<\/p>\n<p><strong>VC Viana<br \/>\n<\/strong>Jo\u00e3o Salgueiro<br \/>\nJos\u00e9 Rafael Oliveira<\/p>\n<p style=\"text-align: center;\"><img loading=\"lazy\" decoding=\"async\" class=\"alignnone size-full wp-image-14673\" src=\"https:\/\/fpvoleibol.pt\/fpv\/wp-content\/uploads\/2022\/04\/convocados_forma_FPV.jpg\" alt=\"\" width=\"960\" height=\"570\" srcset=\"https:\/\/fpvoleibol.pt\/fpv\/wp-content\/uploads\/2022\/04\/convocados_forma_FPV.jpg 960w, https:\/\/fpvoleibol.pt\/fpv\/wp-content\/uploads\/2022\/04\/convocados_forma_FPV-300x178.jpg 300w, https:\/\/fpvoleibol.pt\/fpv\/wp-content\/uploads\/2022\/04\/convocados_forma_FPV-768x456.jpg 768w\" sizes=\"auto, (max-width: 960px) 100vw, 960px\" \/><\/p>\n<p style=\"text-align: center;\">Est\u00e3o j\u00e1 apuradas para a <span style=\"text-decoration: underline;\">Final do Europeu de Sub-18 Masculinos<\/span>: Bulg\u00e1ria (BVA), Pol\u00f3nia (EEVZA), Eslov\u00e9nia (MEVZA), Finl\u00e2ndia (NEVZA) e B\u00e9lgica (WEVZA*).<\/p>\n<p>Apurados para a <span style=\"text-decoration: underline;\">2.\u00aa Ronda (20)<\/span>: Turquia, S\u00e9rvia, Gr\u00e9cia e Rom\u00e9nia (BVA), R\u00fassia, Ucr\u00e2nia, Bielorr\u00fassia, Let\u00f3nia e Est\u00f3nia (EEVZA), \u00c1ustria, Rep\u00fablica Checa, Israel, Cro\u00e1cia e Eslov\u00e1quia (MEVZA), Dinamarca (NEVZA) e Fran\u00e7a, Alemanha, It\u00e1lia, PORTUGAL e Espanha (WEVZA).<\/p>\n<p>* Mais conhecida pela sigla WEVZA, a <strong>Western European Volleyball Zonal Association (<\/strong><strong>Associa\u00e7\u00e3o Zonal de Voleibol do Oeste Europeu) <\/strong>foi constitu\u00edda no dia 26 de Setembro de 2013, integra oito pa\u00edses \u2013 Portugal, Espanha, Alemanha, B\u00e9lgica, It\u00e1lia, Holanda, Fran\u00e7a e Su\u00ed\u00e7a \u2013 e tem actualmente como Presidente o portugu\u00eas Vicente Ara\u00fajo, Presidente da FPV, e como Vice-Presidentes o franc\u00eas Eric Tanguy, Presidente da Federa\u00e7\u00e3o Francesa, e o belga Claude Kriescher, representante da Federa\u00e7\u00e3o Belga.<\/p>\n<p class=\"auto-style2\" style=\"text-align: left;\" align=\"justify\">O objectivo primordial desta associa\u00e7\u00e3o zonal \u00e9 fortalecer e fomentar a organiza\u00e7\u00e3o de actividades desportivas, tanto de Voleibol como de Voleibol de Praia, com especial \u00eanfase nas categorias de forma\u00e7\u00e3o.<\/p>\n<p class=\"auto-style2\" align=\"justify\">A Confedera\u00e7\u00e3o Europeia de Voleibol (CEV) conta com seis associa\u00e7\u00f5es zonais: a WEVZA (Europa Ocidental), a BVA (Balc\u00e3s), a EEVZA (Europa de Leste), a MEVZA (Europa Central), a NEVZA (Europa do Norte) e ainda a SCD (Divis\u00e3o dos Pequenos Pa\u00edses), da qual fazem parte Andorra, Chipre, Ilhas Faro\u00e9, Gibraltar, Gronel\u00e2ndia, Isl\u00e2ndia, Irlanda, Liechtenstein, Luxemburgo, Malta, M\u00f3naco, Irlanda do Norte, San Marino, Esc\u00f3cia e Pa\u00eds de Gales.<\/p>\n<p style=\"text-align: center;\">Mais informa\u00e7\u00f5es na <a href=\"https:\/\/www.cev.eu\/\">CEV<\/a> e <a href=\"http:\/\/www.wevza.com\">WEVZA<\/a><\/p>\n","protected":false},"excerpt":{"rendered":"<p>A Selec\u00e7\u00e3o Nacional de Sub-18 Masculinos, orientada por Nuno Pereira, inicia hoje na Escola Secund\u00e1ria Carolina Michaelis, no Porto, um est\u00e1gio que visa preparar a participa\u00e7\u00e3o na Pool E da [&hellip;]<\/p>\n","protected":false},"author":2,"featured_media":14672,"comment_status":"open","ping_status":"open","sticky":false,"template":"","format":"standard","meta":{"_monsterinsights_skip_tracking":false,"_monsterinsights_sitenote_active":false,"_monsterinsights_sitenote_note":"","_monsterinsights_sitenote_category":0,"footnotes":""},"categories":[8],"tags":[47,61],"class_list":{"0":"post-14667","1":"post","2":"type-post","3":"status-publish","4":"format-standard","5":"has-post-thumbnail","7":"category-voleibol","8":"tag-epoca-2021-2022","9":"tag-sub-18","10":"czr-hentry"},"aioseo_notices":[],"_links":{"self":[{"href":"https:\/\/fpvoleibol.pt\/fpv\/wp-json\/wp\/v2\/posts\/14667","targetHints":{"allow":["GET"]}}],"collection":[{"href":"https:\/\/fpvoleibol.pt\/fpv\/wp-json\/wp\/v2\/posts"}],"about":[{"href":"https:\/\/fpvoleibol.pt\/fpv\/wp-json\/wp\/v2\/types\/post"}],"author":[{"embeddable":true,"href":"https:\/\/fpvoleibol.pt\/fpv\/wp-json\/wp\/v2\/users\/2"}],"replies":[{"embeddable":true,"href":"https:\/\/fpvoleibol.pt\/fpv\/wp-json\/wp\/v2\/comments?post=14667"}],"version-history":[{"count":5,"href":"https:\/\/fpvoleibol.pt\/fpv\/wp-json\/wp\/v2\/posts\/14667\/revisions"}],"predecessor-version":[{"id":14678,"href":"https:\/\/fpvoleibol.pt\/fpv\/wp-json\/wp\/v2\/posts\/14667\/revisions\/14678"}],"wp:featuredmedia":[{"embeddable":true,"href":"https:\/\/fpvoleibol.pt\/fpv\/wp-json\/wp\/v2\/media\/14672"}],"wp:attachment":[{"href":"https:\/\/fpvoleibol.pt\/fpv\/wp-json\/wp\/v2\/media?parent=14667"}],"wp:term":[{"taxonomy":"category","embeddable":true,"href":"https:\/\/fpvoleibol.pt\/fpv\/wp-json\/wp\/v2\/categories?post=14667"},{"taxonomy":"post_tag","embeddable":true,"href":"https:\/\/fpvoleibol.pt\/fpv\/wp-json\/wp\/v2\/tags?post=14667"}],"curies":[{"name":"wp","href":"https:\/\/api.w.org\/{rel}","templated":true}]}}