{"id":14588,"date":"2022-04-09T16:52:24","date_gmt":"2022-04-09T16:52:24","guid":{"rendered":"https:\/\/fpvoleibol.pt\/fpv\/?p=14588"},"modified":"2022-04-09T20:53:12","modified_gmt":"2022-04-09T20:53:12","slug":"sub-20-alemanha-x-suica-3-2","status":"publish","type":"post","link":"https:\/\/fpvoleibol.pt\/fpv\/2022\/04\/09\/sub-20-alemanha-x-suica-3-2\/","title":{"rendered":"SUB-20: ALEMANHA x SU\u00cd\u00c7A, 3-2"},"content":{"rendered":"<p><span style=\"font-size: 16px;\"><img loading=\"lazy\" decoding=\"async\" class=\"size-full wp-image-14596 aligncenter\" src=\"https:\/\/fpvoleibol.pt\/fpv\/wp-content\/uploads\/2022\/04\/alemaxsuica-u20-d.jpg\" alt=\"\" width=\"960\" height=\"640\" srcset=\"https:\/\/fpvoleibol.pt\/fpv\/wp-content\/uploads\/2022\/04\/alemaxsuica-u20-d.jpg 960w, https:\/\/fpvoleibol.pt\/fpv\/wp-content\/uploads\/2022\/04\/alemaxsuica-u20-d-300x200.jpg 300w, https:\/\/fpvoleibol.pt\/fpv\/wp-content\/uploads\/2022\/04\/alemaxsuica-u20-d-768x512.jpg 768w\" sizes=\"auto, (max-width: 960px) 100vw, 960px\" \/>A Alemanha assegurou hoje o segundo triunfo consecutivo pela margem m\u00ednima n<\/span>a\u00a0<a href=\"https:\/\/www.cev.eu\/national-team\/age-group-championships\/u20m\/#2nd-round\"><strong>Pool D de Apuramento para o Campeonato da Europa de Sub-20<\/strong><\/a>, a disputar at\u00e9 domingo no\u00a0<span style=\"text-decoration: underline;\">Centro Cultural de Viana do Castelo<\/span>, Cidade Europeia do Desporto em 2023.<br \/>\n<span style=\"font-size: 16px;\">No primeiro jogo do 2.\u00ba dia de competi\u00e7\u00e3o, a <\/span><span style=\"font-size: 16px;\">Alemanha, como tinha acontecido frente a Israel, foi surpreendida pela agressividade das ac\u00e7\u00f5es ofensivas da\u00a0<\/span>Su\u00ed\u00e7a, conseguindo depois uma reviravolta digna de registo: <span style=\"font-size: 16px;\">3-2 (18-25, 21-25, 25-15, 25-23 e 16-14).<\/span><\/p>\n<p style=\"text-align: center;\"><strong><span style=\"font-size: 16px;\">Alemanha x Su\u00ed\u00e7a, <a href=\"https:\/\/www-old.cev.eu\/Competition-Area\/MatchStatistics.aspx?ID=61029\">3-2 (18-25, 21-25, 25-15, 25-23 e 16-14)<\/a><\/span><\/strong><\/p>\n<p><strong>1.\u00ba Set<\/strong><br \/>\nA Alemanha entrou melhor (3-1, 5-3), mas a resposta da Su\u00ed\u00e7a surtiu efeito (5-5) e equilibrou as for\u00e7as.<br \/>\nA perder por apenas um ponto (18-17), a equipa orientada por Dan Ilott viu o seu advers\u00e1rio dar a volta completa ao set (24-17) e selar o triunfo com um ataque de Eti\u00e9nne Schalch: 25-18.<\/p>\n<p><strong>2.\u00ba Set<\/strong><br \/>\nMostrando-se mais confiante e coesa colectivamente, a Su\u00ed\u00e7a conseguiu criar uma pequena vantagem (18-16) e geri-la at\u00e9 ao final: 25-21, com um ataque de segunda linha da autoria de Lars Migge e ap\u00f3s uma s\u00e9rie de servi\u00e7os falhados por ambas as equipas.<\/p>\n<p><strong>3.\u00ba Set<\/strong><br \/>\nCiente do que estava em jogo neste parcial, a forma\u00e7\u00e3o germ\u00e2nica pressionou desde o in\u00edcio (6-2).\u00a0Jannes Wiesner come\u00e7ava a contabilizar pontos no ataque (10-4) e no servi\u00e7o (15-7) e a Su\u00ed\u00e7a ressentiu-se com isso&#8230;<br \/>\nA Alemanha venceu por esclarecedores 25-15, com um ataque de Anton Jung, e respirou fundo&#8230;<\/p>\n<p><strong>4.\u00ba Set<\/strong><br \/>\nFoi a transpirar confian\u00e7a que a Alemanha iniciou o quarto set, aproveitando bem dois servi\u00e7os de Anton Jung (7-3).<br \/>\nJung aumentou a dist\u00e2ncia (12-6), que os alem\u00e3es conseguiram manter durante algum tempo (18-12).<br \/>\nA Su\u00ed\u00e7a n\u00e3o deitou a toalha ao ch\u00e3o. Reagiu bem (21-22), mas acabou por selar, com um erro grosseiro, o triunfo dos alem\u00e3es: 25-23.<\/p>\n<p><strong>5.\u00ba Set<\/strong><br \/>\nAp\u00f3s um in\u00edcio equilibrado (4-4, 7-7), a Su\u00ed\u00e7a, bem comandada nas ac\u00e7\u00f5es ofensivas por Cyril Kolb, adiantou-se (11-7) e parecia ter assegurado a vit\u00f3ria, mas os alem\u00e3es n\u00e3o se deram por vencidos: igualaram com dois pontos de Anton Jung (12-12) e passaram para a lideran\u00e7a com um servi\u00e7o directo do capit\u00e3o Joscha Kunstmann (14-13).<br \/>\nO segundo triunfo dos germ\u00e2nicos na competi\u00e7\u00e3o foi selado pelo <em>artilheiro<\/em> Jannes Wiesner: 16-14.<\/p>\n<p>Jannes Wiesner, com 23 pontos, e Migge Lars, com 22,\u00a0foram os melhores pontuadores, respectivamente da Alemanha e da Su\u00ed\u00e7a. Ver estat\u00edstica <a href=\"https:\/\/www-old.cev.eu\/Competition-Area\/MatchStatistics.aspx?ID=61029\">AQUI<\/a><\/p>\n<p>A <strong>Selec\u00e7\u00e3o Nacional de Sub-20 Masculinos<\/strong>, orientada por <strong>Nuno Pereira, <\/strong>defronta hoje (18h00) Israel.<br \/>\nDe <strong>8 a 10 de Abril<\/strong>, Portugal enfrenta, sucessivamente, a <span style=\"text-decoration: underline;\">Su\u00ed\u00e7a (3-0)<\/span>, <span style=\"text-decoration: underline;\">Israel<\/span> e a <span style=\"text-decoration: underline;\">Alemanha<\/span>.<\/p>\n<p>O 1.\u00ba classificado da <a href=\"https:\/\/www.cev.eu\/national-team\/age-group-championships\/u20m\/\"><strong>Pool D<\/strong><\/a> apura-se directamente para a fase final do <a href=\"https:\/\/www.cev.eu\/national-team\/age-group-championships\/u20m\/\"><strong>Campeonato da Europa<\/strong><\/a>.<\/p>\n<p><span style=\"text-decoration: underline;\">Os jogos s\u00e3o todos transmitidos em directo pela <strong><a href=\"https:\/\/www.volei.tv\/\">Volei.tv<\/a><\/strong><\/span><\/p>\n<p style=\"text-align: center;\"><strong>Toda a informa\u00e7\u00e3o em <a href=\"https:\/\/fpvoleibol.pt\/eurovolley2022-sub20\/\">fpvoleibol.pt\/eurovolley2022-sub20<\/a><\/strong><\/p>\n<p style=\"text-align: center;\"><span style=\"text-decoration: underline; background-color: #000000; color: #ffffff;\"><strong>Calend\u00e1rio de jogos<\/strong><\/span><\/p>\n<p style=\"text-align: center;\"><strong>8.abril.2022<br \/>\n17h30<\/strong> \u2013 Israel x Alemanha, 2-3<br \/>\n<strong>20h00<\/strong> \u2013 PORTUGAL x Su\u00ed\u00e7a, 3-0<\/p>\n<p style=\"text-align: center;\"><strong>9.abril.2022<\/strong><br \/>\n<strong>15h00<\/strong> \u2013 Alemanha x Su\u00ed\u00e7a, 3-2<br \/>\n<strong>18h00<\/strong> \u2013 Israel x PORTUGAL<\/p>\n<p style=\"text-align: center;\"><strong>10.abril.2022<\/strong><br \/>\n<strong>15h00<\/strong> \u2013 Su\u00ed\u00e7a x Israel<br \/>\n<strong>18h00<\/strong> \u2013 Alemanha x PORTUGAL<\/p>\n<p>A equipa de arbitragem da <a href=\"https:\/\/www.cev.eu\/national-team\/age-group-championships\/u20m\/\"><strong>Pool D<\/strong><\/a> \u00e9 formada por Elisabeth Wurtenberger (\u00c1ustria), Ruben Sanchez Rodriguez (Espanha), Marek Lagierski (Pol\u00f3nia) e Nuno Teixeira (Portugal).<\/p>\n<p>Mais informa\u00e7\u00f5es na <a href=\"https:\/\/www.cev.eu\/\">CEV<\/a><\/p>\n","protected":false},"excerpt":{"rendered":"<p>A Alemanha assegurou hoje o segundo triunfo consecutivo pela margem m\u00ednima na\u00a0Pool D de Apuramento para o Campeonato da Europa de Sub-20, a disputar at\u00e9 domingo no\u00a0Centro Cultural de Viana [&hellip;]<\/p>\n","protected":false},"author":2,"featured_media":14597,"comment_status":"open","ping_status":"open","sticky":false,"template":"","format":"standard","meta":{"_monsterinsights_skip_tracking":false,"_monsterinsights_sitenote_active":false,"_monsterinsights_sitenote_note":"","_monsterinsights_sitenote_category":0,"footnotes":""},"categories":[8],"tags":[47,62],"class_list":{"0":"post-14588","1":"post","2":"type-post","3":"status-publish","4":"format-standard","5":"has-post-thumbnail","7":"category-voleibol","8":"tag-epoca-2021-2022","9":"tag-europeu-de-sub-20-masculinos","10":"czr-hentry"},"aioseo_notices":[],"_links":{"self":[{"href":"https:\/\/fpvoleibol.pt\/fpv\/wp-json\/wp\/v2\/posts\/14588","targetHints":{"allow":["GET"]}}],"collection":[{"href":"https:\/\/fpvoleibol.pt\/fpv\/wp-json\/wp\/v2\/posts"}],"about":[{"href":"https:\/\/fpvoleibol.pt\/fpv\/wp-json\/wp\/v2\/types\/post"}],"author":[{"embeddable":true,"href":"https:\/\/fpvoleibol.pt\/fpv\/wp-json\/wp\/v2\/users\/2"}],"replies":[{"embeddable":true,"href":"https:\/\/fpvoleibol.pt\/fpv\/wp-json\/wp\/v2\/comments?post=14588"}],"version-history":[{"count":8,"href":"https:\/\/fpvoleibol.pt\/fpv\/wp-json\/wp\/v2\/posts\/14588\/revisions"}],"predecessor-version":[{"id":14615,"href":"https:\/\/fpvoleibol.pt\/fpv\/wp-json\/wp\/v2\/posts\/14588\/revisions\/14615"}],"wp:featuredmedia":[{"embeddable":true,"href":"https:\/\/fpvoleibol.pt\/fpv\/wp-json\/wp\/v2\/media\/14597"}],"wp:attachment":[{"href":"https:\/\/fpvoleibol.pt\/fpv\/wp-json\/wp\/v2\/media?parent=14588"}],"wp:term":[{"taxonomy":"category","embeddable":true,"href":"https:\/\/fpvoleibol.pt\/fpv\/wp-json\/wp\/v2\/categories?post=14588"},{"taxonomy":"post_tag","embeddable":true,"href":"https:\/\/fpvoleibol.pt\/fpv\/wp-json\/wp\/v2\/tags?post=14588"}],"curies":[{"name":"wp","href":"https:\/\/api.w.org\/{rel}","templated":true}]}}