{"id":14568,"date":"2022-04-08T20:51:15","date_gmt":"2022-04-08T20:51:15","guid":{"rendered":"https:\/\/fpvoleibol.pt\/fpv\/?p=14568"},"modified":"2022-04-09T16:54:01","modified_gmt":"2022-04-09T16:54:01","slug":"sub-20-portugal-com-a-missao-bem-cumprida","status":"publish","type":"post","link":"https:\/\/fpvoleibol.pt\/fpv\/2022\/04\/08\/sub-20-portugal-com-a-missao-bem-cumprida\/","title":{"rendered":"SUB-20: PORTUGAL COM A MISS\u00c3O (BEM) CUMPRIDA!"},"content":{"rendered":"<p><img loading=\"lazy\" decoding=\"async\" class=\"size-full wp-image-14584 aligncenter\" src=\"https:\/\/fpvoleibol.pt\/fpv\/wp-content\/uploads\/2022\/04\/porxsui_d0.jpg\" alt=\"\" width=\"960\" height=\"640\" srcset=\"https:\/\/fpvoleibol.pt\/fpv\/wp-content\/uploads\/2022\/04\/porxsui_d0.jpg 960w, https:\/\/fpvoleibol.pt\/fpv\/wp-content\/uploads\/2022\/04\/porxsui_d0-300x200.jpg 300w, https:\/\/fpvoleibol.pt\/fpv\/wp-content\/uploads\/2022\/04\/porxsui_d0-768x512.jpg 768w\" sizes=\"auto, (max-width: 960px) 100vw, 960px\" \/>Nuno Pereira, o Seleccionador Nacional, tinha dito que o primeiro jogo, frente \u00e0 Su\u00ed\u00e7a \u2013 uma verdadeira inc\u00f3gnita pois esteve muito tempo afastada da competi\u00e7\u00e3o \u2013, era muito importante e a <strong>Selec\u00e7\u00e3o Nacional de Sub-20 Masculinos<\/strong> esteve hoje nitidamente ciente disso, jogando sempre focada na vit\u00f3ria. E havia de conquistar esse objectivo de forma categ\u00f3rica: <a href=\"https:\/\/www-old.cev.eu\/Competition-Area\/MatchStatistics.aspx?ID=61028\">3-0 (25-16, 25-19 e 25-15)<\/a>.<\/p>\n<p>Amanh\u00e3, no segundo dia de competi\u00e7\u00e3o na <a href=\"https:\/\/www.cev.eu\/national-team\/age-group-championships\/u20m\/#2nd-round\"><strong>Pool D de Apuramento para o Campeonato da Europa de Sub-20<\/strong><\/a> \u2013 a disputar, at\u00e9 domingo, no <span style=\"text-decoration: underline;\">Centro Cultural de Viana do Castelo<\/span>, Cidade Europeia do Desporto em 2023\u2013 Portugal vai defrontar Israel, que hoje, no primeiro jogo do dia, perdeu (2-3) com a Alemanha.<\/p>\n<p style=\"text-align: center;\"><span style=\"text-decoration: underline;\"><strong>Portugal x Su\u00ed\u00e7a, <a href=\"https:\/\/www-old.cev.eu\/Competition-Area\/MatchStatistics.aspx?ID=61028\">3-0 (25-16, 25-19 e 25-15)<\/a><\/strong><\/span><\/p>\n<p><strong>1.\u00ba Set<\/strong><br \/>\nFortemente incentivado pelo p\u00fablico, Portugal entrou muito bem no jogo (3-0) e aumentou mesmo a contagem (7-3), com um ataque de Nuno Marques.<br \/>\nO \u00edmpeto da equipa orientada por Nuno Pereira desorientou os helv\u00e9ticos, condicionando a sua reac\u00e7\u00e3o (13-8).<br \/>\nUm servi\u00e7o directo de Andr\u00e9 Pereira (17-12) fez soar o alarme nas hostes su\u00ed\u00e7as.<br \/>\nA Selec\u00e7\u00e3o Nacional n\u00e3o tirou o <em>p\u00e9 do acelerador<\/em> e Manuel Figueiredo, com um bloco, colocou o resultado em 21-13. E seria Andr\u00e9 Pereira a fixar o marcador em 25-16, resultado pesado mas que espelhava a boa exibi\u00e7\u00e3o da<em> equipa da casa<\/em>.<\/p>\n<p><strong>2.\u00ba Set<\/strong><br \/>\nNova vantagem inicial, com um servi\u00e7o de Bruno Dias a conseguir o 3-0. Um bloco de Nuno Marques refor\u00e7ou a diferen\u00e7a (6-2).<br \/>\nA jogar <em>como um s\u00f3<\/em> e&#8230; bem, tanto na recep\u00e7\u00e3o como na defesa alta e baixa, Portugal, embora algo perdul\u00e1rio no servi\u00e7o, controlou sempre as opera\u00e7\u00f5es (13-7), pese embora a reac\u00e7\u00e3o dos su\u00ed\u00e7os (16-13).<br \/>\nAos 20-14, Marco Folmli reuniu com os seus jogadores, gizando estrat\u00e9gias na tentativa de quebrar o \u00edmpeto dos lusitanos, mas n\u00e3o beliscou minimamente a confian\u00e7a dos portugueses, que somaram novo triunfo: 25-19.<\/p>\n<p><strong>3.\u00ba Set<\/strong><br \/>\nUm bloco do central Eduardo Brito distanciou Portugal (10-5). Estava aberto o caminho para nova conquista, a coroar uma excelente exibi\u00e7\u00e3o, que chegou a empolgar o p\u00fablico presente no Centro Cultural. Resultado: 25-15, selado com um ataque de Eduardo Brito.<\/p>\n<p>O portugu\u00eas Nuno Marques, com 16 pontos, e o helv\u00e9tico Eti\u00e9nne Schalch, com 10, foram os melhores pontuadores das respectivas equipas. Ver estat\u00edstica <a href=\"https:\/\/www-old.cev.eu\/Competition-Area\/MatchStatistics.aspx?ID=61028\">AQUI<\/a><\/p>\n<p>O 1.\u00ba classificado da <a href=\"https:\/\/www.cev.eu\/national-team\/age-group-championships\/u20m\/\"><strong>Pool D<\/strong><\/a> apura-se directamente para a fase final do <a href=\"https:\/\/www.cev.eu\/national-team\/age-group-championships\/u20m\/\"><strong>Campeonato da Europa<\/strong><\/a>.<\/p>\n<p style=\"text-align: center;\"><span style=\"text-decoration: underline;\">Os jogos da Selec\u00e7\u00e3o Nacional de Sub-20 Masculinos ser\u00e3o transmitidos pela <strong><a href=\"https:\/\/www.volei.tv\/\">Volei.tv<\/a><\/strong><\/span><\/p>\n<p style=\"text-align: center;\"><strong>Toda a informa\u00e7\u00e3o em <a href=\"https:\/\/fpvoleibol.pt\/eurovolley2022-sub20\/\">fpvoleibol.pt\/eurovolley2022-sub20<\/a><\/strong><\/p>\n<p style=\"text-align: center;\"><img loading=\"lazy\" decoding=\"async\" class=\"alignnone size-full wp-image-14585\" src=\"https:\/\/fpvoleibol.pt\/fpv\/wp-content\/uploads\/2022\/04\/porxsui_d1.jpg\" alt=\"\" width=\"960\" height=\"640\" srcset=\"https:\/\/fpvoleibol.pt\/fpv\/wp-content\/uploads\/2022\/04\/porxsui_d1.jpg 960w, https:\/\/fpvoleibol.pt\/fpv\/wp-content\/uploads\/2022\/04\/porxsui_d1-300x200.jpg 300w, https:\/\/fpvoleibol.pt\/fpv\/wp-content\/uploads\/2022\/04\/porxsui_d1-768x512.jpg 768w\" sizes=\"auto, (max-width: 960px) 100vw, 960px\" \/><\/p>\n<p style=\"text-align: center;\"><span style=\"text-decoration: underline;\"><strong>Os 12 convocados<\/strong><\/span><\/p>\n<p style=\"text-align: center;\"><strong><u>AA S Mamede:<\/u><\/strong><br \/>\nGon\u00e7alo Gomes<\/p>\n<p style=\"text-align: center;\"><strong><u>Cast\u00ealo da Maia GC:<\/u><\/strong><br \/>\nMiguel Azenha<br \/>\nTiago Matos<\/p>\n<p style=\"text-align: center;\"><strong><u>Esmoriz GC:<\/u><\/strong><br \/>\nBruno Dias<\/p>\n<p style=\"text-align: center;\"><strong><u>GC Santo Tirso:<\/u><\/strong><br \/>\nDiogo Fevereiro<br \/>\nDuarte Abecasis<br \/>\nSantiago Pimentel<\/p>\n<p style=\"text-align: center;\"><strong><u>Leix\u00f5es SC:<\/u><\/strong><br \/>\nAndr\u00e9 Pereira<\/p>\n<p style=\"text-align: center;\"><strong><u>SL Benfica:<\/u><\/strong><br \/>\nEduardo Brito<\/p>\n<p style=\"text-align: center;\"><strong><u>VC Viana:<\/u><\/strong><br \/>\nManuel Figueiredo<br \/>\nNuno Marques<br \/>\nRicardo Martins<\/p>\n<p style=\"text-align: center;\"><span style=\"text-decoration: underline; background-color: #000000; color: #ffffff;\"><strong>Calend\u00e1rio de jogos<\/strong><\/span><\/p>\n<p style=\"text-align: center;\"><strong>8.abril.2022<br \/>\n17h30<\/strong> \u2013 Israel x Alemanha, 2-3<br \/>\n<strong>20h00<\/strong> \u2013 PORTUGAL x Su\u00ed\u00e7a, 3-0<\/p>\n<p style=\"text-align: center;\"><strong>9.abril.2022<\/strong><br \/>\n<strong>15h00<\/strong> \u2013 Alemanha x Su\u00ed\u00e7a<br \/>\n<strong>18h00<\/strong> \u2013 Israel x PORTUGAL<\/p>\n<p style=\"text-align: center;\"><strong>10.abril.2022<\/strong><br \/>\n<strong>15h00<\/strong> \u2013 Su\u00ed\u00e7a x Israel<br \/>\n<strong>18h00<\/strong> \u2013 Alemanha x PORTUGAL<\/p>\n<p>A equipa de arbitragem \u00e9 formada por Elisabeth Wurtenberger (\u00c1ustria), Ruben Sanchez Rodriguez (Espanha), Marek Lagierski (Pol\u00f3nia) e Nuno Teixeira (Portugal).<\/p>\n<p>Mais informa\u00e7\u00f5es na <a href=\"https:\/\/www.cev.eu\/\">CEV<\/a><\/p>\n<p>A acredita\u00e7\u00e3o dos jornalistas que solicitaram credenciais ser\u00e1 efectuada \u00e0 entrada para o pavilh\u00e3o \u2013 Centro Cultural de Viana do Castelo \u2013 e mediante a apresenta\u00e7\u00e3o da Carteira Profissional de Jornalista ou do Cart\u00e3o CNID.<\/p>\n<p style=\"text-align: center;\"><strong>NOTA<\/strong>:\u00a0Os pedidos devem ser efectuados unicamente por jornalistas com Carteira Profissional de Jornalista ou Cart\u00e3o CNID.<\/p>\n","protected":false},"excerpt":{"rendered":"<p>Nuno Pereira, o Seleccionador Nacional, tinha dito que o primeiro jogo, frente \u00e0 Su\u00ed\u00e7a \u2013 uma verdadeira inc\u00f3gnita pois esteve muito tempo afastada da competi\u00e7\u00e3o \u2013, era muito importante e [&hellip;]<\/p>\n","protected":false},"author":2,"featured_media":14583,"comment_status":"open","ping_status":"open","sticky":false,"template":"","format":"standard","meta":{"_monsterinsights_skip_tracking":false,"_monsterinsights_sitenote_active":false,"_monsterinsights_sitenote_note":"","_monsterinsights_sitenote_category":0,"footnotes":""},"categories":[8],"tags":[47,62],"class_list":{"0":"post-14568","1":"post","2":"type-post","3":"status-publish","4":"format-standard","5":"has-post-thumbnail","7":"category-voleibol","8":"tag-epoca-2021-2022","9":"tag-europeu-de-sub-20-masculinos","10":"czr-hentry"},"aioseo_notices":[],"_links":{"self":[{"href":"https:\/\/fpvoleibol.pt\/fpv\/wp-json\/wp\/v2\/posts\/14568","targetHints":{"allow":["GET"]}}],"collection":[{"href":"https:\/\/fpvoleibol.pt\/fpv\/wp-json\/wp\/v2\/posts"}],"about":[{"href":"https:\/\/fpvoleibol.pt\/fpv\/wp-json\/wp\/v2\/types\/post"}],"author":[{"embeddable":true,"href":"https:\/\/fpvoleibol.pt\/fpv\/wp-json\/wp\/v2\/users\/2"}],"replies":[{"embeddable":true,"href":"https:\/\/fpvoleibol.pt\/fpv\/wp-json\/wp\/v2\/comments?post=14568"}],"version-history":[{"count":8,"href":"https:\/\/fpvoleibol.pt\/fpv\/wp-json\/wp\/v2\/posts\/14568\/revisions"}],"predecessor-version":[{"id":14599,"href":"https:\/\/fpvoleibol.pt\/fpv\/wp-json\/wp\/v2\/posts\/14568\/revisions\/14599"}],"wp:featuredmedia":[{"embeddable":true,"href":"https:\/\/fpvoleibol.pt\/fpv\/wp-json\/wp\/v2\/media\/14583"}],"wp:attachment":[{"href":"https:\/\/fpvoleibol.pt\/fpv\/wp-json\/wp\/v2\/media?parent=14568"}],"wp:term":[{"taxonomy":"category","embeddable":true,"href":"https:\/\/fpvoleibol.pt\/fpv\/wp-json\/wp\/v2\/categories?post=14568"},{"taxonomy":"post_tag","embeddable":true,"href":"https:\/\/fpvoleibol.pt\/fpv\/wp-json\/wp\/v2\/tags?post=14568"}],"curies":[{"name":"wp","href":"https:\/\/api.w.org\/{rel}","templated":true}]}}