{"id":1420,"date":"2020-09-25T17:39:23","date_gmt":"2020-09-25T16:39:23","guid":{"rendered":"https:\/\/fpvoleibol.pt\/fpv\/?p=1420"},"modified":"2020-09-25T17:39:23","modified_gmt":"2020-09-25T16:39:23","slug":"pedrosa-campos-no-17-o-lugar-no-campeonato-da-europa-de-sub-22","status":"publish","type":"post","link":"https:\/\/fpvoleibol.pt\/fpv\/2020\/09\/25\/pedrosa-campos-no-17-o-lugar-no-campeonato-da-europa-de-sub-22\/","title":{"rendered":"PEDROSA\/CAMPOS NO 17.\u00ba LUGAR NO CAMPEONATO DA EUROPA DE SUB-22"},"content":{"rendered":"<p class=\"descricaonoticia\" align=\"center\"><img loading=\"lazy\" decoding=\"async\" src=\"http:\/\/www.fpvoleibol.pt\/noticias\/2020\/imagens\/hugo_campos_izmir2020.jpg\" width=\"480\" height=\"320\" border=\"1\" \/><\/p>\n<p class=\"descricaonoticia\" align=\"justify\">A dupla portuguesa de Voleibol de Praia\u00a0<strong>Jo\u00e3o Pedrosa\/Hugo Campos<\/strong>\u00a0classificou-se no 17.\u00ba lugar no Campeonato da Europa de Sub-22, ao perder hoje com os israelitas Eylon Elazar e Ofri Masuri por 0-2 (19-21 e 14-21), depois de se ter apurado para a fase eliminat\u00f3ria do Quadro Principal.<br \/>\nCom este resultado no #EuroBeachVolleyU22, a decorrer na cidade turca de Izmir at\u00e9 ao dia 27 de Setembro, os portugueses somaram 64 pontos no Ranking internacional.<\/p>\n<p class=\"descricaonoticia\" align=\"justify\"><span class=\"auto-style6\"><strong>Resultados na fase de grupos (Pool C)<\/strong><\/span><br \/>\nPedrosa\/Campos x Nikolay Chukhnenkov\/Nikita Evert (R\u00fassia), 0-2 (19-21 e 17-21)<br \/>\nFrancisco Duque Grijalvo\/Pablo P\u00e9rez Su\u00e1rez (Espanha) x Pedrosa\/Campos, 0-2 (17-21 e 16-21)<br \/>\nArt\u00far Haj\u00f3s\/Bence Attila Str\u00e9li (Hungria) x Pedrosa\/Campos, 2-0 (21-18 e 21-17)<\/p>\n<p class=\"descricaonoticia\" align=\"justify\">Os portugueses, de apenas 20 anos de idade, t\u00eam j\u00e1 um registo significativo nos \u00faltimos dois anos: em 2020, vice-campe\u00f5es nacionais de seniores e 9.\u00bas classificados na etapa do World Tour disputada em Montpellier e 5.\u00bas nos Jogos do Mediterr\u00e2neo, em 2019.<\/p>\n<p class=\"auto-style3\"><img loading=\"lazy\" decoding=\"async\" class=\"aligncenter\" src=\"http:\/\/www.fpvoleibol.pt\/noticias\/2020\/imagens\/ines_castro_izmir2020.jpg\" width=\"480\" height=\"320\" border=\"1\" \/><\/p>\n<p class=\"descricaonoticia\" align=\"justify\">Em femininos,\u00a0<strong>Beatriz Pinheiro e In\u00eas Castro<\/strong>\u00a0somaram 48 pontos para o Ranking internacional ao terminarem o Campeonato da Europa de Sub-22 na 25.\u00aa posi\u00e7\u00e3o.<\/p>\n<p class=\"descricaonoticia\" align=\"justify\"><span class=\"auto-style6\"><strong>Resultados na fase de grupos (Pool G)<\/strong><\/span><br \/>\nJulie Honzovicova\/Karin Zolnercikova (Rep. Checa) x Pinheiro\/Castro, 2-0 (21-8 e 21-15)<br \/>\nLana Zuzek\/Zala Spoljaric (Eslov\u00e9nia) x Pinheiro\/Castro, 2-0 (21-15 e 21-17)<br \/>\nPia Szewczyk\/Cl\u00e9mence Vieira (Fran\u00e7a) x Pinheiro\/Castro, 2-0 (21-18 e 21-17)<\/p>\n<p class=\"descricaonoticia\" align=\"justify\">A dupla portuguesa, formada h\u00e1 pouco tempo, regista no \u00faltimo par de anos um 4.\u00ba lugar no Campeonato Nacional de seniores femininos, em 2020, e um 5.\u00ba lugar nos Jogos do Mediterr\u00e2neo, em 2019, de Beatriz Pinheiro (dupla com Vanessa Paquete).<\/p>\n<p class=\"descricaonoticia\" align=\"justify\">As duplas lusitanas est\u00e3o acompanhadas pelo treinador<strong>\u00a0Ricardo Rocha<\/strong>.<\/p>\n<p class=\"descricaonoticia\" align=\"justify\">A portuguesa<strong>\u00a0Sandra Deveza<\/strong>\u00a0faz parte da equipa de arbitragem do Eupropeu de Sub-22.<\/p>\n<p class=\"descricaonoticia\" align=\"justify\">Ver jogos em live streaming em\u00a0<a href=\"https:\/\/www.eurovolley.tv\/en-int\/page\/home-cev\" target=\"_blank\" rel=\"noopener noreferrer\">EuroVolleyTV<\/a><\/p>\n<p class=\"descricaonoticia\" align=\"justify\">Mais informa\u00e7\u00f5es sobre o #EuroBeachVolleyU22\u00a0<a href=\"https:\/\/www.cev.eu\/BeachVolley-Area\/BeachVolley_3BOX.aspx?ID=1227&amp;mID=2822&amp;sID=&amp;pID=0&amp;chID=0&amp;phaseID=0&amp;champID=0&amp;Mod=\" target=\"_blank\" rel=\"noopener noreferrer\">aqui<\/a><\/p>\n","protected":false},"excerpt":{"rendered":"<p>A dupla portuguesa de Voleibol de Praia\u00a0Jo\u00e3o Pedrosa\/Hugo Campos\u00a0classificou-se no 17.\u00ba lugar no Campeonato da Europa de Sub-22, ao perder hoje com os israelitas Eylon Elazar e Ofri Masuri por [&hellip;]<\/p>\n","protected":false},"author":2,"featured_media":1422,"comment_status":"open","ping_status":"open","sticky":false,"template":"","format":"standard","meta":{"_monsterinsights_skip_tracking":false,"_monsterinsights_sitenote_active":false,"_monsterinsights_sitenote_note":"","_monsterinsights_sitenote_category":0,"footnotes":""},"categories":[9],"tags":[],"class_list":{"0":"post-1420","1":"post","2":"type-post","3":"status-publish","4":"format-standard","5":"has-post-thumbnail","7":"category-voleibol-de-praia","8":"czr-hentry"},"aioseo_notices":[],"_links":{"self":[{"href":"https:\/\/fpvoleibol.pt\/fpv\/wp-json\/wp\/v2\/posts\/1420","targetHints":{"allow":["GET"]}}],"collection":[{"href":"https:\/\/fpvoleibol.pt\/fpv\/wp-json\/wp\/v2\/posts"}],"about":[{"href":"https:\/\/fpvoleibol.pt\/fpv\/wp-json\/wp\/v2\/types\/post"}],"author":[{"embeddable":true,"href":"https:\/\/fpvoleibol.pt\/fpv\/wp-json\/wp\/v2\/users\/2"}],"replies":[{"embeddable":true,"href":"https:\/\/fpvoleibol.pt\/fpv\/wp-json\/wp\/v2\/comments?post=1420"}],"version-history":[{"count":3,"href":"https:\/\/fpvoleibol.pt\/fpv\/wp-json\/wp\/v2\/posts\/1420\/revisions"}],"predecessor-version":[{"id":1434,"href":"https:\/\/fpvoleibol.pt\/fpv\/wp-json\/wp\/v2\/posts\/1420\/revisions\/1434"}],"wp:featuredmedia":[{"embeddable":true,"href":"https:\/\/fpvoleibol.pt\/fpv\/wp-json\/wp\/v2\/media\/1422"}],"wp:attachment":[{"href":"https:\/\/fpvoleibol.pt\/fpv\/wp-json\/wp\/v2\/media?parent=1420"}],"wp:term":[{"taxonomy":"category","embeddable":true,"href":"https:\/\/fpvoleibol.pt\/fpv\/wp-json\/wp\/v2\/categories?post=1420"},{"taxonomy":"post_tag","embeddable":true,"href":"https:\/\/fpvoleibol.pt\/fpv\/wp-json\/wp\/v2\/tags?post=1420"}],"curies":[{"name":"wp","href":"https:\/\/api.w.org\/{rel}","templated":true}]}}