{"id":14187,"date":"2022-03-25T16:48:15","date_gmt":"2022-03-25T16:48:15","guid":{"rendered":"https:\/\/fpvoleibol.pt\/fpv\/?p=14187"},"modified":"2022-05-06T16:00:38","modified_gmt":"2022-05-06T16:00:38","slug":"pre-convocatoria-da-seleccao-de-seniores-femininos","status":"publish","type":"post","link":"https:\/\/fpvoleibol.pt\/fpv\/2022\/03\/25\/pre-convocatoria-da-seleccao-de-seniores-femininos\/","title":{"rendered":"PR\u00c9-CONVOCAT\u00d3RIA DA SELEC\u00c7\u00c3O DE SENIORES FEMININOS"},"content":{"rendered":"<p><img loading=\"lazy\" decoding=\"async\" class=\"size-full wp-image-14245 aligncenter\" src=\"https:\/\/fpvoleibol.pt\/fpv\/wp-content\/uploads\/2022\/03\/Hugo_Silva_Filipe_VitoFPV-1.jpg\" alt=\"\" width=\"960\" height=\"610\" srcset=\"https:\/\/fpvoleibol.pt\/fpv\/wp-content\/uploads\/2022\/03\/Hugo_Silva_Filipe_VitoFPV-1.jpg 960w, https:\/\/fpvoleibol.pt\/fpv\/wp-content\/uploads\/2022\/03\/Hugo_Silva_Filipe_VitoFPV-1-300x191.jpg 300w, https:\/\/fpvoleibol.pt\/fpv\/wp-content\/uploads\/2022\/03\/Hugo_Silva_Filipe_VitoFPV-1-768x488.jpg 768w\" sizes=\"auto, (max-width: 960px) 100vw, 960px\" \/>A equipa t\u00e9cnica da <strong>Selec\u00e7\u00e3o Nacional de Seniores Femininos<\/strong>, liderada por <strong>Hugo Silva<\/strong>, divulgou hoje a <span style=\"text-decoration: underline;\">pr\u00e9-convocat\u00f3ria<\/span> de 25 jogadoras, de onde sair\u00e3o \u2013 a 26 de Abril \u2013 as 16 atletas que ir\u00e3o iniciar, a partir de 9 de Maio, os trabalhos de prepara\u00e7\u00e3o da fase de apuramento para a European Silver League 2022, cuja fase preliminar arranca a 25 de Maio.<\/p>\n<p><strong>Hugo Silva<\/strong>, que durante largos anos foi o respons\u00e1vel t\u00e9cnico pela Selec\u00e7\u00e3o Nacional de Seniores Masculinos, vai estrear-se agora \u00e0 frente da Selec\u00e7\u00e3o Nacional de Seniores Femininos:<br \/>\n&#8220;<em>S\u00f3 pessoas determinadas podem trazer o sucesso para a nossa equipa!<\/em><br \/>\n<em>Acredito que neste grupo de 25 atletas v\u00e3o estar jogadoras capazes de orgulhar o nosso Pa\u00eds, com a sua dedica\u00e7\u00e3o, compromisso e enorme sede de desafios e conquistas. Felicidades a todas!<\/em>&#8221;<\/p>\n<p>Na <strong>European Silver League<\/strong> de femininos, a Selec\u00e7\u00e3o Nacional vai enfrentar, na Pool A, a Est\u00f3nia, sua advers\u00e1ria na edi\u00e7\u00e3o da ESL de 2021, a Su\u00e9cia, que defrontou na fase de qualifica\u00e7\u00e3o para o Campeonato da Europa de 2021, a Eslov\u00e9nia e o Luxemburgo.<\/p>\n<p>O <strong>Seleccionador<\/strong>\u00a0antev\u00ea:<br \/>\n&#8220;<em>Neste grupo, o advers\u00e1rio mais dif\u00edcil ser\u00e1 a Su\u00e9cia, mas a minha preocupa\u00e7\u00e3o \u00e9 a nossa Selec\u00e7\u00e3o e \u00e9 com as nossas jogadoras que quero deixar algo de positivo no Voleibol feminino.<\/em><br \/>\n<em>Queremos chegar a qualquer competi\u00e7\u00e3o e ganhar, mas o processo de crescimento vai ser longo e iremos, primeiramente, focar-nos em n\u00f3s pr\u00f3prios, de maneira a formarmos uma selec\u00e7\u00e3o com um modelo de jogo bom e capaz de discutir o resultado com qualquer selec\u00e7\u00e3o<\/em>&#8220;.<\/p>\n<p>Em 2021, a Selec\u00e7\u00e3o Nacional fez hist\u00f3ria na European Silver League ao apurar-se para a Final Four da prova depois de vencer a Pool B de qualifica\u00e7\u00e3o \u2013 na cidade b\u00f3snia de Zenica \u2013, com cinco vit\u00f3rias e apenas um desaire: Est\u00f3nia (3-2 e 3-1), Let\u00f3nia (3-0 e 3-0) e B\u00f3snia-Herzegovina (0-3 e 3-1), tendo sido esta \u00faltima selec\u00e7\u00e3o a vencer a ESL 2021.<\/p>\n<p>Como a presente edi\u00e7\u00e3o da Silver League apresenta apenas uma pool, os dois primeiros classificados apuram-se para a final, agendada para o dia 2 de Julho. O vencedor da final qualifica-se para a <span style=\"text-decoration: underline;\">European Golden League 2023<\/span>.<\/p>\n<p style=\"text-align: center;\">A <span style=\"text-decoration: underline;\">Pool A da ESL arranca no dia 25 de Maio<\/span>, com o <span style=\"text-decoration: underline;\"><strong>Est\u00f3nia x Portugal<\/strong><\/span>\u00a0e prolonga-se at\u00e9 ao dia 26 de Junho. Ver mais informa\u00e7\u00f5es <a href=\"https:\/\/www.cev.eu\/national-team\/european-league\/european-silver-league\/women\/#league-round\">AQUI<\/a><\/p>\n<table style=\"width: 97.965%;\" width=\"875\">\n<tbody>\n<tr>\n<td style=\"text-align: center; width: 171.55%;\" colspan=\"5\" width=\"875\"><strong>Pr\u00e9-convocat\u00f3ria de 25 atletas<\/strong><\/td>\n<\/tr>\n<tr>\n<td style=\"width: 7.82509%; text-align: center;\" width=\"64\"><\/td>\n<td style=\"width: 37.0271%; text-align: center;\" colspan=\"2\" width=\"210\"><strong>Nome<\/strong><\/td>\n<td style=\"width: 30.2647%; text-align: center;\" width=\"259\"><strong>Clube<\/strong><\/td>\n<td style=\"width: 96.4327%; text-align: center;\" width=\"342\"><strong>Posi\u00e7\u00e3o<\/strong><\/td>\n<\/tr>\n<tr>\n<td style=\"width: 7.82509%; text-align: center;\" width=\"64\">1<\/td>\n<td style=\"width: 37.0271%; text-align: center;\" colspan=\"2\" width=\"210\">Ana Couto<\/td>\n<td style=\"width: 30.2647%; text-align: center;\" width=\"259\">AAJM\/FC Porto<\/td>\n<td style=\"width: 96.4327%; text-align: center;\" width=\"342\">Distribuidora<\/td>\n<\/tr>\n<tr>\n<td style=\"width: 7.82509%; text-align: center;\" width=\"64\">2<\/td>\n<td style=\"width: 37.0271%; text-align: center;\" colspan=\"2\" width=\"210\">Eliana Dur\u00e3o<\/td>\n<td style=\"width: 30.2647%; text-align: center;\" width=\"259\">Leix\u00f5es SC<\/td>\n<td style=\"width: 96.4327%; text-align: center;\" width=\"342\">Distribuidora<\/td>\n<\/tr>\n<tr>\n<td style=\"width: 7.82509%; text-align: center;\" width=\"64\">3<\/td>\n<td style=\"width: 37.0271%; text-align: center;\" colspan=\"2\" width=\"210\">Ana do Carmo Figueiras<\/td>\n<td style=\"width: 30.2647%; text-align: center;\" width=\"259\">GC Vilacondense<\/td>\n<td style=\"width: 96.4327%; text-align: center;\" width=\"342\">Distribuidora<\/td>\n<\/tr>\n<tr>\n<td style=\"width: 7.82509%; text-align: center;\" width=\"64\">4<\/td>\n<td style=\"width: 37.0271%; text-align: center;\" colspan=\"2\" width=\"210\">K\u00e1tia Oliveira<\/td>\n<td style=\"width: 30.2647%; text-align: center;\" width=\"259\">Clube K<\/td>\n<td style=\"width: 96.4327%; text-align: center;\" width=\"342\">Central<\/td>\n<\/tr>\n<tr>\n<td style=\"width: 7.82509%; text-align: center;\" width=\"64\">5<\/td>\n<td style=\"width: 37.0271%; text-align: center;\" colspan=\"2\" width=\"210\">Carina Moura<\/td>\n<td style=\"width: 30.2647%; text-align: center;\" width=\"259\">Leix\u00f5es SC<\/td>\n<td style=\"width: 96.4327%; text-align: center;\" width=\"342\">Central<\/td>\n<\/tr>\n<tr>\n<td style=\"width: 7.82509%; text-align: center;\" width=\"64\">6<\/td>\n<td style=\"width: 37.0271%; text-align: center;\" colspan=\"2\" width=\"210\">Helena Monteiro<\/td>\n<td style=\"width: 30.2647%; text-align: center;\" width=\"259\">Leix\u00f5es SC<\/td>\n<td style=\"width: 96.4327%; text-align: center;\" width=\"342\">Central<\/td>\n<\/tr>\n<tr>\n<td style=\"width: 7.82509%; text-align: center;\" width=\"64\">7<\/td>\n<td style=\"width: 37.0271%; text-align: center;\" colspan=\"2\" width=\"210\">Aline Rodrigues<\/td>\n<td style=\"width: 30.2647%; text-align: center;\" width=\"259\">Sporting CP<\/td>\n<td style=\"width: 96.4327%; text-align: center;\" width=\"342\">Central<\/td>\n<\/tr>\n<tr>\n<td style=\"width: 7.82509%; text-align: center;\" width=\"64\">8<\/td>\n<td style=\"width: 37.0271%; text-align: center;\" colspan=\"2\" width=\"210\">Neusa Neto<\/td>\n<td style=\"width: 30.2647%; text-align: center;\" width=\"259\">SL Benfica<\/td>\n<td style=\"width: 96.4327%; text-align: center;\" width=\"342\">Central<\/td>\n<\/tr>\n<tr>\n<td style=\"width: 7.82509%; text-align: center;\" width=\"64\">9<\/td>\n<td style=\"width: 37.0271%; text-align: center;\" colspan=\"2\" width=\"210\">Amanda Cavalcanti<\/td>\n<td style=\"width: 30.2647%; text-align: center;\" width=\"259\">Sporting CP<\/td>\n<td style=\"width: 96.4327%; text-align: center;\" width=\"342\">Central<\/td>\n<\/tr>\n<tr>\n<td style=\"width: 7.82509%; text-align: center;\" width=\"64\">10<\/td>\n<td style=\"width: 37.0271%; text-align: center;\" colspan=\"2\" width=\"210\">Fabiola Gomes<\/td>\n<td style=\"width: 30.2647%; text-align: center;\" width=\"259\">Leix\u00f5es SC<\/td>\n<td style=\"width: 96.4327%; text-align: center;\" width=\"342\">Zona 4 \/ Oposta<\/td>\n<\/tr>\n<tr>\n<td style=\"width: 7.82509%; text-align: center;\" width=\"64\">11<\/td>\n<td style=\"width: 37.0271%; text-align: center;\" colspan=\"2\" width=\"210\">B\u00e1rbara Gomes<\/td>\n<td style=\"width: 30.2647%; text-align: center;\" width=\"259\">Sporting CP<\/td>\n<td style=\"width: 96.4327%; text-align: center;\" width=\"342\">Zona 4<\/td>\n<\/tr>\n<tr>\n<td style=\"width: 7.82509%; text-align: center;\" width=\"64\">12<\/td>\n<td style=\"width: 37.0271%; text-align: center;\" colspan=\"2\" width=\"210\">Marta Hurst<\/td>\n<td style=\"width: 30.2647%; text-align: center;\" width=\"259\">USC Munster (Alemanha)<\/td>\n<td style=\"width: 96.4327%; text-align: center;\" width=\"342\">Zona 4<\/td>\n<\/tr>\n<tr>\n<td style=\"width: 7.82509%; text-align: center;\" width=\"64\">13<\/td>\n<td style=\"width: 37.0271%; text-align: center;\" colspan=\"2\" width=\"210\">Gabriela Coelho<\/td>\n<td style=\"width: 30.2647%; text-align: center;\" width=\"259\">Leix\u00f5es SC<\/td>\n<td style=\"width: 96.4327%; text-align: center;\" width=\"342\">Zona 4<\/td>\n<\/tr>\n<tr>\n<td style=\"width: 7.82509%; text-align: center;\" width=\"64\">14<\/td>\n<td style=\"width: 37.0271%; text-align: center;\" colspan=\"2\" width=\"210\">Juliana Antunes<\/td>\n<td style=\"width: 30.2647%; text-align: center;\" width=\"259\">Leix\u00f5es SC<\/td>\n<td style=\"width: 96.4327%; text-align: center;\" width=\"342\">Zona 4<\/td>\n<\/tr>\n<tr>\n<td style=\"width: 7.82509%; text-align: center;\" width=\"64\">15<\/td>\n<td style=\"width: 37.0271%; text-align: center;\" colspan=\"2\" width=\"210\">Margarida Maia<\/td>\n<td style=\"width: 30.2647%; text-align: center;\" width=\"259\">GC Vilacondense<\/td>\n<td style=\"width: 96.4327%; text-align: center;\" width=\"342\">Zona 4<\/td>\n<\/tr>\n<tr>\n<td style=\"width: 7.82509%; text-align: center;\" width=\"64\">16<\/td>\n<td style=\"width: 37.0271%; text-align: center;\" colspan=\"2\" width=\"210\">Maria Leonor Coelho<\/td>\n<td style=\"width: 30.2647%; text-align: center;\" width=\"259\">SC Braga\/U. Minho<\/td>\n<td style=\"width: 96.4327%; text-align: center;\" width=\"342\">Zona 4<\/td>\n<\/tr>\n<tr>\n<td style=\"width: 7.82509%; text-align: center;\" width=\"64\">17<\/td>\n<td style=\"width: 37.0271%; text-align: center;\" colspan=\"2\" width=\"210\">Vanessa Paquete<\/td>\n<td style=\"width: 30.2647%; text-align: center;\" width=\"259\">Sporting CP<\/td>\n<td style=\"width: 96.4327%; text-align: center;\" width=\"342\">Oposta<\/td>\n<\/tr>\n<tr>\n<td style=\"width: 7.82509%; text-align: center;\" width=\"64\">18<\/td>\n<td style=\"width: 37.0271%; text-align: center;\" colspan=\"2\" width=\"210\">J\u00falia Kavalenka<\/td>\n<td style=\"width: 30.2647%; text-align: center;\" width=\"259\">Tenaglia Altino Volley (It\u00e1lia)<\/td>\n<td style=\"width: 96.4327%; text-align: center;\" width=\"342\">Oposta<\/td>\n<\/tr>\n<tr>\n<td style=\"width: 7.82509%; text-align: center;\" width=\"64\">19<\/td>\n<td style=\"width: 37.0271%; text-align: center;\" colspan=\"2\" width=\"210\">Maria Reis Lopes<\/td>\n<td style=\"width: 30.2647%; text-align: center;\" width=\"259\">PV2014\/Ac. Voleibol Col\u00e9gio Efanor<\/td>\n<td style=\"width: 96.4327%; text-align: center;\" width=\"342\">Oposta \/ Zona 4<\/td>\n<\/tr>\n<tr>\n<td style=\"width: 7.82509%; text-align: center;\" width=\"64\">20<\/td>\n<td style=\"width: 37.0271%; text-align: center;\" colspan=\"2\" width=\"210\">Ana Rita Novais<\/td>\n<td style=\"width: 30.2647%; text-align: center;\" width=\"259\">SC Braga\/U. Minho<\/td>\n<td style=\"width: 96.4327%; text-align: center;\" width=\"342\">Oposta<\/td>\n<\/tr>\n<tr>\n<td style=\"width: 7.82509%; text-align: center;\" width=\"64\">21<\/td>\n<td style=\"width: 37.0271%; text-align: center;\" colspan=\"2\" width=\"210\">Alice Clemente<\/td>\n<td style=\"width: 30.2647%; text-align: center;\" width=\"259\">SL Benfica<\/td>\n<td style=\"width: 96.4327%; text-align: center;\" width=\"342\">Oposta\/Z4<\/td>\n<\/tr>\n<tr>\n<td style=\"width: 7.82509%; text-align: center;\" width=\"64\">22<\/td>\n<td style=\"width: 37.0271%; text-align: center;\" colspan=\"2\" width=\"210\">Joana Resende<\/td>\n<td style=\"width: 30.2647%; text-align: center;\" width=\"259\">AAJM\/FC Porto<\/td>\n<td style=\"width: 96.4327%; text-align: center;\" width=\"342\">Libero<\/td>\n<\/tr>\n<tr>\n<td style=\"width: 7.82509%; text-align: center;\" width=\"64\">23<\/td>\n<td style=\"width: 37.0271%; text-align: center;\" colspan=\"2\" width=\"210\">Matilde Calado Rodrigues<\/td>\n<td style=\"width: 30.2647%; text-align: center;\" width=\"259\">PV2014\/Ac. Voleibol Col\u00e9gio Efanor<\/td>\n<td style=\"width: 96.4327%; text-align: center;\" width=\"342\">Libero<\/td>\n<\/tr>\n<tr>\n<td style=\"width: 7.82509%; text-align: center;\" width=\"64\">24<\/td>\n<td style=\"width: 37.0271%; text-align: center;\" colspan=\"2\" width=\"210\">Beatriz Basto<\/td>\n<td style=\"width: 30.2647%; text-align: center;\" width=\"259\">Leix\u00f5es SC<\/td>\n<td style=\"width: 96.4327%; text-align: center;\" width=\"342\">Libero<\/td>\n<\/tr>\n<tr>\n<td style=\"width: 7.82509%; text-align: center;\" width=\"64\">25<\/td>\n<td style=\"width: 37.0271%; text-align: center;\" colspan=\"2\" width=\"210\">Daniela Loureiro<\/td>\n<td style=\"width: 30.2647%; text-align: center;\" width=\"259\">Sporting CP<\/td>\n<td style=\"width: 96.4327%; text-align: center;\" width=\"342\">Libero<\/td>\n<\/tr>\n<\/tbody>\n<\/table>\n<p style=\"text-align: center;\"><img loading=\"lazy\" decoding=\"async\" class=\"alignnone size-full wp-image-14222\" src=\"https:\/\/fpvoleibol.pt\/fpv\/wp-content\/uploads\/2022\/03\/SNSF21_d.jpg\" alt=\"\" width=\"960\" height=\"570\" srcset=\"https:\/\/fpvoleibol.pt\/fpv\/wp-content\/uploads\/2022\/03\/SNSF21_d.jpg 960w, https:\/\/fpvoleibol.pt\/fpv\/wp-content\/uploads\/2022\/03\/SNSF21_d-300x178.jpg 300w, https:\/\/fpvoleibol.pt\/fpv\/wp-content\/uploads\/2022\/03\/SNSF21_d-768x456.jpg 768w\" sizes=\"auto, (max-width: 960px) 100vw, 960px\" \/><\/p>\n<p style=\"text-align: center;\"><span style=\"text-decoration: underline;\"><strong>Ucr\u00e2nia na rota de Portugal<\/strong><\/span><\/p>\n<p>Na <a href=\"https:\/\/www-old.cev.eu\/Competition-Area\/CompetitionView.aspx?ID=1377\"><span style=\"text-decoration: underline;\">Fase de Qualifica\u00e7\u00e3o para o Campeonato da Europa 2023<\/span><\/a>, a <strong>Selec\u00e7\u00e3o Nacional de Seniores Femininos<\/strong>\u00a0vai defrontar, na Pool C, a Ucr\u00e2nia, a Hungria \u2013 respectivamente 12.\u00aa e 16.\u00aa classificadas no EuroVolley 2021 \u2013 e o Chipre.<\/p>\n<p>Os jogos da fase de qualifica\u00e7\u00e3o dever\u00e3o ser disputados entre 15 de Agosto e 15 de Setembro de 2022.<\/p>\n<p>O <strong>Seleccionador Hugo Silva<\/strong> analisa a Pool C:<br \/>\n&#8220;<em>Tendo em considera\u00e7\u00e3o a posi\u00e7\u00e3o no <a href=\"https:\/\/www.cev.eu\/national-team\/rankings\/#women\">ranking<\/a> que ocupamos, j\u00e1 sab\u00edamos que \u00edamos encontrar duas selec\u00e7\u00f5es fortes, no caso Ucr\u00e2nia e Hungria, que chegaram aos oitavos-de-final no \u00faltimo Europeu, revelando assim a for\u00e7a e os argumentos destas selec\u00e7\u00f5es.<\/em><br \/>\n<em>Mas n\u00f3s sabemos que para fazer algo hist\u00f3rico temos de ficar \u00e0 frente de alguma destas selec\u00e7\u00f5es e \u00e9 para isso que vamos trabalhar, procurando, acima de tudo, formar um grupo coeso e ambicioso.<\/em><br \/>\n<em>Obviamente, neste grupo destacam-se os embates com a Ucr\u00e2nia, que ter\u00e3o sem d\u00favida um significado especial, n\u00e3o s\u00f3 por ser uma selec\u00e7\u00e3o que no masculino j\u00e1 se cruzou comigo em muitas batalhas, mas principalmente por saber que vamos jogar com um advers\u00e1rio que revela bem a bravura do seu povo e que \u00e9 um exemplo para todos n\u00f3s.<\/em><br \/>\n<em>T\u00eam demonstrado muita coragem enquanto povo, ainda para mais tendo em conta o poderio do seu advers\u00e1rio&#8230; Acho justo e leg\u00edtimo que estas minhas palavras sirvam de uma modesta homenagem ao povo ucraniano, desejando ao mesmo tempo que a paz regresse ao mundo&#8230; e que no fim se apurem a Ucr\u00e2nia e Portugal<\/em>&#8220;.<\/p>\n<p style=\"text-align: center;\"><b><u>Mais informa\u00e7\u00f5es<\/u><\/b> em <a href=\"http:\/\/www.cev.eu\">www.cev.eu<\/a><\/p>\n","protected":false},"excerpt":{"rendered":"<p>A equipa t\u00e9cnica da Selec\u00e7\u00e3o Nacional de Seniores Femininos, liderada por Hugo Silva, divulgou hoje a pr\u00e9-convocat\u00f3ria de 25 jogadoras, de onde sair\u00e3o \u2013 a 26 de Abril \u2013 as [&hellip;]<\/p>\n","protected":false},"author":2,"featured_media":14226,"comment_status":"open","ping_status":"open","sticky":false,"template":"","format":"standard","meta":{"_monsterinsights_skip_tracking":false,"_monsterinsights_sitenote_active":false,"_monsterinsights_sitenote_note":"","_monsterinsights_sitenote_category":0,"footnotes":""},"categories":[8],"tags":[47,40,60],"class_list":{"0":"post-14187","1":"post","2":"type-post","3":"status-publish","4":"format-standard","5":"has-post-thumbnail","7":"category-voleibol","8":"tag-epoca-2021-2022","9":"tag-european-silver-league","10":"tag-european-silver-league-2022","11":"czr-hentry"},"aioseo_notices":[],"_links":{"self":[{"href":"https:\/\/fpvoleibol.pt\/fpv\/wp-json\/wp\/v2\/posts\/14187","targetHints":{"allow":["GET"]}}],"collection":[{"href":"https:\/\/fpvoleibol.pt\/fpv\/wp-json\/wp\/v2\/posts"}],"about":[{"href":"https:\/\/fpvoleibol.pt\/fpv\/wp-json\/wp\/v2\/types\/post"}],"author":[{"embeddable":true,"href":"https:\/\/fpvoleibol.pt\/fpv\/wp-json\/wp\/v2\/users\/2"}],"replies":[{"embeddable":true,"href":"https:\/\/fpvoleibol.pt\/fpv\/wp-json\/wp\/v2\/comments?post=14187"}],"version-history":[{"count":20,"href":"https:\/\/fpvoleibol.pt\/fpv\/wp-json\/wp\/v2\/posts\/14187\/revisions"}],"predecessor-version":[{"id":14247,"href":"https:\/\/fpvoleibol.pt\/fpv\/wp-json\/wp\/v2\/posts\/14187\/revisions\/14247"}],"wp:featuredmedia":[{"embeddable":true,"href":"https:\/\/fpvoleibol.pt\/fpv\/wp-json\/wp\/v2\/media\/14226"}],"wp:attachment":[{"href":"https:\/\/fpvoleibol.pt\/fpv\/wp-json\/wp\/v2\/media?parent=14187"}],"wp:term":[{"taxonomy":"category","embeddable":true,"href":"https:\/\/fpvoleibol.pt\/fpv\/wp-json\/wp\/v2\/categories?post=14187"},{"taxonomy":"post_tag","embeddable":true,"href":"https:\/\/fpvoleibol.pt\/fpv\/wp-json\/wp\/v2\/tags?post=14187"}],"curies":[{"name":"wp","href":"https:\/\/api.w.org\/{rel}","templated":true}]}}