{"id":1409,"date":"2020-09-24T14:09:51","date_gmt":"2020-09-24T14:09:51","guid":{"rendered":"https:\/\/fpvoleibol.pt\/fpv\/?p=1409"},"modified":"2020-09-25T14:11:52","modified_gmt":"2020-09-25T14:11:52","slug":"os-campeonatos-nacionais-da-i-divisao-estao-de-regresso","status":"publish","type":"post","link":"https:\/\/fpvoleibol.pt\/fpv\/2020\/09\/24\/os-campeonatos-nacionais-da-i-divisao-estao-de-regresso\/","title":{"rendered":"OS CAMPEONATOS NACIONAIS DA I DIVIS\u00c3O EST\u00c3O DE REGRESSO!"},"content":{"rendered":"<p class=\"descricaonoticia\" align=\"center\"><img loading=\"lazy\" decoding=\"async\" class=\"auto-style1\" src=\"https:\/\/www.fpvoleibol.pt\/noticias\/2020\/imagens\/AJFBeSCP_par_cejcabral.jpg\" width=\"480\" height=\"303\" border=\"1\" \/><br \/>\n<strong><span class=\"auto-style5\">Foto: Jorge Cabral<\/span><\/strong><\/p>\n<p class=\"auto-style2\" align=\"justify\">Os\u00a0<strong>Campeonatos Nacionais da I Divis\u00e3o da \u00e9poca de 2020\/2021<\/strong>\u00a0arrancam este fim-de-semana, com uma jornada dupla em masculinos e uma jornada simples em femininos.<\/p>\n<p class=\"auto-style2\" align=\"justify\">Em masculinos, as equipas que subiram de divis\u00e3o t\u00eam bons testes para aquilatar a sua for\u00e7a.<br \/>\nOs jogos a disputar pelo Sporting CP nas duas primeiras jornadas j\u00e1 t\u00eam datas agendadas.<\/p>\n<p class=\"descricaonoticia\" align=\"justify\"><strong>Plant\u00e9is das equipas<\/strong><\/p>\n<p class=\"auto-style2\" align=\"justify\"><a href=\"https:\/\/www.fpvoleibol.pt\/noticias\/2020\/AASM_SUPERTACA2020-21.pdf\" target=\"_blank\" rel=\"noopener noreferrer\">AA S. Mamede<\/a>\u00a0\/<a href=\"https:\/\/www.fpvoleibol.pt\/noticias\/2020\/SLB_SUPERTACA2020-21.pdf\" target=\"_blank\" rel=\"noopener noreferrer\">\u00a0SL Benfica<\/a>\u00a0\/\u00a0<a href=\"https:\/\/www.fpvoleibol.pt\/noticias\/2020\/SCE_SUPERTACA2020-21.pdf\" target=\"_blank\" rel=\"noopener noreferrer\">SC Espinho<\/a>\u00a0\/\u00a0<a href=\"https:\/\/www.fpvoleibol.pt\/noticias\/2020\/LSC_SUPERTACA2020-21.pdf\" target=\"_blank\" rel=\"noopener noreferrer\">Leix\u00f5es SC<\/a>\u00a0\/\u00a0<a href=\"https:\/\/www.fpvoleibol.pt\/noticias\/2020\/AJFB_SUPERTACA2020-21.pdf\" target=\"_blank\" rel=\"noopener noreferrer\">AJF Bastardo<\/a>\u00a0\/<a href=\"https:\/\/www.fpvoleibol.pt\/noticias\/2020\/SCP_SUPERTACA2020-21.pdf\" target=\"_blank\" rel=\"noopener noreferrer\">\u00a0Sporting CP<\/a>\u00a0\/\u00a0<a href=\"https:\/\/www.fpvoleibol.pt\/noticias\/2020\/CDPovoa_2020-2021.pdf\" target=\"_blank\" rel=\"noopener noreferrer\">CD P\u00f3voa<\/a>\u00a0\/\u00a0<a href=\"https:\/\/www.fpvoleibol.pt\/noticias\/2020\/VSC_Masculinos_2020-2021.pdf\" target=\"_blank\" rel=\"noopener noreferrer\">Vit\u00f3ria SC<\/a>\u00a0\/\u00a0<a href=\"https:\/\/www.fpvoleibol.pt\/noticias\/2020\/ALA_2020-2021.pdf\" target=\"_blank\" rel=\"noopener noreferrer\">Ala Nun&#8217;\u00c1lvares de Gondomar<\/a>\u00a0\/\u00a0<a href=\"https:\/\/www.fpvoleibol.pt\/noticias\/2020\/Castelo_Maia_Masc_2020%202021.pdf\" target=\"_blank\" rel=\"noopener noreferrer\">Cast\u00ealo da Maia GC<\/a>\u00a0\/\u00a0<a href=\"https:\/\/www.fpvoleibol.pt\/noticias\/2020\/CNGinastica_2020_2021.pdf\" target=\"_blank\" rel=\"noopener noreferrer\">CN Gin\u00e1stica<\/a>\u00a0\/\u00a0<a href=\"https:\/\/www.fpvoleibol.pt\/noticias\/2020\/VCViana_masc_2020-2021.pdf\" target=\"_blank\" rel=\"noopener noreferrer\">VC Viana\/Casa Peixoto<\/a>\u00a0\/ Clube K \/ SC Caldas \/ Esmoriz GC<\/p>\n<p class=\"descricaonoticia\" align=\"justify\">\u00a0<span class=\"auto-style3\"><strong>1.\u00aa Jornada &#8211; 26.09.2020<\/strong><\/span><\/p>\n<p class=\"auto-style2\" align=\"justify\"><strong>17h00<\/strong>\u00a0\u2013 VC Viana\/Casa Peixoto x CD P\u00f3voa, no Pav. Mun. St.\u00aa Maria Maior<br \/>\n<strong>17h00<\/strong>\u00a0\u2013 Ala Nun&#8217;\u00c1lvares de Gondomar x AJF Bastardo, no Pav. Ala Gondomar<br \/>\n<strong>18h00<\/strong>\u00a0\u2013 Vit\u00f3ria SC x SL Benfica, no Pav. Unidade Vimaranense \u2013 em directo na\u00a0<strong><a href=\"https:\/\/www.sporttv.pt\/pesquisa\/voleibol\" target=\"_blank\" rel=\"noopener noreferrer\">Sport TV<\/a><\/strong><br \/>\n<strong>18h00<\/strong>\u00a0\u2013 AA S. Mamede x Esmoriz GC, no Pav. Eduardo Soares<br \/>\n<strong>17h00<\/strong>\u00a0\u2013 SC Caldas x Leix\u00f5es SC, no Pav. Rainha D.\u00aa Leonor<br \/>\n<strong>17h00<\/strong>\u00a0\u2013 SC Espinho x CN Gin\u00e1stica, na Nave Desportiva de Espinho<br \/>\n<span class=\"auto-style3\"><strong>15.11.2020<\/strong><\/span><br \/>\n<strong>16h00\u00a0<\/strong>\u2013 Sporting CP x Cast\u00ealo da Maia GC, no Pav. Jo\u00e3o Rocha<\/p>\n<p class=\"auto-style4\" align=\"justify\"><strong>2.\u00aa Jornada &#8211; 27.09.2020<\/strong><\/p>\n<p class=\"auto-style2\" align=\"justify\"><strong>15h00<\/strong>\u00a0&#8211; AA S. Mamede x AJF Bastardo, no Pav. Eduardo Soares<br \/>\n<strong>20h00<\/strong>\u00a0&#8211; Leix\u00f5es SC x CD P\u00f3voa, na Nave Il\u00eddio Ramos &#8211; CDC Matosinhos<br \/>\n<strong>16h00<\/strong>\u00a0&#8211; VC Viana\/Casa Peixoto x CN Gin\u00e1stica, no Pav. Mun. Santa Maria Maior<br \/>\n<strong>18h00<\/strong>\u00a0&#8211; Vit\u00f3ria SC x SC Espinho, no Pav. Desp. Unidade Vimaranense<br \/>\n<strong>18h00<\/strong>\u00a0&#8211; Cast\u00ealo da Maia GC x SC Caldas, no Pav. C. Maia GC<br \/>\n<strong>16h00<\/strong>\u00a0&#8211; Esmoriz GC x Ala Nun&#8217;\u00c1lvares de Gondomar, no Pav. Esmoriz GC<br \/>\n<span class=\"auto-style3\"><strong>8.11.2020<\/strong><\/span><br \/>\n<strong>16h00<\/strong>\u00a0\u2013 Sporting CP x Clube Kair\u00f3s, no Pav. Jo\u00e3o Rocha<\/p>\n<p class=\"auto-style2\" align=\"justify\">A lista dos\u00a0<strong>\u00e1rbitros nomeados<\/strong>\u00a0pode ser consultada\u00a0<a href=\"https:\/\/www.fpvoleibol.pt\/arbitragem\/nomeacoes\/\" target=\"_blank\" rel=\"noopener noreferrer\">aqui<\/a><\/p>\n<p class=\"descricaonoticia\" style=\"text-align: center;\" align=\"justify\"><img loading=\"lazy\" decoding=\"async\" class=\"auto-style1 aligncenter\" src=\"https:\/\/www.fpvoleibol.pt\/noticias\/2020\/imagens\/CDPovoa_LPA_vd.jpg\" width=\"480\" height=\"270\" border=\"1\" \/><br \/>\n<strong><span class=\"auto-style5\">Foto: Lu\u00eds Pedro Almeida<\/span><\/strong><\/p>\n<p class=\"auto-style2\" align=\"justify\"><span class=\"auto-style3\"><strong>Modo de disputa do Campeonato Nacional da I Divis\u00e3o &#8211; masculinos<\/strong><\/span>: ver\u00a0<a href=\"http:\/\/www.fpvoleibol.pt\/documentacao\/circulares\/20_21\/05.pdf\" target=\"_blank\" rel=\"noopener noreferrer\">Circular N.\u00ba 05\u2013 2020|2021<\/a><\/p>\n<p>Por delibera\u00e7\u00e3o da Direc\u00e7\u00e3o da FPV na sua reuni\u00e3o de 22 de Julho de 2020, foi aprovado, por unanimidade dos presentes, para vigorar a t\u00edtulo excepcional na \u00e9poca desportiva 2020-2021, o esquema de competi\u00e7\u00e3o da I Divis\u00e3o de masculinos e femininos. Ver Circular n.\u00ba 5 na \u00edntegra\u00a0<a href=\"http:\/\/www.fpvoleibol.pt\/documentacao\/circulares\/20_21\/05.pdf\" target=\"_blank\" rel=\"noopener noreferrer\">aqui<\/a><\/p>\n<p class=\"descricaonoticia\" style=\"text-align: center;\" align=\"justify\"><strong><span class=\"auto-style5\"><img loading=\"lazy\" decoding=\"async\" class=\"auto-style1 aligncenter\" src=\"https:\/\/www.fpvoleibol.pt\/noticias\/2020\/imagens\/Aladegondomar_LPA_d.jpg\" width=\"480\" height=\"270\" border=\"1\" \/><br \/>\nFoto: Lu\u00eds Pedro Almeida<\/span><\/strong><\/p>\n<p class=\"auto-style4\" align=\"justify\"><strong>Seniores Masculinos<\/strong><\/p>\n<p class=\"auto-style2\" align=\"justify\"><span class=\"auto-style3\"><strong>1.\u00aa Fase<\/strong><\/span><br \/>\n<strong>Equipas participantes<\/strong>: 15 \/\u00a0<strong>Forma de disputa<\/strong>: Todos contra todos a uma volta.<\/p>\n<p class=\"auto-style2\" align=\"justify\"><span class=\"auto-style3\"><strong>2.\u00aa Fase<\/strong><\/span><br \/>\nDe acordo com a classifica\u00e7\u00e3o na Fase Preliminar, as equipas ser\u00e3o divididas em duas s\u00e9ries.<br \/>\n<strong>S\u00e9rie dos Primeiros<\/strong>: equipas do 1.\u00ba ao 8.\u00ba classificado<br \/>\n<strong>S\u00e9rie dos \u00daltimos<\/strong>: equipas do 9.\u00ba ao 15.\u00ba classificado<\/p>\n<p><span class=\"auto-style3\"><strong>2.\u00aa Fase \u2013 I Divis\u00e3o Elite<\/strong><\/span><br \/>\n<strong>Equipas participantes<\/strong>: 1.\u00ba, 2.\u00ba, 3.\u00ba e 4.\u00ba classificados da 1.\u00aa Fase \u2013 S\u00e9rie dos Primeiros.<br \/>\n<strong>Forma de disputa<\/strong>: Play-Off.<\/p>\n<p><span class=\"auto-style3\"><strong>1.\u00ba Play-Off<\/strong><\/span><br \/>\n<strong>Jogam<\/strong>: 1.\u00ba classificado com o 4.\u00ba classificado e 2.\u00ba classificado com o 3.\u00ba classificado (\u00e0 melhor de 5 jogos).<br \/>\nPlay-Off \u2013 Locais de realiza\u00e7\u00e3o de jogos.<br \/>\nO 2.\u00ba, 3.\u00ba e 5.\u00ba jogo \u2013 Em casa do melhor classificado da 1.\u00aa Fase.<br \/>\nO 1.\u00ba e 4.\u00ba jogo \u2013 Em casa do pior classificado.<\/p>\n<p class=\"auto-style2\" align=\"justify\"><span class=\"auto-style3\"><strong>2.\u00ba Play-Off<\/strong><\/span><br \/>\nJogam \u00e0 melhor de 5 jogos os vencedores do Play-Off n.\u00ba 1 e do n.\u00ba 2 e ao vencedor ser\u00e1 atribu\u00eddo o t\u00edtulo de Campe\u00e3o Nacional da I Divis\u00e3o Elite.<br \/>\nPlay-Off \u2013 Locais de realiza\u00e7\u00e3o de jogos.<br \/>\nO 2.\u00ba, 3.\u00ba e 5.\u00ba jogo \u2013 Em casa do melhor classificado da 1.\u00aa Fase.<br \/>\nO 1.\u00ba e 4.\u00ba jogo \u2013 Em casa do pior classificado.<\/p>\n<p class=\"auto-style2\" align=\"justify\">Jogam \u00e0 melhor de 3 jogos os derrotados do Play-Off n.\u00ba 1 e do n.\u00ba 2 e o vencedor ir\u00e1 disputar a Ta\u00e7a Federa\u00e7\u00e3o.<br \/>\nPlay-Off \u2013 Locais de realiza\u00e7\u00e3o de jogos.<br \/>\nO 1.\u00ba jogo \u2013 Em casa do pior classificado.<br \/>\nO 2.\u00ba e 3.\u00ba jogo \u2013 Em casa do melhor classificado.<\/p>\n<p><span class=\"auto-style3\"><strong>2.\u00aa Fase \u2013 Apuramento do Vencedor da Ta\u00e7a Federa\u00e7\u00e3o Portuguesa de Voleibol<\/strong><\/span><br \/>\n<strong>Equipas participantes<\/strong>: As equipas 5.\u00aa, 6.\u00aa, 7.\u00aa e 8.\u00aa classificadas da 1.\u00aa Fase &#8211; S\u00e9rie dos Primeiros e o vencedor do Play-Off n.\u00ba 4 da I Divis\u00e3o Elite.<br \/>\n<strong>Forma de disputa<\/strong>: Play-Off.<\/p>\n<p class=\"auto-style2\" align=\"justify\"><span class=\"auto-style3\"><strong>1.\u00ba Play-Off<\/strong><\/span><br \/>\nJogam \u00e0 melhor de 5 jogos, o 5.\u00ba classificado com o 8.\u00ba classificado e o 6.\u00ba classificado com o 7.\u00ba classificado (da 1.\u00aa Fase).<br \/>\nPlay-Off \u2013 Locais de realiza\u00e7\u00e3o de jogos.<br \/>\nO 2.\u00ba, 3.\u00ba e 5.\u00ba jogo \u2013 Em casa do melhor classificado.<br \/>\nO 1.\u00ba e 4.\u00ba jogo \u2013 Em casa do pior classificado.<\/p>\n<p class=\"auto-style2\" align=\"justify\"><span class=\"auto-style3\"><strong>2.\u00ba Play-Off<\/strong><\/span><br \/>\nJogam \u00e0 melhor de 3 jogos os vencedores do Play-Off n.\u00ba 5 e do n.\u00ba 6 e o vencedor ir\u00e1 disputar a Ta\u00e7a Federa\u00e7\u00e3o Portuguesa de Voleibol, sendo que os perdedores disputam, \u00e0 melhor de 3 jogos, o Play-Off para ranqueamento.<br \/>\nPlay-Off \u2013 Locais de realiza\u00e7\u00e3o de jogos.<br \/>\nO 1.\u00ba jogo \u2013 Em casa do pior classificado.<br \/>\nO 2.\u00ba e 3.\u00ba jogo \u2013 Em casa do melhor classificado.<\/p>\n<p class=\"auto-style2\" align=\"justify\"><span class=\"auto-style3\"><strong>3.\u00ba Play-Off<\/strong><\/span><br \/>\nDisputam este Play-Off, \u00e0 melhor de 3 jogos, o vencedor do Play-Off n.\u00ba 7 e o vencedor do Play-Off n.\u00ba 4 da I Divis\u00e3o Elite.<br \/>\nO vencedor conquistar\u00e1 a Ta\u00e7a Federa\u00e7\u00e3o Portuguesa de Voleibol.<br \/>\nPlay-Off \u2013 Locais de realiza\u00e7\u00e3o de jogos.<br \/>\nO 1.\u00ba jogo \u2013 Em casa do vencedor do Play-Off n.\u00ba 7.<br \/>\nO 2.\u00ba e 3.\u00ba jogo \u2013 Em casa do vencedor do Play-Off n.\u00ba 4 da I Divis\u00e3o Elite.<\/p>\n<p class=\"auto-style2\" align=\"justify\"><span class=\"auto-style3\"><strong>2.\u00aa Fase \u2013 S\u00e9rie dos \u00daltimo<\/strong><\/span>s<br \/>\n<strong>Equipas participantes<\/strong>: 9.\u00ba, 10.\u00ba, 11.\u00ba, 12.\u00ba, 13.\u00ba, 14.\u00ba e 15.\u00ba classificados da 1.\u00aa Fase.<br \/>\n<strong>Forma de disputa<\/strong>: Todos contra todas a 2 voltas.<br \/>\n<strong>Consequ\u00eancias<\/strong>: Os 3 \u00faltimos classificados descer\u00e3o de Divis\u00e3o, sendo que a equipa classificada em 12.\u00ba ir\u00e1 disputar um Play-Off com o 2.\u00ba classificado da II Divis\u00e3o, para manuten\u00e7\u00e3o na I Divis\u00e3o.<br \/>\nEste Play-Off ser\u00e1 disputado \u00e0 melhor de 3 jogos.<br \/>\nPlay-Off \u2013 Locais de realiza\u00e7\u00e3o de jogos.<br \/>\nO 1.\u00ba jogo \u2013 Em casa da equipa da II Divis\u00e3o.<br \/>\nO 2.\u00ba e 3.\u00ba jogo, se necess\u00e1rio, em casa da equipa da I Divis\u00e3o.<\/p>\n<p class=\"auto-style2\" align=\"justify\"><span class=\"auto-style3\"><strong>Para um ranking geral, as equipas ficam ordenadas da seguinte forma<\/strong><\/span>:<br \/>\n1.\u00ba Classificado &#8211; Campe\u00e3o Nacional da Divis\u00e3o Elite<br \/>\n2.\u00ba Classificado &#8211; Derrotado do Play-Off dos Vencedores<br \/>\n3.\u00ba Classificado \u2013 Vencedor do Play-Off n.\u00ba4 \u2013 Divis\u00e3o Elite<br \/>\n4.\u00ba Classificado \u2013 Derrotado do Play-Off n.\u00ba4 \u2013 Divis\u00e3o Elite<br \/>\n5.\u00ba Classificado \u2013 Vencedor do Play-Off n.\u00ba7 \u2013 Ta\u00e7a Federa\u00e7\u00e3o<br \/>\n6.\u00ba Classificado \u2013 Derrotado do Play-Off n.\u00ba7\u2013 Ta\u00e7a Federa\u00e7\u00e3o<br \/>\n7.\u00ba Classificado \u2013 Vencedor do Play-Off n.\u00ba8 \u2013 Ta\u00e7a Federa\u00e7\u00e3o<br \/>\n8.\u00ba Classificado \u2013 Derrotado do Play-Off n.\u00ba8 \u2013 Ta\u00e7a Federa\u00e7\u00e3o<br \/>\n9.\u00ba Classificado \u2013 1.\u00ba Classificado da S\u00e9rie dos \u00daltimos<br \/>\n10.\u00ba Classificado \u2013 2.\u00ba Classificado da S\u00e9rie dos \u00daltimos<br \/>\n11.\u00ba Classificado \u2013 3.\u00ba Classificado da S\u00e9rie dos \u00daltimos<br \/>\n12.\u00ba Classificado \u20134.\u00ba Classificado da S\u00e9rie dos \u00daltimos<br \/>\n13\u00ba Classificado \u2013 5.\u00ba Classificado da S\u00e9rie dos \u00daltimos<br \/>\n14\u00ba Classificado \u2013 6.\u00ba Classificado da S\u00e9rie dos \u00daltimos<br \/>\n15\u00ba Classificado \u2013 7.\u00ba Classificado da S\u00e9rie dos \u00daltimos<\/p>\n<p class=\"descricaonoticia\" style=\"text-align: center;\" align=\"justify\"><img loading=\"lazy\" decoding=\"async\" class=\"auto-style1 aligncenter\" src=\"https:\/\/www.fpvoleibol.pt\/noticias\/2020\/imagens\/VSC_fem_JCabral_d.jpg\" width=\"480\" height=\"320\" border=\"1\" \/><br \/>\n<span class=\"auto-style5\"><strong>Foto: Jorge Cabral<\/strong><\/span><\/p>\n<p class=\"auto-style2\" align=\"justify\">Em femininos, o primodivision\u00e1rio Vit\u00f3ria SC recebe a AJM\/FC Porto, vencedor da Superta\u00e7a 2020, enquanto o SL Benfica disputa um\u00a0<em>derby\u00a0<\/em>lisboeta no recinto do CF \u00abOs Belenenses\u00bb.<\/p>\n<p class=\"auto-style4\" align=\"justify\"><strong>Plant\u00e9is das equipas<\/strong><\/p>\n<p class=\"auto-style2\" align=\"justify\"><a href=\"https:\/\/www.fpvoleibol.pt\/noticias\/2020\/AVC_SUPERTACA2020-21.pdf\" target=\"_blank\" rel=\"noopener noreferrer\">AVC Famalic\u00e3o<\/a>\u00a0\/\u00a0<a href=\"https:\/\/www.fpvoleibol.pt\/noticias\/2020\/Porto_Volei_SupertacaF2020.pdf\" target=\"_blank\" rel=\"noopener noreferrer\">Porto V\u00f3lei\u00a0<\/a>\/\u00a0<a href=\"https:\/\/www.fpvoleibol.pt\/noticias\/2020\/CK_SUPERTACA2020-21_Fem.pdf\" target=\"_blank\" rel=\"noopener noreferrer\">Clube Kair\u00f3s<\/a>\u00a0\/<a href=\"https:\/\/www.fpvoleibol.pt\/noticias\/2020\/AJM_FCPorto_SupertacaFem2020.pdf\" target=\"_blank\" rel=\"noopener noreferrer\">\u00a0AJM\/FC Porto<\/a>\u00a0\/\u00a0<a href=\"https:\/\/www.fpvoleibol.pt\/noticias\/2020\/Castelo_Maia_Fem_2020%202021.pdf\" target=\"_blank\" rel=\"noopener noreferrer\">Cast\u00ealo da Maia GC<\/a>\u00a0\/\u00a0<a href=\"https:\/\/www.fpvoleibol.pt\/noticias\/2020\/VitoriaSCFemininos_2021.pdf\" target=\"_blank\" rel=\"noopener noreferrer\">Vit\u00f3ria SC<\/a>\u00a0\/\u00a0<a href=\"https:\/\/www.fpvoleibol.pt\/noticias\/2020\/SLB_Femininos_2020-2021.pdf\" target=\"_blank\" rel=\"noopener noreferrer\">SL Benfica<\/a>\u00a0\/\u00a0<a href=\"https:\/\/www.fpvoleibol.pt\/noticias\/2020\/SportingCP_Fem2021.pdf\" target=\"_blank\" rel=\"noopener noreferrer\">Sporting CP<\/a>\u00a0\/\u00a0<a href=\"https:\/\/www.fpvoleibol.pt\/noticias\/2020\/LSCFem2021.pdf\" target=\"_blank\" rel=\"noopener noreferrer\">Leix\u00f5es SC<\/a>\u00a0\/\u00a0<a href=\"https:\/\/www.fpvoleibol.pt\/noticias\/2020\/SCBraga_fem2021.pdf\" target=\"_blank\" rel=\"noopener noreferrer\">SC Braga\/U. Minho<\/a>\u00a0\/<a href=\"https:\/\/www.fpvoleibol.pt\/noticias\/2020\/BoavistaFC_fem2021.pdf\" target=\"_blank\" rel=\"noopener noreferrer\">\u00a0Boavista FC<\/a>\u00a0\/ CD Aves\/Termolan \/ CF \u00abOs Belenenses\u00bb \/\u00a0<a href=\"https:\/\/www.fpvoleibol.pt\/noticias\/2020\/GCVilacondense_fem2021.pdf\" target=\"_blank\" rel=\"noopener noreferrer\">GC Vilacondense<\/a><\/p>\n<p class=\"auto-style4\" align=\"justify\"><strong>1.\u00aa Jornada<\/strong><\/p>\n<p class=\"auto-style2\" align=\"justify\"><span class=\"auto-style3\"><strong>26.09.2020<\/strong><\/span><br \/>\n<strong>19h00 locais<\/strong>\u00a0\u2013 Clube Kair\u00f3s x SC Braga\/U. Minho, no Pav. Coriscol\u00e2ndia<br \/>\n<span class=\"auto-style3\"><strong>27.09.2020<\/strong><\/span><br \/>\n<strong>16h00<\/strong>\u00a0\u2013 GC Vilacondense x AVC Famalic\u00e3o, no Parque de Jogos de V. Conde<br \/>\n<strong>15h00\u00a0<\/strong>\u2013 Cast\u00ealo da Maia GC x Porto V\u00f3lei, no Pav. C. Maia GC<br \/>\n<strong>16h00<\/strong>\u00a0\u2013 Boavista FC x CD Aves\/Termolan, no Pav. Esc. EB2 Irene Lisboa<br \/>\n<strong>17h30<\/strong>\u00a0\u2013 Leix\u00f5es SC x Sporting CP, na Nave Il\u00eddio Ramos &#8211; em directo na\u00a0<a href=\"https:\/\/www.youtube.com\/watch?v=1B5g-F5GvHw\" target=\"_blank\" rel=\"noopener noreferrer\">Volei TV<\/a>\u00a0e\u00a0<a href=\"https:\/\/www.abola.pt\/ABolaTv\" target=\"_blank\" rel=\"noopener noreferrer\">A Bola TV<\/a><br \/>\n<strong>15h00\u00a0<\/strong>\u2013 Vit\u00f3ria SC x AJM\/FC Porto, no Pav. Unidade Vimaranense<br \/>\n<strong>15h00<\/strong>\u00a0\u2013 CF \u00abOs Belenenses\u00bb x SL Benfica, no Pav. Ac\u00e1cio Rosa<\/p>\n<p class=\"auto-style2\" align=\"justify\">A lista dos\u00a0<strong>\u00e1rbitros nomeados<\/strong>\u00a0pode ser consultada\u00a0<a href=\"https:\/\/www.fpvoleibol.pt\/arbitragem\/nomeacoes\/\" target=\"_blank\" rel=\"noopener noreferrer\">aqui<\/a><\/p>\n<p class=\"auto-style4\" align=\"justify\"><strong>Seniores Femininos- I Divis\u00e3o<\/strong><\/p>\n<p class=\"auto-style2\" align=\"justify\"><span class=\"auto-style3\"><strong>1.\u00aa Fase<\/strong><\/span>:<br \/>\n<strong>Equipas participantes<\/strong>: 14.\u00a0<strong>Forma de disputa<\/strong>: Todos contra todos a duas voltas.<\/p>\n<p class=\"auto-style2\" align=\"justify\"><span class=\"auto-style3\"><strong>2.\u00aa Fase<\/strong><\/span>:<br \/>\nDe acordo com a classifica\u00e7\u00e3o na 1.\u00aa Fase, as equipas ser\u00e3o divididas em 2 s\u00e9ries.<br \/>\n<strong>S\u00e9rie dos Primeiros<\/strong>: Do 1.\u00ba ao 8.\u00ba classificado.<br \/>\n<strong>S\u00e9rie dos \u00daltimos<\/strong>: Do 9.\u00ba ao 14.\u00ba classificado.<\/p>\n<p class=\"auto-style2\" align=\"justify\"><strong>2.\u00aa Fase \u2013 I Divis\u00e3o Elite<\/strong>:<br \/>\n<strong>Equipas participantes<\/strong>: 1.\u00ba, 2.\u00ba, 3.\u00ba e 4.\u00ba classificados da 1.\u00aa Fase \u2013 S\u00e9rie Primeiros.<br \/>\n<strong>Forma de disputa<\/strong>: Play-Off.<\/p>\n<p class=\"auto-style2\" align=\"justify\"><strong>1.\u00ba Play-Off<\/strong><br \/>\n<strong>Jogam<\/strong>: 1.\u00ba classificado com o 4.\u00ba classificado e 2.\u00ba classificado com o 3.\u00ba classificado (\u00e0 melhor de 5 jogos).<br \/>\n<strong>Play-Off<\/strong>\u00a0\u2013 Locais de realiza\u00e7\u00e3o de jogos.<br \/>\nO 2.\u00ba, 3.\u00ba e 5.\u00ba jogo \u2013 Em casa do melhor classificado.<br \/>\nO 1.\u00ba e 4.\u00ba jogo \u2013 Em casa do pior classificado.<\/p>\n<p class=\"auto-style2\" align=\"justify\"><strong>2.\u00ba Play-Off<\/strong><br \/>\nJogam \u00e0 melhor de 5 jogos os vencedores do Play-Off n.\u00ba 1 e do n.\u00ba 2 e ao vencedor ser\u00e1 atribu\u00eddo o t\u00edtulo de Campe\u00e3o Nacional da I Divis\u00e3o Elite.<br \/>\n<strong>Play-Off\u00a0<\/strong>\u2013 Locais de realiza\u00e7\u00e3o de jogos.<br \/>\nO 2.\u00ba, 3.\u00ba e 5.\u00ba jogo \u2013 Em casa do melhor classificado.<br \/>\nO 1.\u00ba e 4.\u00ba jogo \u2013 Em casa do pior classificado.<\/p>\n<p class=\"auto-style2\" align=\"justify\">Jogam \u00e0 melhor de 3 jogos os Derrotados do Play-Off n.\u00ba 1 e do n.\u00ba 2 e o vencedor ir\u00e1 disputar a Ta\u00e7a Federa\u00e7\u00e3o.<br \/>\nPlay-Off \u2013 Locais de realiza\u00e7\u00e3o de jogos.<br \/>\nO 1.\u00ba jogo \u2013 Em casa do pior classificado.<br \/>\nO 2.\u00ba e 3.\u00ba jogo \u2013 Em casa do melhor classificado.<\/p>\n<p class=\"auto-style2\" align=\"justify\"><span class=\"auto-style3\"><strong>2.\u00aa Fase \u2013 Apuramento do Vencedor da Ta\u00e7a Federa\u00e7\u00e3o Portuguesa de Voleibo<\/strong><\/span>l<br \/>\n<strong>Equipas participantes<\/strong>: As equipas 5.\u00aa, 6.\u00aa, 7.\u00aa e 8.\u00aa classificadas da 1.\u00aa Fase &#8211; S\u00e9rie Primeiros e o vencedor do Play-Off n.\u00ba 4 da I Divis\u00e3o Elite.<br \/>\nForma de disputa: Play-Off.<\/p>\n<p class=\"auto-style2\" align=\"justify\"><strong>1.\u00ba Play-Off<\/strong><br \/>\nJogam \u00e0 melhor de 5 jogos, o 5.\u00ba classificado com o 8.\u00ba classificado e o 6.\u00ba classificado com o 7.\u00ba classificado (da 1.\u00aa Fase).<br \/>\n<strong>Play-Off\u00a0<\/strong>\u2013 Locais de realiza\u00e7\u00e3o de jogos.<br \/>\nO 2.\u00ba, 3.\u00ba e 5.\u00ba jogo \u2013 Em casa do melhor classificado.<br \/>\nO 1.\u00ba e 4.\u00ba jogo \u2013 Em casa do pior classificado.<\/p>\n<p class=\"auto-style2\" align=\"justify\"><span class=\"auto-style3\"><strong>2.\u00ba Play-Off<\/strong><\/span><br \/>\nJogam \u00e0 melhor de 3 jogos os vencedores do 1.\u00ba Play-Off n.\u00ba 5 e do n.\u00ba 6 e o vencedor ir\u00e1 disputar a Ta\u00e7a Federa\u00e7\u00e3o Portuguesa de Voleibol, sendo que os perdedores jogam, \u00e0 melhor de 3 jogos, o Play-Off para ranqueamento.<br \/>\nPlay-Off \u2013 Locais de realiza\u00e7\u00e3o de jogos.<br \/>\nO 1.\u00ba jogo \u2013 Em casa do pior classificado.<br \/>\nO 2.\u00ba e 3.\u00ba jogo \u2013 Em casa do melhor classificado.<\/p>\n<p class=\"auto-style2\" align=\"justify\"><strong>3.\u00ba Play-Off<\/strong><br \/>\nDisputam este Play-Off, \u00e0 melhor de 3 jogos, o vencedor do Play-Off n.\u00ba 7 e o vencedor do Play-Off n.\u00ba 4 da I Divis\u00e3o Elite.<br \/>\nO vencedor conquistar\u00e1 a Ta\u00e7a Federa\u00e7\u00e3o Portuguesa de Voleibol.<br \/>\nPlay-Off \u2013 Locais de realiza\u00e7\u00e3o de Jogos.<br \/>\nO 1.\u00ba jogo \u2013 Em casa do vencedor do Play-Off n.\u00ba 7.<br \/>\nO 2.\u00ba e 3.\u00ba jogo \u2013 Em casa do vencedor do Play-Off n.\u00ba 4 da I Divis\u00e3o Elite.<\/p>\n<p class=\"auto-style2\" align=\"justify\"><span class=\"auto-style3\"><strong>2.\u00aa Fase \u2013 S\u00e9rie dos \u00daltimos<\/strong><\/span>:<br \/>\n<strong>Equipas participantes<\/strong>: 9.\u00ba, 10.\u00ba, 11.\u00ba, 12.\u00ba, 13.\u00ba e 14.\u00ba classificados da 1.\u00aa Fase.<br \/>\n<strong>Forma de disputa<\/strong>: Todos contra todas a 2 voltas.<br \/>\n<strong>Consequ\u00eancias<\/strong>: Os 3 \u00faltimos classificados descer\u00e3o de divis\u00e3o, sendo que a equipa classificada em 11.\u00ba ir\u00e1 disputar um PlayOff com o 2.\u00ba classificado da II Divis\u00e3o, para manuten\u00e7\u00e3o na I Divis\u00e3o.<br \/>\nEste Play-Off ser\u00e1 disputado \u00e0 melhor de 3 jogos.<br \/>\n<strong>Play-Off\u00a0<\/strong>\u2013 Locais de realiza\u00e7\u00e3o de jogos<br \/>\nO 1.\u00ba jogo \u2013 Em casa da equipa da II Divis\u00e3o.<br \/>\nO 2.\u00ba e 3.\u00ba jogo, se necess\u00e1rio, em casa da equipa da I Divis\u00e3o.<\/p>\n<p class=\"auto-style2\" align=\"justify\"><span class=\"auto-style3\"><strong>Para um ranking geral, as equipas ficam ordenadas da seguinte maneira<\/strong><\/span>:<br \/>\n1.\u00ba Classificado &#8211; Campe\u00e3o Nacional da Divis\u00e3o Elite<br \/>\n2.\u00ba Classificado &#8211; Derrotado do Play-Off dos Vencedores<br \/>\n3.\u00ba Classificado \u2013 Vencedor do Play-Off n.\u00ba4 \u2013 Divis\u00e3o Elite<br \/>\n4.\u00ba Classificado \u2013 Derrotado do Play-Off n.\u00ba4 \u2013 Divis\u00e3o Elite<br \/>\n5.\u00ba Classificado \u2013 Vencedor do Play-Off n.\u00ba7 \u2013 Ta\u00e7a Federa\u00e7\u00e3o<br \/>\n6.\u00ba Classificado \u2013 Derrotado do Play-Off n.\u00ba7\u2013 Ta\u00e7a Federa\u00e7\u00e3o<br \/>\n7.\u00ba Classificado \u2013 Vencedor do Play-Off n.\u00ba8 \u2013 Ta\u00e7a Federa\u00e7\u00e3o<br \/>\n8.\u00ba Classificado \u2013 Derrotado do Play-Off n.\u00ba8 \u2013 Ta\u00e7a Federa\u00e7\u00e3o<br \/>\n9.\u00ba Classificado \u2013 1.\u00ba Classificado da S\u00e9rie dos \u00daltimos<br \/>\n10.\u00ba Classificado \u2013 2.\u00ba Classificado da S\u00e9rie dos \u00daltimos<br \/>\n11.\u00ba Classificado \u2013 3.\u00ba Classificado da S\u00e9rie dos \u00daltimos<br \/>\n12.\u00ba Classificado \u2013 4.\u00ba Classificado da S\u00e9rie dos \u00daltimos<br \/>\n13.\u00ba Classificado \u2013 5.\u00ba Classificado da S\u00e9rie dos \u00daltimos<br \/>\n14.\u00ba Classificado \u2013 6.\u00ba Classificado da S\u00e9rie dos \u00daltimos<\/p>\n<p class=\"descricaonoticia\" style=\"text-align: center;\" align=\"justify\"><img loading=\"lazy\" decoding=\"async\" class=\"auto-style1 aligncenter\" src=\"https:\/\/www.fpvoleibol.pt\/noticias\/2020\/imagens\/slb_fem_primeira.jpg\" width=\"480\" height=\"320\" border=\"1\" \/><br \/>\n<span class=\"auto-style5\"><strong>Foto: Jorge Cabral<\/strong><\/span><\/p>\n<p class=\"auto-style2\" align=\"justify\">Calend\u00e1rios\u00a0<a href=\"https:\/\/www.portugalvoleibol.com\/classificacao\/\" target=\"_blank\" rel=\"noopener noreferrer\">aqui<\/a><\/p>\n","protected":false},"excerpt":{"rendered":"<p>Foto: Jorge Cabral Os\u00a0Campeonatos Nacionais da I Divis\u00e3o da \u00e9poca de 2020\/2021\u00a0arrancam este fim-de-semana, com uma jornada dupla em masculinos e uma jornada simples em femininos. Em masculinos, as equipas [&hellip;]<\/p>\n","protected":false},"author":1,"featured_media":1181,"comment_status":"open","ping_status":"open","sticky":false,"template":"","format":"standard","meta":{"_monsterinsights_skip_tracking":false,"_monsterinsights_sitenote_active":false,"_monsterinsights_sitenote_note":"","_monsterinsights_sitenote_category":0,"footnotes":""},"categories":[8],"tags":[],"class_list":{"0":"post-1409","1":"post","2":"type-post","3":"status-publish","4":"format-standard","5":"has-post-thumbnail","7":"category-voleibol","8":"czr-hentry"},"aioseo_notices":[],"_links":{"self":[{"href":"https:\/\/fpvoleibol.pt\/fpv\/wp-json\/wp\/v2\/posts\/1409","targetHints":{"allow":["GET"]}}],"collection":[{"href":"https:\/\/fpvoleibol.pt\/fpv\/wp-json\/wp\/v2\/posts"}],"about":[{"href":"https:\/\/fpvoleibol.pt\/fpv\/wp-json\/wp\/v2\/types\/post"}],"author":[{"embeddable":true,"href":"https:\/\/fpvoleibol.pt\/fpv\/wp-json\/wp\/v2\/users\/1"}],"replies":[{"embeddable":true,"href":"https:\/\/fpvoleibol.pt\/fpv\/wp-json\/wp\/v2\/comments?post=1409"}],"version-history":[{"count":1,"href":"https:\/\/fpvoleibol.pt\/fpv\/wp-json\/wp\/v2\/posts\/1409\/revisions"}],"predecessor-version":[{"id":1410,"href":"https:\/\/fpvoleibol.pt\/fpv\/wp-json\/wp\/v2\/posts\/1409\/revisions\/1410"}],"wp:featuredmedia":[{"embeddable":true,"href":"https:\/\/fpvoleibol.pt\/fpv\/wp-json\/wp\/v2\/media\/1181"}],"wp:attachment":[{"href":"https:\/\/fpvoleibol.pt\/fpv\/wp-json\/wp\/v2\/media?parent=1409"}],"wp:term":[{"taxonomy":"category","embeddable":true,"href":"https:\/\/fpvoleibol.pt\/fpv\/wp-json\/wp\/v2\/categories?post=1409"},{"taxonomy":"post_tag","embeddable":true,"href":"https:\/\/fpvoleibol.pt\/fpv\/wp-json\/wp\/v2\/tags?post=1409"}],"curies":[{"name":"wp","href":"https:\/\/api.w.org\/{rel}","templated":true}]}}