{"id":13857,"date":"2022-03-15T15:41:02","date_gmt":"2022-03-15T15:41:02","guid":{"rendered":"https:\/\/fpvoleibol.pt\/fpv\/?p=13857"},"modified":"2022-03-16T17:04:48","modified_gmt":"2022-03-16T17:04:48","slug":"aula-de-gira-volei-no-ipmaia","status":"publish","type":"post","link":"https:\/\/fpvoleibol.pt\/fpv\/2022\/03\/15\/aula-de-gira-volei-no-ipmaia\/","title":{"rendered":"AULA DE GIRA-VOLEI NO IPMAIA"},"content":{"rendered":"<p><img loading=\"lazy\" decoding=\"async\" class=\"size-full wp-image-13859 aligncenter\" src=\"https:\/\/fpvoleibol.pt\/fpv\/wp-content\/uploads\/2022\/03\/GV_af_ipmaia_2022_d.jpg\" alt=\"\" width=\"960\" height=\"1359\" srcset=\"https:\/\/fpvoleibol.pt\/fpv\/wp-content\/uploads\/2022\/03\/GV_af_ipmaia_2022_d.jpg 960w, https:\/\/fpvoleibol.pt\/fpv\/wp-content\/uploads\/2022\/03\/GV_af_ipmaia_2022_d-212x300.jpg 212w, https:\/\/fpvoleibol.pt\/fpv\/wp-content\/uploads\/2022\/03\/GV_af_ipmaia_2022_d-723x1024.jpg 723w, https:\/\/fpvoleibol.pt\/fpv\/wp-content\/uploads\/2022\/03\/GV_af_ipmaia_2022_d-768x1087.jpg 768w\" sizes=\"auto, (max-width: 960px) 100vw, 960px\" \/>A <strong>Federa\u00e7\u00e3o Portuguesa de Voleibol<\/strong>, atrav\u00e9s dos seus departamentos de Gira-Volei e Forma\u00e7\u00e3o, vai realizar uma Ac\u00e7\u00e3o de Forma\u00e7\u00e3o de Monitores Gira-Volei no dia 31 de Mar\u00e7o, nas instala\u00e7\u00f5es desportivas da Mai\u00eautica &#8211; Campus Acad\u00e9mico, com a colabora\u00e7\u00e3o do Instituto Polit\u00e9cnico da Maia &#8211; IPMAIA.<\/p>\n<p>A ac\u00e7\u00e3o, denominada\u00a0Desporto e Exerc\u00edcio F\u00edsico \/\u00abGira-Volei: Forma\u00e7\u00e3o de Monitores\u00bb \/ Saga de Lazer Desportivo, ser\u00e1 ministrada por <strong>Jo\u00e3o Campos<\/strong>, Coordenador Nacional do Projecto Gira-Volei, e <strong>Carlos Prata<\/strong>, respons\u00e1vel pelo Dep. Forma\u00e7\u00e3o da FPV, e ter\u00e1 a participa\u00e7\u00e3o dos alunos de Desporto do <a href=\"https:\/\/www.ipmaia.pt\/pt\/sobre-o-ipmaia\">IPMaia<\/a>, especializa\u00e7\u00e3o de Voleibol, leccionada por <strong>Hugo Silva<\/strong>, Treinador Principal da Selec\u00e7\u00e3o Nacional de Seniores Femininos.<\/p>\n<p>&#8220;<em>Com o objectivo de dar a conhecer a oferta formativa e as diversas actividades de ensino e investiga\u00e7\u00e3o, o IPMAIA promove, de 28 de Mar\u00e7o a 1 de Abril, a OPEN WEEK. Desta forma, como docente desta institui\u00e7\u00e3o, entendi que o projecto Gira-Volei tem de fazer parte obrigatoriamente destas ofertas educativas, tal \u00e9 a import\u00e2ncia do mesmo no contexto desportivo juvenil, onde hoje se assume como o principal projecto desportivo de promo\u00e7\u00e3o e divulga\u00e7\u00e3o de uma modalidade como o Voleibol e que envolve mais de 100 mil praticantes e mais de 900 monitores\/formadores em Portugal continental e insular.<\/em><br \/>\n<em>No dia 31 Mar\u00e7o, entre as 10h00 e as 13h00, os visitantes poder\u00e3o participar em palestras e demonstra\u00e7\u00f5es, que possibilitar\u00e3o um contacto mais pr\u00f3ximo com a din\u00e2mica do Gira-Volei, bem como da pr\u00f3pria institui\u00e7\u00e3o<\/em>&#8220;, salienta <strong>Hugo Silva<\/strong>.<\/p>\n","protected":false},"excerpt":{"rendered":"<p>A Federa\u00e7\u00e3o Portuguesa de Voleibol, atrav\u00e9s dos seus departamentos de Gira-Volei e Forma\u00e7\u00e3o, vai realizar uma Ac\u00e7\u00e3o de Forma\u00e7\u00e3o de Monitores Gira-Volei no dia 31 de Mar\u00e7o, nas instala\u00e7\u00f5es desportivas [&hellip;]<\/p>\n","protected":false},"author":2,"featured_media":13858,"comment_status":"open","ping_status":"open","sticky":false,"template":"","format":"standard","meta":{"_monsterinsights_skip_tracking":false,"_monsterinsights_sitenote_active":false,"_monsterinsights_sitenote_note":"","_monsterinsights_sitenote_category":0,"footnotes":""},"categories":[11,12],"tags":[47],"class_list":{"0":"post-13857","1":"post","2":"type-post","3":"status-publish","4":"format-standard","5":"has-post-thumbnail","7":"category-formacao","8":"category-gira-volei","9":"tag-epoca-2021-2022","10":"czr-hentry"},"aioseo_notices":[],"_links":{"self":[{"href":"https:\/\/fpvoleibol.pt\/fpv\/wp-json\/wp\/v2\/posts\/13857","targetHints":{"allow":["GET"]}}],"collection":[{"href":"https:\/\/fpvoleibol.pt\/fpv\/wp-json\/wp\/v2\/posts"}],"about":[{"href":"https:\/\/fpvoleibol.pt\/fpv\/wp-json\/wp\/v2\/types\/post"}],"author":[{"embeddable":true,"href":"https:\/\/fpvoleibol.pt\/fpv\/wp-json\/wp\/v2\/users\/2"}],"replies":[{"embeddable":true,"href":"https:\/\/fpvoleibol.pt\/fpv\/wp-json\/wp\/v2\/comments?post=13857"}],"version-history":[{"count":6,"href":"https:\/\/fpvoleibol.pt\/fpv\/wp-json\/wp\/v2\/posts\/13857\/revisions"}],"predecessor-version":[{"id":13927,"href":"https:\/\/fpvoleibol.pt\/fpv\/wp-json\/wp\/v2\/posts\/13857\/revisions\/13927"}],"wp:featuredmedia":[{"embeddable":true,"href":"https:\/\/fpvoleibol.pt\/fpv\/wp-json\/wp\/v2\/media\/13858"}],"wp:attachment":[{"href":"https:\/\/fpvoleibol.pt\/fpv\/wp-json\/wp\/v2\/media?parent=13857"}],"wp:term":[{"taxonomy":"category","embeddable":true,"href":"https:\/\/fpvoleibol.pt\/fpv\/wp-json\/wp\/v2\/categories?post=13857"},{"taxonomy":"post_tag","embeddable":true,"href":"https:\/\/fpvoleibol.pt\/fpv\/wp-json\/wp\/v2\/tags?post=13857"}],"curies":[{"name":"wp","href":"https:\/\/api.w.org\/{rel}","templated":true}]}}