{"id":1353,"date":"2020-09-23T13:58:32","date_gmt":"2020-09-23T13:58:32","guid":{"rendered":"https:\/\/fpvoleibol.pt\/fpv\/?p=1353"},"modified":"2020-09-24T13:59:46","modified_gmt":"2020-09-24T13:59:46","slug":"duplas-portuguesas-conhecem-adversarios-no-europeu-de-sub-22","status":"publish","type":"post","link":"https:\/\/fpvoleibol.pt\/fpv\/2020\/09\/23\/duplas-portuguesas-conhecem-adversarios-no-europeu-de-sub-22\/","title":{"rendered":"DUPLAS PORTUGUESAS CONHECEM ADVERS\u00c1RIOS NO EUROPEU DE SUB-22"},"content":{"rendered":"<p class=\"descricaonoticia\" align=\"center\"><img loading=\"lazy\" decoding=\"async\" src=\"https:\/\/www.fpvoleibol.pt\/noticias\/2020\/imagens\/pedrosaeCampos_d1.jpg\" width=\"460\" height=\"307\" border=\"1\" \/><br \/>\n<strong><span class=\"auto-style4\">Hugo e Jo\u00e3o<\/span><\/strong><\/p>\n<p class=\"descricaonoticia\" align=\"justify\">As duplas portuguesas de Voleibol de Praia\u00a0<strong>Jo\u00e3o Pedrosa\/Hugo Campos<\/strong>\u00a0e\u00a0<strong>Beatriz Pinheiro\/In\u00eas Castro<\/strong>\u00a0come\u00e7am amanh\u00e3 a disputar o Campeonato da Europa de Sub-22, a decorrer na cidade turca de Izmir (Esmirna) at\u00e9 ao dia 27 de Setembro.<\/p>\n<p class=\"descricaonoticia\" align=\"justify\">Os portugueses come\u00e7am por defrontar amanh\u00e3, na Pool C do Quadro Principal, a dupla h\u00fangara Haj\u00f3s\/Str\u00e9li e a espanhola Duque\/P\u00e9rez. Na sexta-feira, ser\u00e1 a vez dos russos Chukhnenkov e Evert.<\/p>\n<p class=\"descricaonoticia\" align=\"justify\">Como credenciais, os portugueses, de apenas 20 anos de idade, t\u00eam j\u00e1 um registo significativo nos \u00faltimos dois anos: em 2020, vice-campe\u00f5es nacionais de seniores e 9.\u00bas classificados na etapa do World Tour disputada em Montpellier e 5.\u00bas nos Jogos do Mediterr\u00e2neo, em 2019.<\/p>\n<p class=\"auto-style3\"><img loading=\"lazy\" decoding=\"async\" class=\"aligncenter\" src=\"https:\/\/www.fpvoleibol.pt\/noticias\/2020\/imagens\/beatriz_Ines_VPraia2_d.jpg\" width=\"480\" height=\"321\" border=\"1\" \/><strong><br class=\"auto-style4\" \/><span class=\"auto-style4\">Beatriz e In\u00eas<\/span><\/strong><\/p>\n<p class=\"descricaonoticia\" align=\"justify\">As portuguesas v\u00e3o defrontar, na Pool G do Quadro Principal, as duplas Szewczyk\/Vieira (Su\u00ed\u00e7a) e Zuzek\/Spoljaric (Eslov\u00e9nia), amanh\u00e3, e Honzovicova\/Zolnercikova (Rep\u00fablica Checa), na sexta-feira.<\/p>\n<p class=\"descricaonoticia\" align=\"justify\">A dupla portuguesa, formada h\u00e1 pouco tempo, regista no \u00faltimo par de anos um 4.\u00ba lugar no Campeonato Nacional de seniores femininos, em 2020, e um 5.\u00ba lugar nos Jogos do Mediterr\u00e2neo, em 2019, de Beatriz Pinheiro (dupla com Vanessa Paquete).<\/p>\n<p class=\"descricaonoticia\" align=\"justify\">As duplas lusitanas est\u00e3o acompanhadas pelo treinador<strong>\u00a0Ricardo Rocha<\/strong>.<\/p>\n<p class=\"descricaonoticia\" align=\"justify\">Ver jogos em live streaming em\u00a0<a href=\"https:\/\/www.eurovolley.tv\/en-int\/page\/home-cev\" target=\"_blank\" rel=\"noopener noreferrer\">EuroVolleyTV<\/a><\/p>\n<p class=\"descricaonoticia\" align=\"justify\">Mais informa\u00e7\u00f5es sobre o #EuroBeachVolleyU22\u00a0<a href=\"https:\/\/www.cev.eu\/BeachVolley-Area\/BeachVolley_3BOX.aspx?ID=1227&amp;mID=2822&amp;sID=&amp;pID=0&amp;chID=0&amp;phaseID=0&amp;champID=0&amp;Mod=\" target=\"_blank\" rel=\"noopener noreferrer\">aqui<\/a><\/p>\n","protected":false},"excerpt":{"rendered":"<p>Hugo e Jo\u00e3o As duplas portuguesas de Voleibol de Praia\u00a0Jo\u00e3o Pedrosa\/Hugo Campos\u00a0e\u00a0Beatriz Pinheiro\/In\u00eas Castro\u00a0come\u00e7am amanh\u00e3 a disputar o Campeonato da Europa de Sub-22, a decorrer na cidade turca de Izmir [&hellip;]<\/p>\n","protected":false},"author":1,"featured_media":1354,"comment_status":"open","ping_status":"open","sticky":false,"template":"","format":"standard","meta":{"_monsterinsights_skip_tracking":false,"_monsterinsights_sitenote_active":false,"_monsterinsights_sitenote_note":"","_monsterinsights_sitenote_category":0,"footnotes":""},"categories":[9],"tags":[],"class_list":{"0":"post-1353","1":"post","2":"type-post","3":"status-publish","4":"format-standard","5":"has-post-thumbnail","7":"category-voleibol-de-praia","8":"czr-hentry"},"aioseo_notices":[],"_links":{"self":[{"href":"https:\/\/fpvoleibol.pt\/fpv\/wp-json\/wp\/v2\/posts\/1353","targetHints":{"allow":["GET"]}}],"collection":[{"href":"https:\/\/fpvoleibol.pt\/fpv\/wp-json\/wp\/v2\/posts"}],"about":[{"href":"https:\/\/fpvoleibol.pt\/fpv\/wp-json\/wp\/v2\/types\/post"}],"author":[{"embeddable":true,"href":"https:\/\/fpvoleibol.pt\/fpv\/wp-json\/wp\/v2\/users\/1"}],"replies":[{"embeddable":true,"href":"https:\/\/fpvoleibol.pt\/fpv\/wp-json\/wp\/v2\/comments?post=1353"}],"version-history":[{"count":1,"href":"https:\/\/fpvoleibol.pt\/fpv\/wp-json\/wp\/v2\/posts\/1353\/revisions"}],"predecessor-version":[{"id":1355,"href":"https:\/\/fpvoleibol.pt\/fpv\/wp-json\/wp\/v2\/posts\/1353\/revisions\/1355"}],"wp:featuredmedia":[{"embeddable":true,"href":"https:\/\/fpvoleibol.pt\/fpv\/wp-json\/wp\/v2\/media\/1354"}],"wp:attachment":[{"href":"https:\/\/fpvoleibol.pt\/fpv\/wp-json\/wp\/v2\/media?parent=1353"}],"wp:term":[{"taxonomy":"category","embeddable":true,"href":"https:\/\/fpvoleibol.pt\/fpv\/wp-json\/wp\/v2\/categories?post=1353"},{"taxonomy":"post_tag","embeddable":true,"href":"https:\/\/fpvoleibol.pt\/fpv\/wp-json\/wp\/v2\/tags?post=1353"}],"curies":[{"name":"wp","href":"https:\/\/api.w.org\/{rel}","templated":true}]}}