{"id":13262,"date":"2022-02-16T09:57:22","date_gmt":"2022-02-16T09:57:22","guid":{"rendered":"https:\/\/fpvoleibol.pt\/fpv\/?p=13262"},"modified":"2022-02-16T15:58:31","modified_gmt":"2022-02-16T15:58:31","slug":"inclusao-de-jovens-pelo-desporto","status":"publish","type":"post","link":"https:\/\/fpvoleibol.pt\/fpv\/2022\/02\/16\/inclusao-de-jovens-pelo-desporto\/","title":{"rendered":"SEMIN\u00c1RIO \u2013 INCLUS\u00c3O DE JOVENS PELO DESPORTO"},"content":{"rendered":"<p><img loading=\"lazy\" decoding=\"async\" class=\"size-full wp-image-13264 aligncenter\" src=\"https:\/\/fpvoleibol.pt\/fpv\/wp-content\/uploads\/2022\/02\/seminario_desp_adaptado_d1.jpg\" alt=\"\" width=\"960\" height=\"1357\" srcset=\"https:\/\/fpvoleibol.pt\/fpv\/wp-content\/uploads\/2022\/02\/seminario_desp_adaptado_d1.jpg 960w, https:\/\/fpvoleibol.pt\/fpv\/wp-content\/uploads\/2022\/02\/seminario_desp_adaptado_d1-212x300.jpg 212w, https:\/\/fpvoleibol.pt\/fpv\/wp-content\/uploads\/2022\/02\/seminario_desp_adaptado_d1-724x1024.jpg 724w, https:\/\/fpvoleibol.pt\/fpv\/wp-content\/uploads\/2022\/02\/seminario_desp_adaptado_d1-768x1086.jpg 768w\" sizes=\"auto, (max-width: 960px) 100vw, 960px\" \/>O <strong>Semin\u00e1rio de Boas Pr\u00e1ticas e Networking em Inclus\u00e3o de Jovens Pelo Desporto<\/strong>, organizado pela <a href=\"https:\/\/fpdd.org\/fpdd-organiza-multiplier-event-sedy2-seminario-de-boas-praticas-e-networking-em-inclusao-de-jovens-pelo-desporto\/\">Federa\u00e7\u00e3o Portuguesa de Desporto para Pessoas com Defici\u00eancia (FPDD)<\/a>, realiza-se no dia 1<span style=\"text-decoration: underline;\">8 de Mar\u00e7o na Escola Superior de Desporto de Rio Maior<\/span>.<\/p>\n<p>Segundo a FPDD, o semin\u00e1rio &#8220;<em>\u00e9 um Multiplier Event do Projecto Europeu Sport Empowers Disabed Youth \u2013 SEDY2, Cofinanciado pela Uni\u00e3o Europeia no \u00e2mbito do Programa Erasmus +<\/em>&#8220;, representando &#8220;<em>uma Ac\u00e7\u00e3o de Forma\u00e7\u00e3o de 6 horas, creditada para a Forma\u00e7\u00e3o Cont\u00ednua de Treinadores de Desporto Adaptado e em processo de acredita\u00e7\u00e3o para Professores<\/em>&#8220;.<\/p>\n<p style=\"text-align: center;\"><span style=\"text-decoration: underline;\"><strong>Programa<\/strong><\/span><\/p>\n<p style=\"text-align: center;\"><strong>9h30<\/strong> \u2013 <span style=\"text-decoration: underline;\">Recep\u00e7\u00e3o aos Participantes<\/span>.<\/p>\n<p style=\"text-align: center;\"><strong>10h00<\/strong> \u2013 <span style=\"text-decoration: underline;\">Cerim\u00f3nia de Abertura e Apresenta\u00e7\u00e3o do Website SEDY<\/span>.<\/p>\n<p style=\"text-align: center;\">\u00b7 Presidente ESDRM, Presidente FPDD, Coordenadores SEDY (On-Line em Ingl\u00eas).<\/p>\n<p style=\"text-align: center;\"><strong>10h30<\/strong> \u2013 <span style=\"text-decoration: underline;\">Boas-Pr\u00e1ticas no Desporto para Jovens com Defici\u00eancia \u2013 Associa\u00e7\u00f5es e Escolas<\/span>.<\/p>\n<p style=\"text-align: center;\">\u00b7 Associa\u00e7\u00e3o de Paralisia Cerebral Almada e Seixal (APCAS); Uni\u00e3o Desportiva para a Inclus\u00e3o (UDI &#8211; Set\u00fabal), Agrupamento de Escolas da Gardunha e Xisto (Fund\u00e3o).<\/p>\n<p style=\"text-align: center;\"><strong>11h30<\/strong> \u2013 <span style=\"text-decoration: underline;\">Coffee-break e Networking<\/span>.<\/p>\n<p style=\"text-align: center;\"><strong>12h00<\/strong> \u2013<span style=\"text-decoration: underline;\"> Boas-Pr\u00e1ticas no Desporto para Jovens com Defici\u00eancia \u2013 Clubes Desportivos e Autarquias<\/span>.<\/p>\n<p style=\"text-align: center;\">\u00b7 Gin\u00e1sio Clube Portugu\u00eas (Lisboa); Futebol Clube do Porto; C\u00e2mara Municipal de Albergaria-a-Velha.<\/p>\n<p style=\"text-align: center;\"><strong>13h00<\/strong> \u2013 <span style=\"text-decoration: underline;\">Almo\u00e7o livre<\/span>.<\/p>\n<p style=\"text-align: center;\"><strong>14h30<\/strong> \u2013 <span style=\"text-decoration: underline;\">Projecto Conhecer Mais para Incluir Melhor \u2013 Desafio \u00e0 Investiga\u00e7\u00e3o no Desporto e Actividade F\u00edsica para Pessoas com Defici\u00eancia<\/span>.<\/p>\n<p style=\"text-align: center;\"><strong>15h30<\/strong> \u2013 <span style=\"text-decoration: underline;\">Coffee-break e Networking<\/span>.<\/p>\n<p style=\"text-align: center;\"><strong>16h00<\/strong> \u2013 <strong><span style=\"text-decoration: underline;\">Workshops Pr\u00e1ticos<\/span><\/strong>.<\/p>\n<p style=\"text-align: center;\">\u00b7 Judo \u2013 Clube Judo Total; Polybat \u2013 FPDD; Stand Up Paddle &#8211; ASUPP.<\/p>\n<p style=\"text-align: center;\"><strong>17h00<\/strong> \u2013 <span style=\"text-decoration: underline;\">Fim dos trabalhos<\/span>.<\/p>\n<p style=\"text-align: left;\"><strong>Destinat\u00e1rios<\/strong>: Professores, T\u00e9cnicos, Estudantes e Animadores das \u00e1reas do Desporto, da Reabilita\u00e7\u00e3o ou da Educa\u00e7\u00e3o Especial, Investigadores, Dirigentes e representantes de Clubes, Autarquias e Comunidade em geral.<\/p>\n<p style=\"text-align: left;\">A<span style=\"text-decoration: underline;\"> inscri\u00e7\u00e3o, que \u00e9 gratuita mas obrigat\u00f3ria,<\/span> pode ser concretizada at\u00e9 ao dia 11 de Mar\u00e7o no seguinte link: <a href=\"https:\/\/forms.gle\/ani7Y28dA2Wdi5ou5\">https:\/\/forms.gle\/ani7Y28dA2Wdi5ou5<\/a><\/p>\n<p style=\"text-align: left;\"><strong>Nota<\/strong>: A inscri\u00e7\u00e3o nos workshops pr\u00e1ticos \u00e9 limitada a 25 vagas por workshop, por ordem de chegada das inscri\u00e7\u00f5es.<\/p>\n","protected":false},"excerpt":{"rendered":"<p>O Semin\u00e1rio de Boas Pr\u00e1ticas e Networking em Inclus\u00e3o de Jovens Pelo Desporto, organizado pela Federa\u00e7\u00e3o Portuguesa de Desporto para Pessoas com Defici\u00eancia (FPDD), realiza-se no dia 18 de Mar\u00e7o [&hellip;]<\/p>\n","protected":false},"author":2,"featured_media":13267,"comment_status":"open","ping_status":"open","sticky":false,"template":"","format":"standard","meta":{"_monsterinsights_skip_tracking":false,"_monsterinsights_sitenote_active":false,"_monsterinsights_sitenote_note":"","_monsterinsights_sitenote_category":0,"footnotes":""},"categories":[15,10,8],"tags":[63,47],"class_list":{"0":"post-13262","1":"post","2":"type-post","3":"status-publish","4":"format-standard","5":"has-post-thumbnail","7":"category-diversos","8":"category-paravolei","9":"category-voleibol","10":"tag-desporto-adaptado","11":"tag-epoca-2021-2022","12":"czr-hentry"},"aioseo_notices":[],"_links":{"self":[{"href":"https:\/\/fpvoleibol.pt\/fpv\/wp-json\/wp\/v2\/posts\/13262","targetHints":{"allow":["GET"]}}],"collection":[{"href":"https:\/\/fpvoleibol.pt\/fpv\/wp-json\/wp\/v2\/posts"}],"about":[{"href":"https:\/\/fpvoleibol.pt\/fpv\/wp-json\/wp\/v2\/types\/post"}],"author":[{"embeddable":true,"href":"https:\/\/fpvoleibol.pt\/fpv\/wp-json\/wp\/v2\/users\/2"}],"replies":[{"embeddable":true,"href":"https:\/\/fpvoleibol.pt\/fpv\/wp-json\/wp\/v2\/comments?post=13262"}],"version-history":[{"count":6,"href":"https:\/\/fpvoleibol.pt\/fpv\/wp-json\/wp\/v2\/posts\/13262\/revisions"}],"predecessor-version":[{"id":13281,"href":"https:\/\/fpvoleibol.pt\/fpv\/wp-json\/wp\/v2\/posts\/13262\/revisions\/13281"}],"wp:featuredmedia":[{"embeddable":true,"href":"https:\/\/fpvoleibol.pt\/fpv\/wp-json\/wp\/v2\/media\/13267"}],"wp:attachment":[{"href":"https:\/\/fpvoleibol.pt\/fpv\/wp-json\/wp\/v2\/media?parent=13262"}],"wp:term":[{"taxonomy":"category","embeddable":true,"href":"https:\/\/fpvoleibol.pt\/fpv\/wp-json\/wp\/v2\/categories?post=13262"},{"taxonomy":"post_tag","embeddable":true,"href":"https:\/\/fpvoleibol.pt\/fpv\/wp-json\/wp\/v2\/tags?post=13262"}],"curies":[{"name":"wp","href":"https:\/\/api.w.org\/{rel}","templated":true}]}}