{"id":12397,"date":"2022-01-09T17:40:28","date_gmt":"2022-01-09T16:40:28","guid":{"rendered":"https:\/\/fpvoleibol.pt\/fpv\/?p=12397"},"modified":"2022-01-09T17:40:28","modified_gmt":"2022-01-09T16:40:28","slug":"2-a-fase-do-europeu-sub-17-em-abril","status":"publish","type":"post","link":"https:\/\/fpvoleibol.pt\/fpv\/2022\/01\/09\/2-a-fase-do-europeu-sub-17-em-abril\/","title":{"rendered":"2.\u00aa FASE DO EUROPEU SUB-17 EM ABRIL"},"content":{"rendered":"<p style=\"text-align: left;\"><img loading=\"lazy\" decoding=\"async\" class=\"size-full wp-image-12401 aligncenter\" src=\"https:\/\/fpvoleibol.pt\/fpv\/wp-content\/uploads\/2022\/01\/por_belgica_20222_d.jpg\" alt=\"\" width=\"960\" height=\"573\" srcset=\"https:\/\/fpvoleibol.pt\/fpv\/wp-content\/uploads\/2022\/01\/por_belgica_20222_d.jpg 960w, https:\/\/fpvoleibol.pt\/fpv\/wp-content\/uploads\/2022\/01\/por_belgica_20222_d-300x179.jpg 300w, https:\/\/fpvoleibol.pt\/fpv\/wp-content\/uploads\/2022\/01\/por_belgica_20222_d-768x458.jpg 768w\" sizes=\"auto, (max-width: 960px) 100vw, 960px\" \/>A <strong>Selec\u00e7\u00e3o Nacional de Sub-17 Femininos<\/strong> perdeu hoje, pela diferen\u00e7a m\u00ednima (<a href=\"https:\/\/www-old.cev.eu\/Competition-Area\/MatchStatistics.aspx?ID=60936\">2-3: 20-25, 25-20, 25-15,19-25 e 11-15<\/a>), com a Espanha e classificou-se no 6.\u00ba lugar na <a href=\"https:\/\/www.cev.eu\/national-team\/age-group-championships\/u17w\/zonal-1st-round\/#wevza\">1.\u00aa Fase de Qualifica\u00e7\u00e3o para o Campeonato da Europa<\/a> da categoria, realizada a n\u00edvel zonal sob a forma de Torneio da WEVZA* e a decorrer na localidade belga de Herentals.<br \/>\nA comitiva portuguesa regressa amanh\u00e3 a Portugal, devendo chegar ao Porto pelas 11h25.<\/p>\n<p>Hoje, <strong>Maria Leonor Coelho <\/strong>foi a melhor pontuadora, com 22 pontos, seguida da espanhola Mria Brun, com 19 pontos.\u00a0Ver estat\u00edstica <a href=\"https:\/\/www-old.cev.eu\/Competition-Area\/MatchStatistics.aspx?ID=60936\">AQUI<\/a><\/p>\n<p>Com a desist\u00eancia da Fran\u00e7a, o Torneio WEVZA passou a ser disputado numa s\u00f3 <em>pool<\/em> e no sistema de <em>todos contra todos<\/em>, sendo que o 1.\u00ba classificado (It\u00e1lia) se apurou directamente para a fase final do Campeonato da Europa 2022, enquanto os restantes se qualificaram para a 2.\u00aa Fase de Qualifica\u00e7\u00e3o, a disputar em Abril do ano corrente.<\/p>\n<p>A fase final do Europeu realiza-se nas cidades de Olomouc e Prostejov, na Rep\u00fablica Checa, de 22 a 31 de Julho de 2022.<\/p>\n<p><span style=\"text-decoration: underline;\"><strong>As 12 atletas convocadas<\/strong><\/span><\/p>\n<p><strong>AA Jos\u00e9 Moreira<\/strong><br \/>\nMaria Jo\u00e3o Peres<br \/>\nMariana Marques<\/p>\n<p style=\"font-weight: 400;\"><strong>Boavista FC<\/strong><br \/>\nFrancisca Guedes<br \/>\nRita Ben\u00eddio<\/p>\n<p><strong>Cast\u00ealo da Maia GC<\/strong><br \/>\nIn\u00eas Sol Campos<br \/>\nLuna Nunes<\/p>\n<p><strong>Cascais Volley4All<\/strong><br \/>\nMatilde Ferreira<\/p>\n<p><strong>CVA Madeira Torres<\/strong><br \/>\nMarta Aleixo<\/p>\n<p><strong>Leix\u00f5es SC<\/strong><br \/>\nBeatriz Cerveira<\/p>\n<p><strong>Porto Volei 2014\/AV Col\u00e9gio Efanor<\/strong><br \/>\nEma Torres<\/p>\n<p><strong>SC Braga<\/strong><br \/>\nMaria Leonor Coelho<\/p>\n<p><strong>VC Viana<\/strong><br \/>\nMaria Carlota Amaral<\/p>\n<p><strong>Team Manager<\/strong> &#8211; Arnaldo Rocha<br \/>\n<strong>Treinador Principal<\/strong> &#8211; Rui Pedro Silva<br \/>\n<strong>Treinadora Adjunta<\/strong>\u00a0&#8211; Beatriz Santos<br \/>\n<strong>Treinador Adjunto<\/strong> &#8211; Guilherme Monteiro<br \/>\n<strong>Fisioterapeuta<\/strong> &#8211; Pedro Gon\u00e7alves<br \/>\n<strong>\u00c1rbitro<\/strong>: Jos\u00e9 Caramez<\/p>\n<p style=\"text-align: center;\"><img loading=\"lazy\" decoding=\"async\" class=\"alignnone size-full wp-image-12259\" src=\"https:\/\/fpvoleibol.pt\/fpv\/wp-content\/uploads\/2022\/01\/U17W_WEVZA_Belgium2022.jpg\" alt=\"\" width=\"960\" height=\"1200\" srcset=\"https:\/\/fpvoleibol.pt\/fpv\/wp-content\/uploads\/2022\/01\/U17W_WEVZA_Belgium2022.jpg 960w, https:\/\/fpvoleibol.pt\/fpv\/wp-content\/uploads\/2022\/01\/U17W_WEVZA_Belgium2022-240x300.jpg 240w, https:\/\/fpvoleibol.pt\/fpv\/wp-content\/uploads\/2022\/01\/U17W_WEVZA_Belgium2022-819x1024.jpg 819w, https:\/\/fpvoleibol.pt\/fpv\/wp-content\/uploads\/2022\/01\/U17W_WEVZA_Belgium2022-768x960.jpg 768w\" sizes=\"auto, (max-width: 960px) 100vw, 960px\" \/><\/p>\n<p style=\"text-align: center;\"><strong><span style=\"font-size: 8pt;\">Imagem: <a href=\"https:\/\/www.facebook.com\/TopVolleyBelgium\">TopVolleyBelgium<\/a><\/span><\/strong><\/p>\n<p>* Mais conhecida pela sigla WEVZA, a <strong>Associa\u00e7\u00e3o Zonal de Voleibol do Oeste Europeu <\/strong>foi constitu\u00edda no dia 26 de Setembro de 2013, integra oito pa\u00edses \u2013 Portugal, Espanha, Alemanha, B\u00e9lgica, It\u00e1lia, Holanda, Fran\u00e7a e Su\u00ed\u00e7a \u2013 e tem actualmente como Presidente o portugu\u00eas Vicente Ara\u00fajo, Presidente da FPV, e como Vice-Presidentes o franc\u00eas Eric Tanguy, Presidente da Federa\u00e7\u00e3o Francesa, e o belga Claude Kriescher, representante da Federa\u00e7\u00e3o Belga.<\/p>\n<p class=\"auto-style2\" style=\"text-align: left;\" align=\"justify\">O objectivo primordial desta associa\u00e7\u00e3o zonal \u00e9 fortalecer e fomentar a organiza\u00e7\u00e3o de actividades desportivas, tanto de Voleibol como de Voleibol de Praia, com especial \u00eanfase nas categorias de forma\u00e7\u00e3o.<\/p>\n<p class=\"auto-style2\" align=\"justify\">A Confedera\u00e7\u00e3o Europeia de Voleibol (CEV) conta com seis associa\u00e7\u00f5es zonais: a WEVZA (Europa Ocidental), a BVA (Balc\u00e3s), a EEVZA (Europa de Leste), a MEVZA (Europa Central), a NEVZA (Europa do Norte) e ainda a SCD (Divis\u00e3o dos Pequenos Pa\u00edses), da qual fazem parte Andorra, Chipre, Ilhas Faro\u00e9, Gibraltar, Gronel\u00e2ndia, Isl\u00e2ndia, Irlanda, Liechtenstein, Luxemburgo, Malta, M\u00f3naco, Irlanda do Norte, San Marino, Esc\u00f3cia e Pa\u00eds de Gales.<\/p>\n<p>Mais informa\u00e7\u00f5es na <a href=\"https:\/\/www.cev.eu\/\">CEV<\/a><\/p>\n","protected":false},"excerpt":{"rendered":"<p>A Selec\u00e7\u00e3o Nacional de Sub-17 Femininos perdeu hoje, pela diferen\u00e7a m\u00ednima (2-3: 20-25, 25-20, 25-15,19-25 e 11-15), com a Espanha e classificou-se no 6.\u00ba lugar na 1.\u00aa Fase de Qualifica\u00e7\u00e3o [&hellip;]<\/p>\n","protected":false},"author":2,"featured_media":12400,"comment_status":"open","ping_status":"open","sticky":false,"template":"","format":"standard","meta":{"_monsterinsights_skip_tracking":false,"_monsterinsights_sitenote_active":false,"_monsterinsights_sitenote_note":"","_monsterinsights_sitenote_category":0,"footnotes":""},"categories":[11,8],"tags":[47,50],"class_list":{"0":"post-12397","1":"post","2":"type-post","3":"status-publish","4":"format-standard","5":"has-post-thumbnail","7":"category-formacao","8":"category-voleibol","9":"tag-epoca-2021-2022","10":"tag-wevza","11":"czr-hentry"},"aioseo_notices":[],"_links":{"self":[{"href":"https:\/\/fpvoleibol.pt\/fpv\/wp-json\/wp\/v2\/posts\/12397","targetHints":{"allow":["GET"]}}],"collection":[{"href":"https:\/\/fpvoleibol.pt\/fpv\/wp-json\/wp\/v2\/posts"}],"about":[{"href":"https:\/\/fpvoleibol.pt\/fpv\/wp-json\/wp\/v2\/types\/post"}],"author":[{"embeddable":true,"href":"https:\/\/fpvoleibol.pt\/fpv\/wp-json\/wp\/v2\/users\/2"}],"replies":[{"embeddable":true,"href":"https:\/\/fpvoleibol.pt\/fpv\/wp-json\/wp\/v2\/comments?post=12397"}],"version-history":[{"count":6,"href":"https:\/\/fpvoleibol.pt\/fpv\/wp-json\/wp\/v2\/posts\/12397\/revisions"}],"predecessor-version":[{"id":12405,"href":"https:\/\/fpvoleibol.pt\/fpv\/wp-json\/wp\/v2\/posts\/12397\/revisions\/12405"}],"wp:featuredmedia":[{"embeddable":true,"href":"https:\/\/fpvoleibol.pt\/fpv\/wp-json\/wp\/v2\/media\/12400"}],"wp:attachment":[{"href":"https:\/\/fpvoleibol.pt\/fpv\/wp-json\/wp\/v2\/media?parent=12397"}],"wp:term":[{"taxonomy":"category","embeddable":true,"href":"https:\/\/fpvoleibol.pt\/fpv\/wp-json\/wp\/v2\/categories?post=12397"},{"taxonomy":"post_tag","embeddable":true,"href":"https:\/\/fpvoleibol.pt\/fpv\/wp-json\/wp\/v2\/tags?post=12397"}],"curies":[{"name":"wp","href":"https:\/\/api.w.org\/{rel}","templated":true}]}}