{"id":1221,"date":"2020-09-23T09:42:40","date_gmt":"2020-09-23T09:42:40","guid":{"rendered":"https:\/\/fpvoleibol.pt\/fpv\/?p=1221"},"modified":"2020-09-23T09:42:40","modified_gmt":"2020-09-23T09:42:40","slug":"vitoria-sc-x-sl-benfica-em-directo-na-sport-tv","status":"publish","type":"post","link":"https:\/\/fpvoleibol.pt\/fpv\/2020\/09\/23\/vitoria-sc-x-sl-benfica-em-directo-na-sport-tv\/","title":{"rendered":"VIT\u00d3RIA SC x SL BENFICA EM DIRECTO NA SPORT TV"},"content":{"rendered":"<p class=\"descricaonoticia\" align=\"center\"><img loading=\"lazy\" decoding=\"async\" src=\"https:\/\/www.fpvoleibol.pt\/noticias\/2020\/imagens\/noticia_cn_2021mas.jpg\" width=\"480\" height=\"270\" border=\"1\" \/><\/p>\n<p class=\"descricaonoticia\" align=\"justify\">O jogo\u00a0<strong>Vit\u00f3ria SC x SL Benfica<\/strong>, da 1.\u00aa Fase do\u00a0<span class=\"auto-style1\">Campeonato Nacional da I Divis\u00e3o &#8211; seniores masculinos<\/span>, realiza-se no dia 26 de Setembro (s\u00e1bado) e ser\u00e1 transmitido em directo (18h00) na\u00a0\u00a0<strong><a href=\"https:\/\/www.sporttv.pt\/pesquisa\/voleibol\" target=\"_blank\" rel=\"noopener noreferrer\">Sport TV<\/a><\/strong>.<\/p>\n<p class=\"descricaonoticia\" align=\"justify\">Este jogo da jornada inaugural da \u00e9poca de 2020\/2021 ter\u00e1 por palco o\u00a0<a href=\"https:\/\/www.vitoriasc.pt\/pt\/index\/contacts\" target=\"_blank\" rel=\"noopener noreferrer\">Pavilh\u00e3o Unidade Vimaranense,<\/a>\u00a0em Guimar\u00e3es.<\/p>\n<p class=\"auto-style2\"><strong>1.\u00aa Jornada &#8211; 26.09.2020<\/strong><\/p>\n<p class=\"descricaonoticia\" align=\"justify\"><strong>17h00\u00a0<\/strong>\u2013 VC Viana\/Casa Peixoto x CD P\u00f3voa, no Pav. Mun. St.\u00aa Maria Maior<br \/>\n<strong>17h00<\/strong>\u00a0\u2013 Ala Nun&#8217;\u00c1lvares de Gondomar x AJF Bastardo, no Pav. Ala Gondomar<br \/>\n<strong>18h00<\/strong>\u00a0\u2013 Vit\u00f3ria SC x SL Benfica, no Pav. Unidade Vimaranense \u2013 em directo na\u00a0<strong><a href=\"https:\/\/www.sporttv.pt\/pesquisa\/voleibol\" target=\"_blank\" rel=\"noopener noreferrer\">Sport TV<\/a><\/strong><br \/>\n<strong>18h00<\/strong>\u00a0\u2013 AA S. Mamede x Esmoriz GC, no Pav. Eduardo Soares<br \/>\n<strong>17h00<\/strong>\u00a0\u2013 SC Caldas x Leix\u00f5es SC, no Pav. Rainha D.\u00aa Leonor<br \/>\n<strong>17h00<\/strong>\u00a0\u2013 SC Espinho x CN Gin\u00e1stica, na Nave Desportiva de Espinho<br \/>\n<span class=\"auto-style1\"><strong>15.11.2020<\/strong><\/span><br \/>\n<strong>16h00<\/strong>\u00a0\u2013 Sporting CP x Cast\u00ealo da Maia GC, no Pav. Jo\u00e3o Rocha<\/p>\n<p class=\"auto-style2\"><strong>2.\u00aa Jornada &#8211; 27.09.2020<\/strong><\/p>\n<p class=\"descricaonoticia\" align=\"justify\"><strong>15h00<\/strong>\u00a0&#8211; AA S. Mamede x AJF Bastardo, no Pav. Eduardo Soares<br \/>\n<strong>16h00<\/strong>\u00a0&#8211; Leix\u00f5es SC x CD P\u00f3voa, na Nave Il\u00eddio Ramos &#8211; CDC Matosinhos<br \/>\n<strong>16h00<\/strong>\u00a0&#8211; VC Viana\/Casa Peixoto x CN Gin\u00e1stica, no Pav. Mun. Santa Maria Maior<br \/>\n<strong>18h00<\/strong>\u00a0&#8211; Vit\u00f3ria SC x SC Espinho, no Pav. Desp. Unidade Vimaranense<br \/>\n<strong>18h00<\/strong>\u00a0&#8211; Cast\u00ealo da Maia GC x SC Caldas, no Pav. C. Maia GC<br \/>\n<strong>16h00<\/strong>\u00a0&#8211; Esmoriz GC x Ala Nun&#8217;\u00c1lvares de Gondomar, no Pav. Esmoriz GC<br \/>\n<span class=\"auto-style1\"><strong>8.11.2020<\/strong><\/span><br \/>\n<strong>16h00<\/strong>\u00a0\u2013 Sporting CP x Clube Kair\u00f3s, no Pav. Jo\u00e3o Rocha<\/p>\n<p class=\"descricaonoticia\" align=\"justify\">A lista dos\u00a0<strong>\u00e1rbitros nomeados<\/strong>\u00a0pode ser consultada\u00a0<a href=\"https:\/\/www.fpvoleibol.pt\/arbitragem\/nomeacoes\/\" target=\"_blank\" rel=\"noopener noreferrer\">aqui\u00a0<\/a>(actualizada \u00e0 quinta-feira)<\/p>\n<p class=\"descricaonoticia\" align=\"justify\">Calend\u00e1rios de jogos em\u00a0<a href=\"https:\/\/www.portugalvoleibol.com\/classificacao\/\" target=\"_blank\" rel=\"noopener noreferrer\">https:\/\/www.portugalvoleibol.com\/classificacao\/<\/a><\/p>\n","protected":false},"excerpt":{"rendered":"<p>O jogo\u00a0Vit\u00f3ria SC x SL Benfica, da 1.\u00aa Fase do\u00a0Campeonato Nacional da I Divis\u00e3o &#8211; seniores masculinos, realiza-se no dia 26 de Setembro (s\u00e1bado) e ser\u00e1 transmitido em directo (18h00) [&hellip;]<\/p>\n","protected":false},"author":1,"featured_media":1222,"comment_status":"open","ping_status":"open","sticky":false,"template":"","format":"standard","meta":{"_monsterinsights_skip_tracking":false,"_monsterinsights_sitenote_active":false,"_monsterinsights_sitenote_note":"","_monsterinsights_sitenote_category":0,"footnotes":""},"categories":[8],"tags":[],"class_list":{"0":"post-1221","1":"post","2":"type-post","3":"status-publish","4":"format-standard","5":"has-post-thumbnail","7":"category-voleibol","8":"czr-hentry"},"aioseo_notices":[],"_links":{"self":[{"href":"https:\/\/fpvoleibol.pt\/fpv\/wp-json\/wp\/v2\/posts\/1221","targetHints":{"allow":["GET"]}}],"collection":[{"href":"https:\/\/fpvoleibol.pt\/fpv\/wp-json\/wp\/v2\/posts"}],"about":[{"href":"https:\/\/fpvoleibol.pt\/fpv\/wp-json\/wp\/v2\/types\/post"}],"author":[{"embeddable":true,"href":"https:\/\/fpvoleibol.pt\/fpv\/wp-json\/wp\/v2\/users\/1"}],"replies":[{"embeddable":true,"href":"https:\/\/fpvoleibol.pt\/fpv\/wp-json\/wp\/v2\/comments?post=1221"}],"version-history":[{"count":1,"href":"https:\/\/fpvoleibol.pt\/fpv\/wp-json\/wp\/v2\/posts\/1221\/revisions"}],"predecessor-version":[{"id":1223,"href":"https:\/\/fpvoleibol.pt\/fpv\/wp-json\/wp\/v2\/posts\/1221\/revisions\/1223"}],"wp:featuredmedia":[{"embeddable":true,"href":"https:\/\/fpvoleibol.pt\/fpv\/wp-json\/wp\/v2\/media\/1222"}],"wp:attachment":[{"href":"https:\/\/fpvoleibol.pt\/fpv\/wp-json\/wp\/v2\/media?parent=1221"}],"wp:term":[{"taxonomy":"category","embeddable":true,"href":"https:\/\/fpvoleibol.pt\/fpv\/wp-json\/wp\/v2\/categories?post=1221"},{"taxonomy":"post_tag","embeddable":true,"href":"https:\/\/fpvoleibol.pt\/fpv\/wp-json\/wp\/v2\/tags?post=1221"}],"curies":[{"name":"wp","href":"https:\/\/api.w.org\/{rel}","templated":true}]}}