{"id":1218,"date":"2020-09-22T09:39:12","date_gmt":"2020-09-22T09:39:12","guid":{"rendered":"https:\/\/fpvoleibol.pt\/fpv\/?p=1218"},"modified":"2020-09-23T09:41:13","modified_gmt":"2020-09-23T09:41:13","slug":"supertaca-sl-benfica-x-sporting-cp-disputa-se-no-dia-7-de-outubro","status":"publish","type":"post","link":"https:\/\/fpvoleibol.pt\/fpv\/2020\/09\/22\/supertaca-sl-benfica-x-sporting-cp-disputa-se-no-dia-7-de-outubro\/","title":{"rendered":"SUPERTA\u00c7A: SL BENFICA x SPORTING CP DISPUTA-SE NO DIA 7 DE OUTUBRO"},"content":{"rendered":"<p class=\"descricaonoticia\" align=\"center\"><img loading=\"lazy\" decoding=\"async\" src=\"https:\/\/www.fpvoleibol.pt\/noticias\/2020\/imagens\/Supertaca2020_18set_sem.jpg\" width=\"460\" height=\"359\" border=\"1\" \/><\/p>\n<p class=\"descricaonoticia\" align=\"justify\">A meia-final da Superta\u00e7a 2020 de seniores masculinos, a disputar entre o SL Benfica e o Sporting CP, ser\u00e1 realizada no dia 7 de Outubro (20h00*), no Pavilh\u00e3o Municipal de \u00d3bidos.<br \/>\n<strong><span class=\"auto-style7\">*A hora de realiza\u00e7\u00e3o do jogo pode ser alterada por motivo de transmiss\u00e3o televisiva.<\/span><\/strong><\/p>\n<p class=\"descricaonoticia\" align=\"justify\">Na outra meia-final, disputada no passado s\u00e1bado, o SC Espinho venceu, por 3-1 (25-16, 25-27, 25-18 e 25-19), a AJ Fonte do Bastardo. Ver estat\u00edstica\u00a0<a href=\"https:\/\/www.fpvoleibol.pt\/noticias\/2020\/SupertacaMAS_AJFBxSCE.pdf\" target=\"_blank\" rel=\"noopener noreferrer\">aqui<\/a><\/p>\n<p class=\"descricaonoticia\" align=\"justify\">O jogo SL Benfica x Sporting CP, inicialmente agendado para o dia 19 de Setembro, no Multiusos de Gondomar, tinha sido adiado. Ver not\u00edcia\u00a0<a href=\"http:\/\/www.fpvoleibol.pt\/noticias\/2020\/20200918-1736_super_m.html\" target=\"_blank\" rel=\"noopener noreferrer\">aqui<\/a><\/p>\n<p class=\"descricaonoticia\" align=\"justify\">A final, disputada entre os vencedores das meias-finais \u2013 inicialmente agendada para as 15h00 do passado domingo \u2013 ser\u00e1 disputada em data a determinar.<\/p>\n<p class=\"descricaonoticia\" align=\"justify\">Ver\u00a0<a href=\"http:\/\/www.fpvoleibol.pt\/documentacao\/comunicados\/20_21\/05.pdf\" target=\"_blank\" rel=\"noopener noreferrer\"><strong>Comunicado da FPV<\/strong>\u00a0na \u00edntegra aqui<\/a><\/p>\n<p class=\"auto-style4\"><strong>Plant\u00e9is das equipas da Superta\u00e7a:\u00a0<\/strong><a href=\"https:\/\/www.fpvoleibol.pt\/noticias\/2020\/AASM_SUPERTACA2020-21.pdf\" target=\"_blank\" rel=\"noopener noreferrer\">AA S. Mamede<\/a>\u00a0\/<a href=\"https:\/\/www.fpvoleibol.pt\/noticias\/2020\/SLB_SUPERTACA2020-21.pdf\" target=\"_blank\" rel=\"noopener noreferrer\">\u00a0SL Benfica<\/a>\u00a0\/\u00a0<a href=\"https:\/\/www.fpvoleibol.pt\/noticias\/2020\/SCE_SUPERTACA2020-21.pdf\" target=\"_blank\" rel=\"noopener noreferrer\">SC Espinho<\/a>\u00a0\/\u00a0<a href=\"https:\/\/www.fpvoleibol.pt\/noticias\/2020\/LSC_SUPERTACA2020-21.pdf\" target=\"_blank\" rel=\"noopener noreferrer\">Leix\u00f5es SC<\/a>\u00a0\/\u00a0<a href=\"https:\/\/www.fpvoleibol.pt\/noticias\/2020\/AJFB_SUPERTACA2020-21.pdf\" target=\"_blank\" rel=\"noopener noreferrer\">AJF Bastardo<\/a>\u00a0\/<a href=\"https:\/\/www.fpvoleibol.pt\/noticias\/2020\/SCP_SUPERTACA2020-21.pdf\" target=\"_blank\" rel=\"noopener noreferrer\">\u00a0Sporting CP<\/a><\/p>\n<p class=\"auto-style5\">Na lista dos vencedores deste trof\u00e9u habitualmente disputado pelo campe\u00e3o nacional e pelo vencedor\/finalista da Ta\u00e7a de Portugal, o destaque vai para o SL Benfica, que venceu oito das \u00faltimas nove edi\u00e7\u00f5es da Superta\u00e7a, enquanto a AJF Bastardo ainda n\u00e3o se estreou a vencer na competi\u00e7\u00e3o.<br \/>\nO SC Espinho e o Cast\u00ealo da Maia GC tem cinco ceptros, mais dois do que o Sporting CP.<br \/>\nO Leix\u00f5es SC venceu a primeira edi\u00e7\u00e3o da prova, em 1988\/1989.<\/p>\n<p class=\"auto-style5\">Ver lista dos vencedores<a href=\"http:\/\/www.fpvoleibol.pt\/supertacadeportugal.php\" target=\"_blank\" rel=\"noopener noreferrer\">\u00a0aqui<\/a><\/p>\n<p class=\"auto-style5\">Tendo em considera\u00e7\u00e3o que os campeonatos nacionais de 2019\/2020 n\u00e3o chegaram ao fim \u2013 assim como a Ta\u00e7a de Portugal de masculinos \u2013 a Superta\u00e7a de 2020 teve um figurino diferente.<br \/>\nEm masculinos, SL Benfica, Sporting CP, AJ Fonte do Bastardo, SC Espinho, AA S. Mamede e Leix\u00f5es SC constituem as seis equipas presentes na fase de qualifica\u00e7\u00e3o da Superta\u00e7a 2020.<\/p>\n<p class=\"auto-style1\"><strong>SUPERTA\u00c7A de Masculinos<br \/>\n(Multiusos de Gondomar)<\/strong><\/p>\n<p class=\"descricaonoticia\" align=\"justify\"><span class=\"auto-style1\"><strong>Jogos da S\u00e9rie A<\/strong><\/span><br \/>\n<strong>11 de Setembro<\/strong><br \/>\nAA S. Mamede x SL Benfica, 0-3 (11-25, 14-25 e 13-25)<\/p>\n<p><strong>12 de Setembro<\/strong><br \/>\nSC Espinho x AA S. Mamede, 3-0 (25-21, 25-22 e 25-21)<\/p>\n<p><strong>13 de Setembro<\/strong><br \/>\nSL Benfica x SC Espinho, Multiusos de Gondomar, 3-0 (25-17, 25-20 e 25-18)<\/p>\n<p class=\"descricaonoticia\" align=\"justify\"><span class=\"auto-style1\"><strong>Jogos da S\u00e9rie B<\/strong><\/span><br \/>\n<strong>11 de Setembro<\/strong><br \/>\nLeix\u00f5es SC x AJF Bastardo, 0-3 (20-25, 15-25 e 20-25)<\/p>\n<p><strong>12 de Setembro<\/strong><br \/>\nSporting CP x Leix\u00f5es SC, 3-0 (25-15, 25-13 e 25-21)<\/p>\n<p class=\"descricaonoticia\" align=\"justify\"><strong>13 de Setembro<\/strong><br \/>\nAJF Bastardo x Sporting CP, 3-2 (26-28, 25-18, 25-20, 20-25 e 15-13)<\/p>\n<p class=\"auto-style3\"><strong><span class=\"auto-style3\">19\/09\/2020<\/span><\/strong><\/p>\n<p class=\"descricaonoticia\" align=\"justify\"><span class=\"auto-style6\"><strong>2.\u00aa Meia-final<\/strong><\/span><br \/>\nAJF Bastardo x SC Espinho, 1-3 (16-25, 27-25, 18-25 e 19-25)<\/p>\n<p class=\"auto-style3\"><strong><span class=\"auto-style3\">7\/10\/2020<\/span><\/strong><\/p>\n<p class=\"descricaonoticia\" align=\"justify\"><strong><span class=\"auto-style6\">1.\u00aa Meia-final<br \/>\n<\/span>20h00<\/strong>\u00a0\u2013 SL Benfica x Sporting CP, no Pav. Municipal de \u00d3bidos<\/p>\n<p class=\"auto-style3\"><span class=\"auto-style1\"><strong>20\/09\/2020<\/strong><\/span><\/p>\n<p class=\"descricaonoticia\" align=\"justify\"><strong>15h00<\/strong>\u00a0&#8211; Final \u2013 em directo na\u00a0<strong><a href=\"https:\/\/www.sporttv.pt\/pesquisa\/voleibol\" target=\"_blank\" rel=\"noopener noreferrer\">Sport TV<\/a>\u00a0(adiada)<\/strong><\/p>\n<p class=\"descricaonoticia\" align=\"justify\">A lista dos\u00a0<strong>\u00e1rbitros nomeados<\/strong>\u00a0pode ser consultada\u00a0<a href=\"https:\/\/www.fpvoleibol.pt\/arbitragem\/nomeacoes\/\" target=\"_blank\" rel=\"noopener noreferrer\">aqui<\/a><\/p>\n<p class=\"descricaonoticia\" align=\"justify\">Calend\u00e1rios de jogos em\u00a0<a href=\"https:\/\/www.portugalvoleibol.com\/classificacao\/\" target=\"_blank\" rel=\"noopener noreferrer\">https:\/\/www.portugalvoleibol.com\/classificacao\/<\/a><\/p>\n","protected":false},"excerpt":{"rendered":"<p>A meia-final da Superta\u00e7a 2020 de seniores masculinos, a disputar entre o SL Benfica e o Sporting CP, ser\u00e1 realizada no dia 7 de Outubro (20h00*), no Pavilh\u00e3o Municipal de [&hellip;]<\/p>\n","protected":false},"author":1,"featured_media":1219,"comment_status":"open","ping_status":"open","sticky":false,"template":"","format":"standard","meta":{"_monsterinsights_skip_tracking":false,"_monsterinsights_sitenote_active":false,"_monsterinsights_sitenote_note":"","_monsterinsights_sitenote_category":0,"footnotes":""},"categories":[8],"tags":[],"class_list":{"0":"post-1218","1":"post","2":"type-post","3":"status-publish","4":"format-standard","5":"has-post-thumbnail","7":"category-voleibol","8":"czr-hentry"},"aioseo_notices":[],"_links":{"self":[{"href":"https:\/\/fpvoleibol.pt\/fpv\/wp-json\/wp\/v2\/posts\/1218","targetHints":{"allow":["GET"]}}],"collection":[{"href":"https:\/\/fpvoleibol.pt\/fpv\/wp-json\/wp\/v2\/posts"}],"about":[{"href":"https:\/\/fpvoleibol.pt\/fpv\/wp-json\/wp\/v2\/types\/post"}],"author":[{"embeddable":true,"href":"https:\/\/fpvoleibol.pt\/fpv\/wp-json\/wp\/v2\/users\/1"}],"replies":[{"embeddable":true,"href":"https:\/\/fpvoleibol.pt\/fpv\/wp-json\/wp\/v2\/comments?post=1218"}],"version-history":[{"count":1,"href":"https:\/\/fpvoleibol.pt\/fpv\/wp-json\/wp\/v2\/posts\/1218\/revisions"}],"predecessor-version":[{"id":1220,"href":"https:\/\/fpvoleibol.pt\/fpv\/wp-json\/wp\/v2\/posts\/1218\/revisions\/1220"}],"wp:featuredmedia":[{"embeddable":true,"href":"https:\/\/fpvoleibol.pt\/fpv\/wp-json\/wp\/v2\/media\/1219"}],"wp:attachment":[{"href":"https:\/\/fpvoleibol.pt\/fpv\/wp-json\/wp\/v2\/media?parent=1218"}],"wp:term":[{"taxonomy":"category","embeddable":true,"href":"https:\/\/fpvoleibol.pt\/fpv\/wp-json\/wp\/v2\/categories?post=1218"},{"taxonomy":"post_tag","embeddable":true,"href":"https:\/\/fpvoleibol.pt\/fpv\/wp-json\/wp\/v2\/tags?post=1218"}],"curies":[{"name":"wp","href":"https:\/\/api.w.org\/{rel}","templated":true}]}}