{"id":12164,"date":"2021-12-27T21:50:47","date_gmt":"2021-12-27T20:50:47","guid":{"rendered":"https:\/\/fpvoleibol.pt\/fpv\/?p=12164"},"modified":"2021-12-27T21:53:06","modified_gmt":"2021-12-27T20:53:06","slug":"sub-18-masculinos-vencem-espanhois","status":"publish","type":"post","link":"https:\/\/fpvoleibol.pt\/fpv\/2021\/12\/27\/sub-18-masculinos-vencem-espanhois\/","title":{"rendered":"SUB-18 MASCULINOS VENCEM ESPANH\u00d3IS"},"content":{"rendered":"<p><img loading=\"lazy\" decoding=\"async\" class=\"size-full wp-image-12110 aligncenter\" src=\"https:\/\/fpvoleibol.pt\/fpv\/wp-content\/uploads\/2021\/12\/SeleccaoSub18_trei.jpg\" alt=\"\" width=\"960\" height=\"640\" srcset=\"https:\/\/fpvoleibol.pt\/fpv\/wp-content\/uploads\/2021\/12\/SeleccaoSub18_trei.jpg 960w, https:\/\/fpvoleibol.pt\/fpv\/wp-content\/uploads\/2021\/12\/SeleccaoSub18_trei-300x200.jpg 300w, https:\/\/fpvoleibol.pt\/fpv\/wp-content\/uploads\/2021\/12\/SeleccaoSub18_trei-768x512.jpg 768w\" sizes=\"auto, (max-width: 960px) 100vw, 960px\" \/>A <strong>Selec\u00e7\u00e3o Nacional de Sub-18 Masculinos<\/strong>, orientada por <strong>Nuno Pereira<\/strong>, venceu hoje, por <a href=\"https:\/\/fpvoleibol.pt\/fpv\/wp-content\/uploads\/2021\/12\/PORxSPA_27-12-2021.pdf\">3-1 (26-24, 25-21, 17-25 e 25-19)<\/a>, a Espanha, no primeiro dos tr\u00eas jogos de prepara\u00e7\u00e3o que as duas selec\u00e7\u00f5es est\u00e3o a realizar no <span style=\"text-decoration: underline;\">Pavilh\u00e3o Multiusos de Miranda do Douro.<br \/>\n<\/span><strong>Miguel Marques <\/strong>e<strong> Miguel Pedrosa<\/strong>, respectivamente com 21 e 16 pontos, foram os melhores pontuadores do jogo. Ver estat\u00edstica <a href=\"https:\/\/fpvoleibol.pt\/fpv\/wp-content\/uploads\/2021\/12\/PORxSPA_27-12-2021.pdf\">aqui<\/a><\/p>\n<p>Portugal e Espanha voltam a encontrar-se amanh\u00e3 e quarta-feira, novamente pelas 18 horas.<\/p>\n<p>Estes jogos com os espanh\u00f3is inserem-se na prepara\u00e7\u00e3o da Selec\u00e7\u00e3o Nacional com vista \u00e0 participa\u00e7\u00e3o na <a href=\"https:\/\/www.cev.eu\/national-team\/age-group-championships\/u18m\/zonal-1st-round\/#wevza\">Pool B da 1.\u00aa Fase de Qualifica\u00e7\u00e3o para o Campeonato da Europa de Sub-18 Masculinos<\/a>, realizada a n\u00edvel zonal sob a forma de Torneio da WEVZA, que ter\u00e1 por palco as instala\u00e7\u00f5es do Palasport di Villa d&#8217;Agri, na localidade italiana com o mesmo nome, e onde os portugueses ir\u00e3o defrontar os belgas, os franceses e os espanh\u00f3is. Mais informa\u00e7\u00f5es <a href=\"https:\/\/www.cev.eu\/national-team\/age-group-championships\/u18m\/zonal-1st-round\/#wevza\">aqui<\/a>.<\/p>\n<p style=\"font-weight: 400;\"><strong>Convocados*<\/strong><\/p>\n<p style=\"font-weight: 400;\"><strong>AA Espinho<\/strong><br \/>\nJorge Marques<\/p>\n<p style=\"font-weight: 400;\"><strong>AA S. Mamede<br \/>\n<\/strong>Guilherme Ferreira<br \/>\nManuel Catarino<br \/>\nMiguel Morais Pereira<\/p>\n<p style=\"font-weight: 400;\"><strong>CA Madalena<br \/>\n<\/strong>Gon\u00e7alo Ferreira<\/p>\n<p style=\"font-weight: 400;\"><strong>Esmoriz GC<br \/>\n<\/strong>Gustavo Sousa<br \/>\nPedro Morais Santos<\/p>\n<p style=\"font-weight: 400;\"><strong>GC Santo Tirso<br \/>\n<\/strong>Diogo Fevereiro<\/p>\n<p style=\"font-weight: 400;\"><strong>GC Vilacondense<br \/>\n<\/strong>Miguel Marques<\/p>\n<p style=\"font-weight: 400;\"><strong>Latino Coelho<br \/>\n<\/strong>Rafael Esperan\u00e7o<\/p>\n<p style=\"font-weight: 400;\"><strong>Leix\u00f5es SC<br \/>\n<\/strong>Tiago Gra\u00e7a<\/p>\n<p style=\"font-weight: 400;\"><strong>SC Espinho<br \/>\n<\/strong>Miguel Pedrosa<\/p>\n<p style=\"font-weight: 400;\"><strong>VC Viana<br \/>\n<\/strong>Jo\u00e3o Salgueiro<br \/>\nJos\u00e9 Rafael Oliveira<\/p>\n<p><strong><span style=\"font-size: 10pt;\">*Deste lote de convocados sair\u00e3o os 12 jogadores que disputar\u00e3o a fase de apuramento para o Europeu 2022.\u00a0<\/span><\/strong><\/p>\n<p><img loading=\"lazy\" decoding=\"async\" class=\"size-full wp-image-12074 aligncenter\" src=\"https:\/\/fpvoleibol.pt\/fpv\/wp-content\/uploads\/2021\/12\/sub-18M_cartazPORxESP_d.jpg\" alt=\"\" width=\"960\" height=\"1361\" srcset=\"https:\/\/fpvoleibol.pt\/fpv\/wp-content\/uploads\/2021\/12\/sub-18M_cartazPORxESP_d.jpg 960w, https:\/\/fpvoleibol.pt\/fpv\/wp-content\/uploads\/2021\/12\/sub-18M_cartazPORxESP_d-212x300.jpg 212w, https:\/\/fpvoleibol.pt\/fpv\/wp-content\/uploads\/2021\/12\/sub-18M_cartazPORxESP_d-722x1024.jpg 722w, https:\/\/fpvoleibol.pt\/fpv\/wp-content\/uploads\/2021\/12\/sub-18M_cartazPORxESP_d-768x1089.jpg 768w\" sizes=\"auto, (max-width: 960px) 100vw, 960px\" \/><\/p>\n<p style=\"font-weight: 400;\">Mais conhecida pela sigla WEVZA, a <strong>Associa\u00e7\u00e3o Zonal de Voleibol do Oeste Europeu\u00a0<\/strong>(Western European Volleyball Zonal Association) foi constitu\u00edda no dia 26 de Setembro de 2013, integra oito pa\u00edses \u2013 Portugal, Espanha, Alemanha, B\u00e9lgica, It\u00e1lia, Holanda, Fran\u00e7a e Su\u00ed\u00e7a \u2013 e tem actualmente como Presidente o portugu\u00eas Vicente Ara\u00fajo, Presidente da FPV, e como Vice-Presidentes o franc\u00eas Eric Tanguy, Presidente da Federa\u00e7\u00e3o Francesa, e o belga Claude Kriescher, representante da Federa\u00e7\u00e3o Belga.<\/p>\n<p class=\"auto-style2\" style=\"text-align: left;\" align=\"justify\">O objectivo primordial desta associa\u00e7\u00e3o zonal \u00e9 fortalecer e fomentar a organiza\u00e7\u00e3o de actividades desportivas, tanto de Voleibol como de Voleibol de Praia, com especial \u00eanfase nas categorias de forma\u00e7\u00e3o.<\/p>\n<p class=\"auto-style2\" align=\"justify\">A Confedera\u00e7\u00e3o Europeia de Voleibol (CEV) conta com seis associa\u00e7\u00f5es zonais: a WEVZA (Europa Ocidental), a BVA (Balc\u00e3s), a EEVZA (Europa de Leste), a MEVZA (Europa Central), a NEVZA (Europa do Norte) e ainda a SCD (Divis\u00e3o dos Pequenos Pa\u00edses), da qual fazem parte Andorra, Chipre, Ilhas Faro\u00e9, Gibraltar, Gronel\u00e2ndia, Isl\u00e2ndia, Irlanda, Liechtenstein, Luxemburgo, Malta, M\u00f3naco, Irlanda do Norte, San Marino, Esc\u00f3cia e Pa\u00eds de Gales.<\/p>\n<p>Mais informa\u00e7\u00f5es na <a href=\"https:\/\/www.cev.eu\/\">CEV<\/a> e na <a href=\"https:\/\/www.fivb.com\/\">FIVB<\/a><\/p>\n","protected":false},"excerpt":{"rendered":"<p>A Selec\u00e7\u00e3o Nacional de Sub-18 Masculinos, orientada por Nuno Pereira, venceu hoje, por 3-1 (26-24, 25-21, 17-25 e 25-19), a Espanha, no primeiro dos tr\u00eas jogos de prepara\u00e7\u00e3o que as [&hellip;]<\/p>\n","protected":false},"author":2,"featured_media":12167,"comment_status":"open","ping_status":"open","sticky":false,"template":"","format":"standard","meta":{"_monsterinsights_skip_tracking":false,"_monsterinsights_sitenote_active":false,"_monsterinsights_sitenote_note":"","_monsterinsights_sitenote_category":0,"footnotes":""},"categories":[11,8],"tags":[47,50],"class_list":{"0":"post-12164","1":"post","2":"type-post","3":"status-publish","4":"format-standard","5":"has-post-thumbnail","7":"category-formacao","8":"category-voleibol","9":"tag-epoca-2021-2022","10":"tag-wevza","11":"czr-hentry"},"aioseo_notices":[],"_links":{"self":[{"href":"https:\/\/fpvoleibol.pt\/fpv\/wp-json\/wp\/v2\/posts\/12164","targetHints":{"allow":["GET"]}}],"collection":[{"href":"https:\/\/fpvoleibol.pt\/fpv\/wp-json\/wp\/v2\/posts"}],"about":[{"href":"https:\/\/fpvoleibol.pt\/fpv\/wp-json\/wp\/v2\/types\/post"}],"author":[{"embeddable":true,"href":"https:\/\/fpvoleibol.pt\/fpv\/wp-json\/wp\/v2\/users\/2"}],"replies":[{"embeddable":true,"href":"https:\/\/fpvoleibol.pt\/fpv\/wp-json\/wp\/v2\/comments?post=12164"}],"version-history":[{"count":4,"href":"https:\/\/fpvoleibol.pt\/fpv\/wp-json\/wp\/v2\/posts\/12164\/revisions"}],"predecessor-version":[{"id":12170,"href":"https:\/\/fpvoleibol.pt\/fpv\/wp-json\/wp\/v2\/posts\/12164\/revisions\/12170"}],"wp:featuredmedia":[{"embeddable":true,"href":"https:\/\/fpvoleibol.pt\/fpv\/wp-json\/wp\/v2\/media\/12167"}],"wp:attachment":[{"href":"https:\/\/fpvoleibol.pt\/fpv\/wp-json\/wp\/v2\/media?parent=12164"}],"wp:term":[{"taxonomy":"category","embeddable":true,"href":"https:\/\/fpvoleibol.pt\/fpv\/wp-json\/wp\/v2\/categories?post=12164"},{"taxonomy":"post_tag","embeddable":true,"href":"https:\/\/fpvoleibol.pt\/fpv\/wp-json\/wp\/v2\/tags?post=12164"}],"curies":[{"name":"wp","href":"https:\/\/api.w.org\/{rel}","templated":true}]}}