{"id":1210,"date":"2020-09-21T16:42:54","date_gmt":"2020-09-21T16:42:54","guid":{"rendered":"https:\/\/fpvoleibol.pt\/fpv\/?p=1210"},"modified":"2020-09-21T16:42:54","modified_gmt":"2020-09-21T16:42:54","slug":"portugueses-disputam-europeu-de-sub-22","status":"publish","type":"post","link":"https:\/\/fpvoleibol.pt\/fpv\/2020\/09\/21\/portugueses-disputam-europeu-de-sub-22\/","title":{"rendered":"PORTUGUESES DISPUTAM EUROPEU DE SUB-22"},"content":{"rendered":"<p class=\"descricaonoticia\" align=\"center\"><img loading=\"lazy\" decoding=\"async\" src=\"https:\/\/www.fpvoleibol.pt\/noticias\/2020\/imagens\/pedrosa_campos_VPraia.jpg\" width=\"480\" height=\"320\" border=\"1\" \/><br \/>\n<strong><span class=\"auto-style4\">Hugo e Jo\u00e3o<\/span><\/strong><\/p>\n<p class=\"descricaonoticia\" align=\"justify\">As duplas portuguesas de Voleibol de Praia\u00a0<strong>Jo\u00e3o Pedrosa\/Hugo Campos<\/strong>\u00a0e\u00a0<strong>Beatriz Pinheiro\/In\u00eas Castro<\/strong>\u00a0v\u00e3o disputar o Campeonato da Europa de Sub-22, a realizar na cidade turca de Izmir (Esmirna), de 23 a 27 de Setembro.<\/p>\n<p class=\"descricaonoticia\" align=\"justify\">As duplas lusitanas partem amanh\u00e3 (via Porto\/Frankfurt\/Istambul) \u00e0s 12h10 (voo LH1304), sendo acompanhadas pelo treinador<strong>\u00a0Ricardo Rocha<\/strong>.<\/p>\n<p class=\"descricaonoticia\" align=\"justify\">Esta importante competi\u00e7\u00e3o, montra dos atletas de Voleibol de Praia do futuro pr\u00f3ximo, conta com a participa\u00e7\u00e3o, entre outros, dos vencedores do Europeu de Sub-20, os suecos Hellvig e Ahman, dos alem\u00e3es Pfretzschner (2.\u00ba classificado no Europeu de Sub-20) e Lorenz e dos italianos Dal Corso e Viscovich (3.\u00bas classificados no Europeu de Sub-20).<\/p>\n<p class=\"descricaonoticia\" align=\"justify\">Como credenciais, os portugueses, de apenas 20 anos de idade, t\u00eam j\u00e1 um registo significativo nos \u00faltimos dois anos: em 2020, vice-campe\u00f5es nacionais de seniores e 9.\u00bas classificados na etapa do World Tour disputada em Montpellier e 5.\u00bas nos Jogos do Mediterr\u00e2neo, em 2019.<\/p>\n<p class=\"auto-style3\"><img loading=\"lazy\" decoding=\"async\" class=\"aligncenter\" src=\"https:\/\/www.fpvoleibol.pt\/noticias\/2020\/imagens\/beatriz_Ines_VPraia.jpg\" width=\"480\" height=\"321\" border=\"1\" \/><strong><br class=\"auto-style4\" \/><span class=\"auto-style4\">In\u00eas e Beatriz<\/span><\/strong><\/p>\n<p class=\"descricaonoticia\" align=\"justify\">Em femininos, a concorr\u00eancia igualmente forte, com a presen\u00e7a das let\u00e3s Brailko e Namike (campe\u00e3s da Europa de Sub-20), das su\u00ed\u00e7as Bentele (vice-campe\u00e3 de Sub-20) e Stahli e das ucranianas Rylova e Serdiuk (3.\u00aas classificadas no Europeu de Sub-20).<\/p>\n<p class=\"descricaonoticia\" align=\"justify\">A dupla portuguesa, formada h\u00e1 pouco tempo, regista no \u00faltimo par de anos um 4.\u00ba lugar no Campeonato Nacional de seniores femininos, em 2020, e um 5.\u00ba lugar nos Jogos do Mediterr\u00e2neo, em 2019, de Beatriz Pinheiro (dupla com Vanessa Paquete).<\/p>\n<p class=\"descricaonoticia\" align=\"justify\">Mais informa\u00e7\u00f5es sobre o #EuroBeachVolleyU22\u00a0<a href=\"https:\/\/www.cev.eu\/BeachVolley-Area\/BeachVolley_3BOX.aspx?ID=1227&amp;mID=2822&amp;sID=&amp;pID=0&amp;chID=0&amp;phaseID=0&amp;champID=0&amp;Mod=\" target=\"_blank\" rel=\"noopener noreferrer\">aqui<\/a><\/p>\n","protected":false},"excerpt":{"rendered":"<p>Hugo e Jo\u00e3o As duplas portuguesas de Voleibol de Praia\u00a0Jo\u00e3o Pedrosa\/Hugo Campos\u00a0e\u00a0Beatriz Pinheiro\/In\u00eas Castro\u00a0v\u00e3o disputar o Campeonato da Europa de Sub-22, a realizar na cidade turca de Izmir (Esmirna), de [&hellip;]<\/p>\n","protected":false},"author":1,"featured_media":1211,"comment_status":"open","ping_status":"open","sticky":false,"template":"","format":"standard","meta":{"_monsterinsights_skip_tracking":false,"_monsterinsights_sitenote_active":false,"_monsterinsights_sitenote_note":"","_monsterinsights_sitenote_category":0,"footnotes":""},"categories":[9],"tags":[],"class_list":{"0":"post-1210","1":"post","2":"type-post","3":"status-publish","4":"format-standard","5":"has-post-thumbnail","7":"category-voleibol-de-praia","8":"czr-hentry"},"aioseo_notices":[],"_links":{"self":[{"href":"https:\/\/fpvoleibol.pt\/fpv\/wp-json\/wp\/v2\/posts\/1210","targetHints":{"allow":["GET"]}}],"collection":[{"href":"https:\/\/fpvoleibol.pt\/fpv\/wp-json\/wp\/v2\/posts"}],"about":[{"href":"https:\/\/fpvoleibol.pt\/fpv\/wp-json\/wp\/v2\/types\/post"}],"author":[{"embeddable":true,"href":"https:\/\/fpvoleibol.pt\/fpv\/wp-json\/wp\/v2\/users\/1"}],"replies":[{"embeddable":true,"href":"https:\/\/fpvoleibol.pt\/fpv\/wp-json\/wp\/v2\/comments?post=1210"}],"version-history":[{"count":1,"href":"https:\/\/fpvoleibol.pt\/fpv\/wp-json\/wp\/v2\/posts\/1210\/revisions"}],"predecessor-version":[{"id":1212,"href":"https:\/\/fpvoleibol.pt\/fpv\/wp-json\/wp\/v2\/posts\/1210\/revisions\/1212"}],"wp:featuredmedia":[{"embeddable":true,"href":"https:\/\/fpvoleibol.pt\/fpv\/wp-json\/wp\/v2\/media\/1211"}],"wp:attachment":[{"href":"https:\/\/fpvoleibol.pt\/fpv\/wp-json\/wp\/v2\/media?parent=1210"}],"wp:term":[{"taxonomy":"category","embeddable":true,"href":"https:\/\/fpvoleibol.pt\/fpv\/wp-json\/wp\/v2\/categories?post=1210"},{"taxonomy":"post_tag","embeddable":true,"href":"https:\/\/fpvoleibol.pt\/fpv\/wp-json\/wp\/v2\/tags?post=1210"}],"curies":[{"name":"wp","href":"https:\/\/api.w.org\/{rel}","templated":true}]}}