{"id":12076,"date":"2021-12-22T15:36:51","date_gmt":"2021-12-22T14:36:51","guid":{"rendered":"https:\/\/fpvoleibol.pt\/fpv\/?p=12076"},"modified":"2021-12-22T15:36:51","modified_gmt":"2021-12-22T14:36:51","slug":"sub-17-portuguesas-fazem-ultimo-ensaio-em-espanha","status":"publish","type":"post","link":"https:\/\/fpvoleibol.pt\/fpv\/2021\/12\/22\/sub-17-portuguesas-fazem-ultimo-ensaio-em-espanha\/","title":{"rendered":"SUB-17: PORTUGUESAS FAZEM \u00daLTIMO ENSAIO EM ESPANHA"},"content":{"rendered":"<p><img loading=\"lazy\" decoding=\"async\" class=\"size-full wp-image-12078 aligncenter\" src=\"https:\/\/fpvoleibol.pt\/fpv\/wp-content\/uploads\/2021\/12\/sub-17W_cartazESPxPOR_d.jpg\" alt=\"\" width=\"960\" height=\"1358\" srcset=\"https:\/\/fpvoleibol.pt\/fpv\/wp-content\/uploads\/2021\/12\/sub-17W_cartazESPxPOR_d.jpg 960w, https:\/\/fpvoleibol.pt\/fpv\/wp-content\/uploads\/2021\/12\/sub-17W_cartazESPxPOR_d-212x300.jpg 212w, https:\/\/fpvoleibol.pt\/fpv\/wp-content\/uploads\/2021\/12\/sub-17W_cartazESPxPOR_d-724x1024.jpg 724w, https:\/\/fpvoleibol.pt\/fpv\/wp-content\/uploads\/2021\/12\/sub-17W_cartazESPxPOR_d-768x1086.jpg 768w\" sizes=\"auto, (max-width: 960px) 100vw, 960px\" \/><\/p>\n<p>Tendo em vista a participa\u00e7\u00e3o no Torneio Internacional da WEVZA \u2013 <a href=\"https:\/\/www.cev.eu\/national-team\/age-group-championships\/u17w\/zonal-1st-round\/#wevza\">1.\u00aa Fase de Qualifica\u00e7\u00e3o para o Campeonato da Europa 2022<\/a> \u2013, agendado para 5 a 9 de Janeiro de 2022, na B\u00e9lgica, a Selec\u00e7\u00e3o Nacional de Sub-17 Femininos vai disputar dois jogos de prepara\u00e7\u00e3o com a sua cong\u00e9nere espanhola nos dias 29 e 30 de Dezembro, respectivamente pelas 19h00 e 12h00 locais, no Pavill\u00f3n Polideportivo Manuel Coto Ferreiro, em la Estrada, Pontevedra, Espanha.<\/p>\n<p>A <a href=\"https:\/\/www.cev.eu\/national-team\/age-group-championships\/u17w\/zonal-1st-round\/#wevza\">Pool B da 1.\u00aa Fase de Qualifica\u00e7\u00e3o para o Campeonato da Europa de Sub-17 Femininos<\/a>, realizada a n\u00edvel zonal sob a forma de Torneio da WEVZA, decorrer\u00e1 na B\u00e9lgica, e as portuguesas ir\u00e3o defrontar as belgas, as alem\u00e3s e as espanholas. Mais informa\u00e7\u00f5es <a href=\"https:\/\/www.cev.eu\/national-team\/age-group-championships\/u17w\/zonal-1st-round\/#body-tab-2422ca35-841a-40e7-ab92-5e51c6a0e572-1\">aqui<\/a><\/p>\n<p><strong>Rui Pedro Silva, Seleccionador Nacional<\/strong>, destaca:<br \/>\n&#8220;<em>Este convite da Federa\u00e7\u00e3o Espanhola de Voleibol veio proporcionar um aumento significativo do volume de jogos-treino, especialmente na semana que antecede a competi\u00e7\u00e3o WEVZA de Sub-17. Mesmo sendo um advers\u00e1rio directo do mesmo grupo, vamos ter a possibilidade de conhecer a \u00fanica selec\u00e7\u00e3o que n\u00e3o participou na competi\u00e7\u00e3o em 2020, pois as atletas foram contaminadas pela Covid-19. Vamos levar catorze atletas para avaliar em contexto formal de jogo e tomarmos decis\u00f5es relativamente \u00e0s doze jogadoras que far\u00e3o parte da convocat\u00f3ria final para esta competi\u00e7\u00e3o da WEVZA Sub-17 que decorrer\u00e1 na B\u00e9lgica. <\/em><br \/>\n<em>Ser\u00e3o quatro dias onde vamos poder avaliar a aplica\u00e7\u00e3o do nosso modelo de jogo e a sua consist\u00eancia, permitindo ainda fazer alguns ajustes para o Torneio da WEVZA. <\/em><br \/>\n<em>Os nossos objectivos passam por garantir a passagem \u00e0 2.\u00aa Fase de Qualifica\u00e7\u00e3o para o Campeonato da Europa Sub-17 e lutar pela melhor classifica\u00e7\u00e3o poss\u00edvel. Vai depender muito de como as outras selec\u00e7\u00f5es se v\u00e3o apresentar depois de tantas restri\u00e7\u00f5es e impedimentos para treinar e jogar nos \u00faltimos dois anos. Dentro deste cen\u00e1rio um pouco imprevis\u00edvel, contamos ter uma boa presta\u00e7\u00e3o<\/em>&#8220;.<\/p>\n<p>Ap\u00f3s o est\u00e1gio e os treinos de prepara\u00e7\u00e3o realizados na Escola Secund\u00e1ria Rodrigues de Freitas, no Porto, a equipa t\u00e9cnica liderada por <strong>Rui Pedro Silva<\/strong> convocou as seguintes 14 atletas*:<\/p>\n<p style=\"text-align: center;\"><span style=\"text-decoration: underline;\"><strong>Atletas convocadas<\/strong>:<\/span><\/p>\n<p><strong>Assoc. Academia Jos\u00e9 Moreira<\/strong><br \/>\nMaria Jo\u00e3o Peres<br \/>\nMariana Marques<\/p>\n<p style=\"font-weight: 400;\"><strong>Boavista FC<\/strong><br \/>\nFrancisca Guedes<br \/>\nRita Ben\u00eddio<\/p>\n<p><strong>Cast\u00ealo da Maia GC<\/strong><br \/>\nIn\u00eas Sol Campos<br \/>\nLuna Nunes<\/p>\n<p><strong>Cascais Volley4All<\/strong><br \/>\nMatilde Ferreira<\/p>\n<p><strong>CVA Madeira Torres<\/strong><br \/>\nMarta Aleixo<\/p>\n<p><strong>Frei Gil VC<\/strong><br \/>\nLara Lobo Carvalho<\/p>\n<p><strong>Leix\u00f5es SC<\/strong><br \/>\nBeatriz Cerveira<\/p>\n<p><strong>Porto Volei 2014\/AV Col\u00e9gio Efanor<\/strong><br \/>\nEma Torres<\/p>\n<p><strong>SC Braga<\/strong><br \/>\nMaria Leonor Coelho<\/p>\n<p><strong>SC Espinho<\/strong><br \/>\nMartina Ribeiro<\/p>\n<p><strong>VC Viana<\/strong><br \/>\nMaria Carlota Amaral<\/p>\n<p><strong><span style=\"font-size: 10pt;\">*Deste lote de convocadas sair\u00e3o as 12 jogadoras que disputar\u00e3o a fase de apuramento para o Europeu 2022.\u00a0<\/span><\/strong><\/p>\n<p>Mais conhecida pela sigla WEVZA, a <strong>Associa\u00e7\u00e3o Zonal de Voleibol do Oeste Europeu <\/strong>foi constitu\u00edda no dia 26 de Setembro de 2013, integra oito pa\u00edses \u2013 Portugal, Espanha, Alemanha, B\u00e9lgica, It\u00e1lia, Holanda, Fran\u00e7a e Su\u00ed\u00e7a \u2013 e tem actualmente como Presidente o portugu\u00eas Vicente Ara\u00fajo, Presidente da FPV, e como Vice-Presidentes o franc\u00eas Eric Tanguy, Presidente da Federa\u00e7\u00e3o Francesa, e o belga Claude Kriescher, representante da Federa\u00e7\u00e3o Belga.<\/p>\n<p class=\"auto-style2\" style=\"text-align: left;\" align=\"justify\">O objectivo primordial desta associa\u00e7\u00e3o zonal \u00e9 fortalecer e fomentar a organiza\u00e7\u00e3o de actividades desportivas, tanto de Voleibol como de Voleibol de Praia, com especial \u00eanfase nas categorias de forma\u00e7\u00e3o.<\/p>\n<p class=\"auto-style2\" align=\"justify\">A Confedera\u00e7\u00e3o Europeia de Voleibol (CEV) conta com seis associa\u00e7\u00f5es zonais: a WEVZA (Europa Ocidental), a BVA (Balc\u00e3s), a EEVZA (Europa de Leste), a MEVZA (Europa Central), a NEVZA (Europa do Norte) e ainda a SCD (Divis\u00e3o dos Pequenos Pa\u00edses), da qual fazem parte Andorra, Chipre, Ilhas Faro\u00e9, Gibraltar, Gronel\u00e2ndia, Isl\u00e2ndia, Irlanda, Liechtenstein, Luxemburgo, Malta, M\u00f3naco, Irlanda do Norte, San Marino, Esc\u00f3cia e Pa\u00eds de Gales.<\/p>\n<p>Mais informa\u00e7\u00f5es na <a href=\"https:\/\/www.cev.eu\/\">CEV<\/a> e na <a href=\"https:\/\/www.fivb.com\/\">FIVB<\/a><\/p>\n","protected":false},"excerpt":{"rendered":"<p>Tendo em vista a participa\u00e7\u00e3o no Torneio Internacional da WEVZA \u2013 1.\u00aa Fase de Qualifica\u00e7\u00e3o para o Campeonato da Europa 2022 \u2013, agendado para 5 a 9 de Janeiro de [&hellip;]<\/p>\n","protected":false},"author":2,"featured_media":12081,"comment_status":"open","ping_status":"open","sticky":false,"template":"","format":"standard","meta":{"_monsterinsights_skip_tracking":false,"_monsterinsights_sitenote_active":false,"_monsterinsights_sitenote_note":"","_monsterinsights_sitenote_category":0,"footnotes":""},"categories":[11,8],"tags":[47],"class_list":{"0":"post-12076","1":"post","2":"type-post","3":"status-publish","4":"format-standard","5":"has-post-thumbnail","7":"category-formacao","8":"category-voleibol","9":"tag-epoca-2021-2022","10":"czr-hentry"},"aioseo_notices":[],"_links":{"self":[{"href":"https:\/\/fpvoleibol.pt\/fpv\/wp-json\/wp\/v2\/posts\/12076","targetHints":{"allow":["GET"]}}],"collection":[{"href":"https:\/\/fpvoleibol.pt\/fpv\/wp-json\/wp\/v2\/posts"}],"about":[{"href":"https:\/\/fpvoleibol.pt\/fpv\/wp-json\/wp\/v2\/types\/post"}],"author":[{"embeddable":true,"href":"https:\/\/fpvoleibol.pt\/fpv\/wp-json\/wp\/v2\/users\/2"}],"replies":[{"embeddable":true,"href":"https:\/\/fpvoleibol.pt\/fpv\/wp-json\/wp\/v2\/comments?post=12076"}],"version-history":[{"count":8,"href":"https:\/\/fpvoleibol.pt\/fpv\/wp-json\/wp\/v2\/posts\/12076\/revisions"}],"predecessor-version":[{"id":12125,"href":"https:\/\/fpvoleibol.pt\/fpv\/wp-json\/wp\/v2\/posts\/12076\/revisions\/12125"}],"wp:featuredmedia":[{"embeddable":true,"href":"https:\/\/fpvoleibol.pt\/fpv\/wp-json\/wp\/v2\/media\/12081"}],"wp:attachment":[{"href":"https:\/\/fpvoleibol.pt\/fpv\/wp-json\/wp\/v2\/media?parent=12076"}],"wp:term":[{"taxonomy":"category","embeddable":true,"href":"https:\/\/fpvoleibol.pt\/fpv\/wp-json\/wp\/v2\/categories?post=12076"},{"taxonomy":"post_tag","embeddable":true,"href":"https:\/\/fpvoleibol.pt\/fpv\/wp-json\/wp\/v2\/tags?post=12076"}],"curies":[{"name":"wp","href":"https:\/\/api.w.org\/{rel}","templated":true}]}}