{"id":1187,"date":"2020-09-17T16:12:32","date_gmt":"2020-09-17T16:12:32","guid":{"rendered":"https:\/\/fpvoleibol.pt\/fpv\/?p=1187"},"modified":"2020-09-21T16:13:50","modified_gmt":"2020-09-21T16:13:50","slug":"supertaca-de-femininos-a-moda-do-porto","status":"publish","type":"post","link":"https:\/\/fpvoleibol.pt\/fpv\/2020\/09\/17\/supertaca-de-femininos-a-moda-do-porto\/","title":{"rendered":"SUPERTA\u00c7A DE FEMININOS \u00c0 MODA DO PORTO"},"content":{"rendered":"<p class=\"descricaonoticia\" align=\"center\"><a href=\"https:\/\/www.fpvoleibol.pt\/noticias\/2020\/imagens\/Supertaca2020_finalFEM_gd.jpg\" target=\"_blank\" rel=\"noopener noreferrer\"><img loading=\"lazy\" decoding=\"async\" src=\"https:\/\/www.fpvoleibol.pt\/noticias\/2020\/imagens\/Supertaca2020_finalFEM_pe.jpg\" width=\"430\" height=\"602\" border=\"1\" \/><\/a><\/p>\n<p class=\"descricaonoticia\" align=\"justify\">A final da Superta\u00e7a de seniores femininos coloca frente a frente duas equipas da\u00a0<em>Cidade Invicta<\/em>\u00a0que, apesar da sua curta exist\u00eancia, apresentam ambas curr\u00edculos com momentos significativos.<br \/>\nVer plantel da\u00a0<a href=\"https:\/\/www.fpvoleibol.pt\/noticias\/2020\/AJM_FCPorto_SupertacaFem2020.pdf\" target=\"_blank\" rel=\"noopener noreferrer\">AJM\/FCP aqui<\/a>\u00a0e do\u00a0<a href=\"https:\/\/www.fpvoleibol.pt\/noticias\/2020\/Porto_Volei_SupertacaF2020.pdf\" target=\"_blank\" rel=\"noopener noreferrer\">Porto V\u00f3lei aqui<\/a><\/p>\n<p class=\"descricaonoticia\" align=\"justify\">O encontro entre a<a href=\"https:\/\/www.facebook.com\/AJM-FC-Porto-209163616115343\" target=\"_blank\" rel=\"noopener noreferrer\">\u00a0AJM\/FC Porto<\/a>, vencedora da Ta\u00e7a de Portugal 2020, e o\u00a0<a href=\"https:\/\/www.facebook.com\/portovolei\" target=\"_blank\" rel=\"noopener noreferrer\">Porto V\u00f3lei<\/a>, vencedor da fase de qualifica\u00e7\u00e3o \u2013 S\u00e9rie \u00danica, est\u00e1 agendado para as 19 horas do dia 18 de Setembro, no Centro de Desportos e Congressos de Matosinhos, e contar\u00e1 com a transmiss\u00e3o em directo na\u00a0<a href=\"https:\/\/www.fpvoleibol.pt\/noticias\/2020\/(https:\/youtu.be\/bxIrzuSiwG8\" target=\"_blank\" rel=\"noopener noreferrer\">Volei TV<\/a>\u00a0e no\u00a0<a href=\"http:\/\/portocanal.sapo.pt\/\" target=\"_blank\" rel=\"noopener noreferrer\">Porto Canal<\/a>.<\/p>\n<p class=\"descricaonoticia\" align=\"justify\">A Academia Jos\u00e9 Moreira (AJM) e o Porto V\u00f3lei \u00abnasceram\u00bb em 2014.<\/p>\n<p class=\"descricaonoticia\" align=\"justify\">A equipa de seniores femininos da AJM subiu \u00e0 I Divis\u00e3o Nacional na \u00e9poca de 2017\/18.<br \/>\nConquistou a Ta\u00e7a de Portugal e a Superta\u00e7a em 2019 (como AJM) e a Ta\u00e7a de Portugal em 2020 (AJM\/FC Porto).<br \/>\nO Porto V\u00f3lei venceu um Campeonato Nacional &#8211; Divis\u00e3o Elite em 2013\/2014, como Col\u00e9gio do Ros\u00e1rio, e em 2014\/2015, j\u00e1 com a designa\u00e7\u00e3o Porto V\u00f3lei 2014.<br \/>\nEm 2017\/2018, venceu o Campeonato Nacional &#8211; I Divis\u00e3o; em 2015\/2016 a Superta\u00e7a e em 2015 e 2018 a Ta\u00e7a de Portugal.<\/p>\n<p class=\"descricaonoticia\" align=\"justify\">Na lista dos vencedores das 18 edi\u00e7\u00f5es da Superta\u00e7a, o destaque vai para o Cast\u00ealo da Maia GC, que, no seu historial, ergueu o trof\u00e9u por seis vezes consecutivas.<br \/>\nO Leix\u00f5es SC, com quatro vit\u00f3rias (2017\/2018, 2016\/2017, 1991\/1992 e 1988\/1989), o Boavista FC, com tr\u00eas, o CR Estrelas Avenida, com dois triunfos, e a AJM\/FC Porto, o Atl\u00e9tico VC e o Porto V\u00f3lei, com um, completam o leque de vencedores.<\/p>\n<p class=\"descricaonoticia\" align=\"justify\">Ver lista das vencedoras<a href=\"http:\/\/www.fpvoleibol.pt\/supertacadeportugal.php\" target=\"_blank\" rel=\"noopener noreferrer\">\u00a0aqui<\/a><\/p>\n<p class=\"auto-style3\">\u00a0<strong><a href=\"https:\/\/www.portugalvoleibol.com\/classificacao\" target=\"_blank\" rel=\"noopener noreferrer\">SUPERTA\u00c7A de femininos<\/a><\/strong><\/p>\n<p class=\"auto-style3\"><span class=\"auto-style1\"><strong>Fase de Qualifica\u00e7\u00e3o &#8211; S\u00e9rie \u00danica (11, 12 e 13 de Setembro)<\/strong><\/span><\/p>\n<p class=\"auto-style4\">AVC Famalic\u00e3o x\u00a0<strong>Porto V\u00f3lei,<\/strong>\u00a02-3 (25-27, 25-22, 26-24, 21-25 e 4-15).\u00a0<a href=\"https:\/\/www.fpvoleibol.pt\/noticias\/2020\/RelatoriojogoPVxAVC_Super.pdf\" target=\"_blank\" rel=\"noopener noreferrer\">Estat\u00edstica<\/a><\/p>\n<p class=\"descricaonoticia\" align=\"justify\">Clube K x<strong>\u00a0AVC Famalic\u00e3o<\/strong>, 2-3 (25-21, 22-25, 27-25, 23-25 e 12-15).\u00a0<a href=\"https:\/\/www.fpvoleibol.pt\/noticias\/2020\/STCK2-3AVC.pdf\" target=\"_blank\" rel=\"noopener noreferrer\">Estat\u00edstica<\/a><\/p>\n<p class=\"descricaonoticia\" align=\"justify\"><strong>Porto V\u00f3lei<\/strong>\u00a0x Clube K,\u00a0 3-2 (18-25, 25-9, 25-17, 20-25 e 15-9).\u00a0<a href=\"https:\/\/www.fpvoleibol.pt\/noticias\/2020\/Super_RelatoriodejogoPVxCK.pdf\" target=\"_blank\" rel=\"noopener noreferrer\">Estat\u00edstica\u00a0<\/a><\/p>\n<p class=\"auto-style3\"><span class=\"auto-style1\"><strong>Final &#8211; Dia 18 de Setembro<\/strong><\/span><\/p>\n<p class=\"descricaonoticia\" align=\"justify\"><strong>19h00<\/strong>\u00a0\u2013 AJM\/FC Porto x Porto V\u00f3lei, na Nave Costa Pereira (CDC Matosinhos) \u2013 em directo na\u00a0<a href=\"https:\/\/www.fpvoleibol.pt\/noticias\/2020\/(https:\/youtu.be\/bxIrzuSiwG8\" target=\"_blank\" rel=\"noopener noreferrer\">Volei TV<\/a>\u00a0e no\u00a0<a href=\"http:\/\/portocanal.sapo.pt\/\" target=\"_blank\" rel=\"noopener noreferrer\">Porto Canal<\/a><\/p>\n<p class=\"descricaonoticia\" align=\"justify\">A pandemia de Covid-19 obrigou a que fossem\u00a0<a href=\"https:\/\/www.fpvoleibol.pt\/noticias\/2020\/retomar.pdf\" target=\"_blank\" rel=\"noopener noreferrer\">aplicadas medidas que limitam<\/a>\u00a0o n\u00famero de pessoas presentes em eventos desportivos e condicionou o contacto entre os representantes da Comunica\u00e7\u00e3o Social e o Departamento de Informa\u00e7\u00e3o da FPV.<\/p>\n<p class=\"descricaonoticia\" align=\"justify\">Assim, e no sentido de facilitar o trabalho dos jornalistas na cobertura dos jogos de acesso \u00e0 I Divis\u00e3o (masculinos e femininos) e da Superta\u00e7a (masculinos e femininos), disponibilizamos aqui informa\u00e7\u00f5es sobre as equipas em competi\u00e7\u00e3o.<\/p>\n<p class=\"descricaonoticia\" align=\"justify\"><span class=\"auto-style2\">Regulamento para a Retoma da Pr\u00e1tica Competitiva<\/span>\u00a0<a href=\"https:\/\/www.fpvoleibol.pt\/regulamentos\/reg_retoma_competicoes.pdf\" target=\"_blank\" rel=\"noopener noreferrer\">aqui<\/a><\/p>\n<p class=\"descricaonoticia\" align=\"justify\"><span class=\"auto-style2\">Parte mais espec\u00edfica para jornalistas<\/span><a href=\"http:\/\/www.fpvoleibol.pt\/noticias\/2020\/retomar.pdf\" target=\"_blank\" rel=\"noopener noreferrer\">\u00a0aqui<\/a><\/p>\n<p class=\"descricaonoticia\" align=\"justify\">A acredita\u00e7\u00e3o dos jornalistas que solicitaram credenciais \u00e9 efectuada \u00e0 entrada para o pavilh\u00e3o.<\/p>\n<p class=\"descricaonoticia\" align=\"justify\">A lista dos\u00a0<strong>\u00e1rbitros nomeados<\/strong>\u00a0pode ser consultada\u00a0<a href=\"https:\/\/www.fpvoleibol.pt\/arbitragem\/nomeacoes\/\" target=\"_blank\" rel=\"noopener noreferrer\">aqui<\/a><\/p>\n<p class=\"auto-style1\"><strong><a href=\"https:\/\/www.fpvoleibol.pt\/noticias\/2020\/Vencedores_da_Supertaca_v.pdf\" target=\"_blank\" rel=\"noopener noreferrer\">Superta\u00e7a de femininos<\/a><\/strong><br \/>\n(Plantel das equipas)<\/p>\n<p class=\"auto-style3\">\u00a0<a href=\"https:\/\/www.fpvoleibol.pt\/noticias\/2020\/Porto_Volei_SupertacaF2020.pdf\" target=\"_blank\" rel=\"noopener noreferrer\">Porto V\u00f3lei<\/a>\u00a0\/\u00a0<a href=\"https:\/\/www.fpvoleibol.pt\/noticias\/2020\/AJM_FCPorto_SupertacaFem2020.pdf\" target=\"_blank\" rel=\"noopener noreferrer\">AJM\/FCP<\/a><\/p>\n","protected":false},"excerpt":{"rendered":"<p>A final da Superta\u00e7a de seniores femininos coloca frente a frente duas equipas da\u00a0Cidade Invicta\u00a0que, apesar da sua curta exist\u00eancia, apresentam ambas curr\u00edculos com momentos significativos. Ver plantel da\u00a0AJM\/FCP aqui\u00a0e [&hellip;]<\/p>\n","protected":false},"author":1,"featured_media":935,"comment_status":"open","ping_status":"open","sticky":false,"template":"","format":"standard","meta":{"_monsterinsights_skip_tracking":false,"_monsterinsights_sitenote_active":false,"_monsterinsights_sitenote_note":"","_monsterinsights_sitenote_category":0,"footnotes":""},"categories":[8],"tags":[],"class_list":{"0":"post-1187","1":"post","2":"type-post","3":"status-publish","4":"format-standard","5":"has-post-thumbnail","7":"category-voleibol","8":"czr-hentry"},"aioseo_notices":[],"_links":{"self":[{"href":"https:\/\/fpvoleibol.pt\/fpv\/wp-json\/wp\/v2\/posts\/1187","targetHints":{"allow":["GET"]}}],"collection":[{"href":"https:\/\/fpvoleibol.pt\/fpv\/wp-json\/wp\/v2\/posts"}],"about":[{"href":"https:\/\/fpvoleibol.pt\/fpv\/wp-json\/wp\/v2\/types\/post"}],"author":[{"embeddable":true,"href":"https:\/\/fpvoleibol.pt\/fpv\/wp-json\/wp\/v2\/users\/1"}],"replies":[{"embeddable":true,"href":"https:\/\/fpvoleibol.pt\/fpv\/wp-json\/wp\/v2\/comments?post=1187"}],"version-history":[{"count":1,"href":"https:\/\/fpvoleibol.pt\/fpv\/wp-json\/wp\/v2\/posts\/1187\/revisions"}],"predecessor-version":[{"id":1188,"href":"https:\/\/fpvoleibol.pt\/fpv\/wp-json\/wp\/v2\/posts\/1187\/revisions\/1188"}],"wp:featuredmedia":[{"embeddable":true,"href":"https:\/\/fpvoleibol.pt\/fpv\/wp-json\/wp\/v2\/media\/935"}],"wp:attachment":[{"href":"https:\/\/fpvoleibol.pt\/fpv\/wp-json\/wp\/v2\/media?parent=1187"}],"wp:term":[{"taxonomy":"category","embeddable":true,"href":"https:\/\/fpvoleibol.pt\/fpv\/wp-json\/wp\/v2\/categories?post=1187"},{"taxonomy":"post_tag","embeddable":true,"href":"https:\/\/fpvoleibol.pt\/fpv\/wp-json\/wp\/v2\/tags?post=1187"}],"curies":[{"name":"wp","href":"https:\/\/api.w.org\/{rel}","templated":true}]}}