{"id":1184,"date":"2020-09-15T16:11:00","date_gmt":"2020-09-15T16:11:00","guid":{"rendered":"https:\/\/fpvoleibol.pt\/fpv\/?p=1184"},"modified":"2020-09-21T16:11:58","modified_gmt":"2020-09-21T16:11:58","slug":"treinos-de-observacao-com-vista-a-qualificacao-da-wevza-em-2021","status":"publish","type":"post","link":"https:\/\/fpvoleibol.pt\/fpv\/2020\/09\/15\/treinos-de-observacao-com-vista-a-qualificacao-da-wevza-em-2021\/","title":{"rendered":"TREINOS DE OBSERVA\u00c7\u00c3O COM VISTA \u00c0 QUALIFICA\u00c7\u00c3O DA WEVZA EM 2021"},"content":{"rendered":"<p class=\"descricaonoticia\" align=\"center\"><img loading=\"lazy\" decoding=\"async\" class=\"auto-style1\" src=\"https:\/\/www.fpvoleibol.pt\/noticias\/2020\/imagens\/rps_banco.jpg\" width=\"460\" height=\"331\" border=\"1\" \/><\/p>\n<p class=\"auto-style2\" align=\"justify\">Tendo em vista a prepara\u00e7\u00e3o da\u00a0<strong>Selec\u00e7\u00e3o Nacional de Sub-16 Femininos<\/strong>\u00a0para o\u00a0<span class=\"auto-style10\">Torneio da WEVZA<\/span>, a disputar em Janeiro de 2021, a equipa t\u00e9cnica liderada por\u00a0<strong>Rui Pedro Silva\u00a0<\/strong>ir\u00e1 realizar a observa\u00e7\u00e3o de atletas nascidas em 2006 e 2007.<\/p>\n<p class=\"auto-style2\" align=\"justify\">Os treinos de observa\u00e7\u00e3o, que decorrer\u00e3o em dois momentos distintos e com dois grupos diferentes, na Escola Secund\u00e1ria Rodrigues de Freitas, das 18h30 \u00e0s 21h30, de 21 a 24 de Setembro e 28 de Setembro a 1 de Outubro, ser\u00e3o efectuados de acordo com a seguinte organiza\u00e7\u00e3o:<\/p>\n<p class=\"auto-style8\" align=\"justify\"><strong>Atletas convocadas para observa\u00e7\u00e3o<\/strong><\/p>\n<p class=\"descricaonoticia\" align=\"justify\"><img loading=\"lazy\" decoding=\"async\" class=\"auto-style1 aligncenter\" src=\"https:\/\/www.fpvoleibol.pt\/noticias\/2020\/imagens\/U15f_grupo1a.jpg\" width=\"480\" height=\"425\" border=\"1\" \/><\/p>\n<p class=\"descricaonoticia\" style=\"text-align: center;\" align=\"justify\">&#8230;&#8230;&#8230;&#8230;.. \/\/ &#8230;&#8230;&#8230;&#8230;&#8230;<\/p>\n<p class=\"descricaonoticia\" align=\"justify\"><img loading=\"lazy\" decoding=\"async\" class=\"auto-style1 aligncenter\" src=\"https:\/\/www.fpvoleibol.pt\/noticias\/2020\/imagens\/U15f_grupo2.jpg\" width=\"480\" height=\"339\" border=\"1\" \/><\/p>\n<p class=\"auto-style2\" align=\"justify\">A\u00a0<strong>Associa\u00e7\u00e3o Zonal de Voleibol do Oeste Europeu<\/strong>\u00a0(Western European Volleyball Zonal Association), mais conhecida pela sigla WEVZA, que foi constitu\u00edda no dia 26 de Setembro de 2013, integra oito pa\u00edses \u2013 Portugal, Espanha, Alemanha, B\u00e9lgica, It\u00e1lia, Holanda, Fran\u00e7a e Su\u00ed\u00e7a \u2013 e tem actualmente como Presidente o portugu\u00eas Vicente Ara\u00fajo, Presidente da FPV, e como Vice-Presidentes o belga Willy Bruninx e o franc\u00eas Eric Tanguy, Presidente da Federa\u00e7\u00e3o Francesa.<\/p>\n<p class=\"auto-style2\" align=\"justify\">O objectivo primordial desta associa\u00e7\u00e3o zonal \u00e9 fortalecer e fomentar a organiza\u00e7\u00e3o de actividades desportivas, tanto de Voleibol como de Voleibol de Praia, com especial \u00eanfase nas categorias de forma\u00e7\u00e3o.<\/p>\n<p class=\"auto-style2\" align=\"justify\">A Confedera\u00e7\u00e3o Europeia de Voleibol (CEV) conta com seis associa\u00e7\u00f5es zonais: a WEVZA (Europa Ocidental), a BVA (Balc\u00e3s), a EEVZA (Europa de Leste), a MEVZA (Europa Central), a NEVZA (Europa do Norte) e ainda a SCD (Divis\u00e3o dos Pequenos Pa\u00edses), da qual fazem parte Andorra, Chipre, Ilhas Faro\u00e9, Gibraltar, Gronel\u00e2ndia, Isl\u00e2ndia, Irlanda, Liechtenstein, Luxemburgo, Malta, M\u00f3naco, Irlanda do Norte, San Marino, Esc\u00f3cia e Pa\u00eds de Gales.<\/p>\n<p class=\"auto-style2\" align=\"justify\">Mais informa\u00e7\u00f5es:\u00a0<a href=\"http:\/\/wevza.com\/\" target=\"_blank\" rel=\"noopener noreferrer\">www.wevza.com<\/a>\u00a0\/\u00a0\u00a0<a href=\"http:\/\/www.cev.lu\/\" target=\"_blank\" rel=\"noopener noreferrer\">www.cev.lu<\/a><\/p>\n","protected":false},"excerpt":{"rendered":"<p>Tendo em vista a prepara\u00e7\u00e3o da\u00a0Selec\u00e7\u00e3o Nacional de Sub-16 Femininos\u00a0para o\u00a0Torneio da WEVZA, a disputar em Janeiro de 2021, a equipa t\u00e9cnica liderada por\u00a0Rui Pedro Silva\u00a0ir\u00e1 realizar a observa\u00e7\u00e3o de [&hellip;]<\/p>\n","protected":false},"author":1,"featured_media":1185,"comment_status":"open","ping_status":"open","sticky":false,"template":"","format":"standard","meta":{"_monsterinsights_skip_tracking":false,"_monsterinsights_sitenote_active":false,"_monsterinsights_sitenote_note":"","_monsterinsights_sitenote_category":0,"footnotes":""},"categories":[8],"tags":[],"class_list":{"0":"post-1184","1":"post","2":"type-post","3":"status-publish","4":"format-standard","5":"has-post-thumbnail","7":"category-voleibol","8":"czr-hentry"},"aioseo_notices":[],"_links":{"self":[{"href":"https:\/\/fpvoleibol.pt\/fpv\/wp-json\/wp\/v2\/posts\/1184","targetHints":{"allow":["GET"]}}],"collection":[{"href":"https:\/\/fpvoleibol.pt\/fpv\/wp-json\/wp\/v2\/posts"}],"about":[{"href":"https:\/\/fpvoleibol.pt\/fpv\/wp-json\/wp\/v2\/types\/post"}],"author":[{"embeddable":true,"href":"https:\/\/fpvoleibol.pt\/fpv\/wp-json\/wp\/v2\/users\/1"}],"replies":[{"embeddable":true,"href":"https:\/\/fpvoleibol.pt\/fpv\/wp-json\/wp\/v2\/comments?post=1184"}],"version-history":[{"count":1,"href":"https:\/\/fpvoleibol.pt\/fpv\/wp-json\/wp\/v2\/posts\/1184\/revisions"}],"predecessor-version":[{"id":1186,"href":"https:\/\/fpvoleibol.pt\/fpv\/wp-json\/wp\/v2\/posts\/1184\/revisions\/1186"}],"wp:featuredmedia":[{"embeddable":true,"href":"https:\/\/fpvoleibol.pt\/fpv\/wp-json\/wp\/v2\/media\/1185"}],"wp:attachment":[{"href":"https:\/\/fpvoleibol.pt\/fpv\/wp-json\/wp\/v2\/media?parent=1184"}],"wp:term":[{"taxonomy":"category","embeddable":true,"href":"https:\/\/fpvoleibol.pt\/fpv\/wp-json\/wp\/v2\/categories?post=1184"},{"taxonomy":"post_tag","embeddable":true,"href":"https:\/\/fpvoleibol.pt\/fpv\/wp-json\/wp\/v2\/tags?post=1184"}],"curies":[{"name":"wp","href":"https:\/\/api.w.org\/{rel}","templated":true}]}}